{"id":6268,"date":"2020-05-02T11:45:47","date_gmt":"2020-05-02T09:45:47","guid":{"rendered":"http:\/\/agora.xtec.cat\/ielesvinyes\/?p=6268"},"modified":"2020-05-09T12:12:44","modified_gmt":"2020-05-09T10:12:44","slug":"escoltar-lesvinyesalniu","status":"publish","type":"post","link":"https:\/\/agora.xtec.cat\/ielesvinyes\/portada\/escoltar-lesvinyesalniu\/","title":{"rendered":"Escoltar: #LesVinyesalniu"},"content":{"rendered":"<p>Surt a la finestra, respira i para b\u00e9 l\u2019orella durant 2 minuts\u2026Ara enregistra el cant d\u2019un ocell!<\/p>\n<p>Aix\u00ed comen\u00e7a la proposta que els alumnes de l\u2019ESO van rebre per realitzar-la durant l\u2019\u00faltima setmana d\u2019abril, amb el resultat d\u2019alguns dels seus\u00a0 treballs hem realitzat aquesta guia d\u2019aus anomenada <a href=\"https:\/\/docs.google.com\/presentation\/d\/1AipY5YXD5TbnPQe9Ekx5H6fmPoXQtPAGKAZx-eTicRQ\/edit#slide=id.g76deb6a4fa_26_22\">#LesVinyesalniu <\/a>que aqu\u00ed us presentem. Desitgem que us agradi i que la gaudiu tant com nosaltres d\u2019haver-la realitzat.<\/p>\n<p>Amb ella hem volgut aprofitar aquestes llargues estones que de manera inusual estem passant dintre de les nostres cases per parar l\u2019atenci\u00f3 en els sons de la natura i intentar interpretar-los.<\/p>\n<p>D\u2019aquesta manera hem volgut deliberadament:<\/p>\n<ul>\n<li>Treballar la perseveran\u00e7a en la recerca d&#8217;una esp\u00e8cie d&#8217;ocell per tal d&#8217;identificar-la.<\/li>\n<li>Prendre consci\u00e8ncia de la biodiversitat que ens envolta per tal de conservar-la.<\/li>\n<li>Realitzar un treball on participi tota la comunitat educativa de Les Vinyes.<\/li>\n<\/ul>\n<p>Treballem per prendre consci\u00e8ncia de que el paisatge i la natura no s\u00f3n un decorat, s\u00f3n casa nostra.<\/p>\n<p><iframe loading=\"lazy\" src=\"https:\/\/docs.google.com\/presentation\/d\/e\/2PACX-1vQtuVPFjJudYrOLqrEl1gG1O030XjkS2xHACALgjPH675eTQcRWnGElTdPmppt0kFZwzdF_pKhi-3t0\/embed?start=false&amp;loop=false&amp;delayms=3000\" width=\"960\" height=\"569\" frameborder=\"0\"><\/iframe><\/p>\n","protected":false},"excerpt":{"rendered":"<p>Surt a la finestra, respira i para b\u00e9 l\u2019orella durant 2 minuts\u2026Ara enregistra el cant d\u2019un ocell! Aix\u00ed comen\u00e7a la proposta que els alumnes de l\u2019ESO van rebre per realitzar-la durant l\u2019\u00faltima setmana d\u2019abril, amb el resultat d\u2019alguns dels seus\u00a0 treballs hem realitzat aquesta guia d\u2019aus anomenada #LesVinyesalniu que aqu\u00ed us presentem. Desitgem que us [&hellip;]<\/p>\n","protected":false},"author":1,"featured_media":6278,"comment_status":"open","ping_status":"closed","sticky":false,"template":"","format":"standard","meta":{"_bbp_topic_count":0,"_bbp_reply_count":0,"_bbp_total_topic_count":0,"_bbp_total_reply_count":0,"_bbp_voice_count":0,"_bbp_anonymous_reply_count":0,"_bbp_topic_count_hidden":0,"_bbp_reply_count_hidden":0,"_bbp_forum_subforum_count":0,"site-sidebar-layout":"default","site-content-layout":"","ast-site-content-layout":"","site-content-style":"default","site-sidebar-style":"default","ast-global-header-display":"","ast-banner-title-visibility":"","ast-main-header-display":"","ast-hfb-above-header-display":"","ast-hfb-below-header-display":"","ast-hfb-mobile-header-display":"","site-post-title":"","ast-breadcrumbs-content":"","ast-featured-img":"","footer-sml-layout":"","theme-transparent-header-meta":"","adv-header-id-meta":"","stick-header-meta":"","header-above-stick-meta":"","header-main-stick-meta":"","header-below-stick-meta":"","astra-migrate-meta-layouts":"default","ast-page-background-enabled":"default","ast-page-background-meta":{"desktop":{"background-color":"var(--ast-global-color-4)","background-image":"","background-repeat":"repeat","background-position":"center center","background-size":"auto","background-attachment":"scroll","background-type":"","background-media":"","overlay-type":"","overlay-color":"","overlay-opacity":"","overlay-gradient":""},"tablet":{"background-color":"","background-image":"","background-repeat":"repeat","background-position":"center center","background-size":"auto","background-attachment":"scroll","background-type":"","background-media":"","overlay-type":"","overlay-color":"","overlay-opacity":"","overlay-gradient":""},"mobile":{"background-color":"","background-image":"","background-repeat":"repeat","background-position":"center center","background-size":"auto","background-attachment":"scroll","background-type":"","background-media":"","overlay-type":"","overlay-color":"","overlay-opacity":"","overlay-gradient":""}},"ast-content-background-meta":{"desktop":{"background-color":"var(--ast-global-color-5)","background-image":"","background-repeat":"repeat","background-position":"center center","background-size":"auto","background-attachment":"scroll","background-type":"","background-media":"","overlay-type":"","overlay-color":"","overlay-opacity":"","overlay-gradient":""},"tablet":{"background-color":"var(--ast-global-color-5)","background-image":"","background-repeat":"repeat","background-position":"center center","background-size":"auto","background-attachment":"scroll","background-type":"","background-media":"","overlay-type":"","overlay-color":"","overlay-opacity":"","overlay-gradient":""},"mobile":{"background-color":"var(--ast-global-color-5)","background-image":"","background-repeat":"repeat","background-position":"center center","background-size":"auto","background-attachment":"scroll","background-type":"","background-media":"","overlay-type":"","overlay-color":"","overlay-opacity":"","overlay-gradient":""}},"footnotes":""},"categories":[413,427,29,301],"tags":[],"class_list":["post-6268","post","type-post","status-publish","format-standard","has-post-thumbnail","hentry","category-2019-20","category-ciencies-tecnologia-i-matematiques","category-portada","category-secundaria"],"post_mailing_queue_ids":[],"_links":{"self":[{"href":"https:\/\/agora.xtec.cat\/ielesvinyes\/wp-json\/wp\/v2\/posts\/6268","targetHints":{"allow":["GET"]}}],"collection":[{"href":"https:\/\/agora.xtec.cat\/ielesvinyes\/wp-json\/wp\/v2\/posts"}],"about":[{"href":"https:\/\/agora.xtec.cat\/ielesvinyes\/wp-json\/wp\/v2\/types\/post"}],"author":[{"embeddable":true,"href":"https:\/\/agora.xtec.cat\/ielesvinyes\/wp-json\/wp\/v2\/users\/1"}],"replies":[{"embeddable":true,"href":"https:\/\/agora.xtec.cat\/ielesvinyes\/wp-json\/wp\/v2\/comments?post=6268"}],"version-history":[{"count":3,"href":"https:\/\/agora.xtec.cat\/ielesvinyes\/wp-json\/wp\/v2\/posts\/6268\/revisions"}],"predecessor-version":[{"id":6281,"href":"https:\/\/agora.xtec.cat\/ielesvinyes\/wp-json\/wp\/v2\/posts\/6268\/revisions\/6281"}],"wp:featuredmedia":[{"embeddable":true,"href":"https:\/\/agora.xtec.cat\/ielesvinyes\/wp-json\/wp\/v2\/media\/6278"}],"wp:attachment":[{"href":"https:\/\/agora.xtec.cat\/ielesvinyes\/wp-json\/wp\/v2\/media?parent=6268"}],"wp:term":[{"taxonomy":"category","embeddable":true,"href":"https:\/\/agora.xtec.cat\/ielesvinyes\/wp-json\/wp\/v2\/categories?post=6268"},{"taxonomy":"post_tag","embeddable":true,"href":"https:\/\/agora.xtec.cat\/ielesvinyes\/wp-json\/wp\/v2\/tags?post=6268"}],"curies":[{"name":"wp","href":"https:\/\/api.w.org\/{rel}","templated":true}]}}