{"id":6254,"date":"2020-05-09T12:05:48","date_gmt":"2020-05-09T10:05:48","guid":{"rendered":"http:\/\/agora.xtec.cat\/ielesvinyes\/?p=6254"},"modified":"2020-05-14T13:21:03","modified_gmt":"2020-05-14T11:21:03","slug":"preinscripcio-escolar-del-13-al-22-de-maig-del-2020","status":"publish","type":"post","link":"https:\/\/agora.xtec.cat\/ielesvinyes\/general\/preinscripcio-escolar-del-13-al-22-de-maig-del-2020\/","title":{"rendered":"Preinscripci\u00f3 escolar del 13 al 22 de maig del 2020"},"content":{"rendered":"<p><img loading=\"lazy\" decoding=\"async\" class=\"aligncenter size-large wp-image-6273\" src=\"https:\/\/agora.xtec.cat\/ielesvinyes\/wp-content\/uploads\/usu1433\/2020\/05\/tim-arterbury-VkwRmha1_tI-unsplash-1024x611.jpg\" alt=\"\" width=\"1024\" height=\"611\" srcset=\"https:\/\/agora.xtec.cat\/ielesvinyes\/wp-content\/uploads\/usu1433\/2020\/05\/tim-arterbury-VkwRmha1_tI-unsplash-1024x611.jpg 1024w, https:\/\/agora.xtec.cat\/ielesvinyes\/wp-content\/uploads\/usu1433\/2020\/05\/tim-arterbury-VkwRmha1_tI-unsplash-300x179.jpg 300w, https:\/\/agora.xtec.cat\/ielesvinyes\/wp-content\/uploads\/usu1433\/2020\/05\/tim-arterbury-VkwRmha1_tI-unsplash-768x459.jpg 768w\" sizes=\"auto, (max-width: 1024px) 100vw, 1024px\" \/><\/p>\n<p>Ha sortit publicada les Instruccions per les quals es modificava la Resoluci\u00f3 576\/2020 de 28 de febrer per poder iniciar el proc\u00e9s de preinscripci\u00f3 als ensenyaments de segon cicle d&#8217;educaci\u00f3 infantil, educaci\u00f3 prim\u00e0ria i educaci\u00f3 secund\u00e0ria obligat\u00f2ria.<\/p>\n<p>Tenint en compte la situaci\u00f3 complexa que com a societat estem vivint us acompanyarem en tot moment en el proc\u00e9s de preinscripci\u00f3 si teniu dubtes, tant en la part telem\u00e0tica com en la part presencial.<\/p>\n<p style=\"text-align: left;\">Per a aquelles fam\u00edlies que no vau poder assistir a les nostres portes obertes podeu consultar el <strong><a href=\"https:\/\/agora.xtec.cat\/ielesvinyes\/wp-content\/uploads\/usu1433\/2020\/05\/TR\u00cdPTIC-PORTES-OBERTES-2020.pdf\">TR\u00cdPTIC PORTES OBERTES 2020<\/a><a style=\"color: #2795b6;\" href=\"https:\/\/agora.xtec.cat\/ielesvinyes\/wp-content\/uploads\/usu1433\/2020\/05\/TR\u00cdPTIC-PORTES-OBERTES-2019.pdf\">\u00a0<\/a><\/strong><span style=\"font-family: inherit; font-size: 1em;\">del nostre centre on trobareu els nostres principis del Projecte Educatiu, exemplificacions del nostre treball diari i el funcionament de l&#8217;AFA, les activitats extraescolars i del servei de menjador.<\/span><\/p>\n<blockquote><p><span style=\"color: #800080;\"><strong>Tota la informaci\u00f3 sobre la Preinscripci\u00f3 al nostre municipi, Castellbisbal, ho trobareu en el document que hem redactat conjuntament les direccions dels centres educa<span style=\"color: #800080;\">tius. <a style=\"color: #800080;\" href=\"https:\/\/agora.xtec.cat\/ielesvinyes\/wp-content\/uploads\/usu1433\/2020\/05\/PREINSCRIPCI\u00d3-CURS-2020-2021-v02.pdf\">PREINSCRIPCI\u00d3 &#8211; CURS 2020-2021 <\/a><\/span><\/strong><\/span><\/p>\n<p style=\"text-align: center;\"><strong><span style=\"color: #800080;\">Podeu demanar dia i hora per fer la preinscripci\u00f3 presencial al centre accedint en l&#8217;enlla\u00e7 de <a style=\"color: #800080;\" href=\"https:\/\/aplicacions.gestioeducativa.gencat.cat\/pls\/apex\/f?p=CITA_PREVIA:4::::4:P4_TIPUS_CALENDARI,P4_DOMINI:01_Oblig,08067594\">CITA PR\u00c8VIA<\/a><\/span><\/strong><\/p>\n<\/blockquote>\n<p>En aquest document tamb\u00e9 trobareu totes les precaucions que cal tenir present si la preinscripci\u00f3 \u00e9s presencial. Per tal de cuidar-vos i cuidar-nos us demanem que respecteu les mesures d&#8217;higiene i seguretat que se&#8217;ns demana des del Departament d&#8217;Educaci\u00f3.<\/p>\n<p><strong><span style=\"color: #999999;\">Enlla\u00e7os i informaci\u00f3 d&#8217;inter\u00e8s<\/span><\/strong><\/p>\n<p><strong><a href=\"http:\/\/queestudiar.gencat.cat\/ca\/preinscripcio\/\">http:\/\/queestudiar.gencat.cat\/ca\/preinscripcio\/<\/a><\/strong><\/p>\n<p style=\"text-align: justify;\">Formulari de <strong><a href=\"http:\/\/ensenyament.gencat.cat\/es\/tramits\/tramits-temes\/20483_preinscripcio_escolar?moda=1\">preinscripci\u00f3 telem\u00e0tic<\/a><\/strong> (via internet)<\/p>\n<p>Desc\u00e0rrega del <strong><a href=\"http:\/\/ensenyament.gencat.cat\/web\/shared\/OVT\/Departaments\/ENS\/TramitOVT\/preinscripcio\/obligatoris\/A42.pdf\">document de preinscripci\u00f3 presencial<\/a><\/strong><\/p>\n","protected":false},"excerpt":{"rendered":"<p>Ha sortit publicada les Instruccions per les quals es modificava la Resoluci\u00f3 576\/2020 de 28 de febrer per poder iniciar el proc\u00e9s de preinscripci\u00f3 als ensenyaments de segon cicle d&#8217;educaci\u00f3 infantil, educaci\u00f3 prim\u00e0ria i educaci\u00f3 secund\u00e0ria obligat\u00f2ria. Tenint en compte la situaci\u00f3 complexa que com a societat estem vivint us acompanyarem en tot moment en [&hellip;]<\/p>\n","protected":false},"author":6,"featured_media":6273,"comment_status":"open","ping_status":"closed","sticky":false,"template":"","format":"standard","meta":{"_bbp_topic_count":0,"_bbp_reply_count":0,"_bbp_total_topic_count":0,"_bbp_total_reply_count":0,"_bbp_voice_count":0,"_bbp_anonymous_reply_count":0,"_bbp_topic_count_hidden":0,"_bbp_reply_count_hidden":0,"_bbp_forum_subforum_count":0,"site-sidebar-layout":"default","site-content-layout":"","ast-site-content-layout":"","site-content-style":"default","site-sidebar-style":"default","ast-global-header-display":"","ast-banner-title-visibility":"","ast-main-header-display":"","ast-hfb-above-header-display":"","ast-hfb-below-header-display":"","ast-hfb-mobile-header-display":"","site-post-title":"","ast-breadcrumbs-content":"","ast-featured-img":"","footer-sml-layout":"","theme-transparent-header-meta":"","adv-header-id-meta":"","stick-header-meta":"","header-above-stick-meta":"","header-main-stick-meta":"","header-below-stick-meta":"","astra-migrate-meta-layouts":"default","ast-page-background-enabled":"default","ast-page-background-meta":{"desktop":{"background-color":"var(--ast-global-color-4)","background-image":"","background-repeat":"repeat","background-position":"center center","background-size":"auto","background-attachment":"scroll","background-type":"","background-media":"","overlay-type":"","overlay-color":"","overlay-opacity":"","overlay-gradient":""},"tablet":{"background-color":"","background-image":"","background-repeat":"repeat","background-position":"center center","background-size":"auto","background-attachment":"scroll","background-type":"","background-media":"","overlay-type":"","overlay-color":"","overlay-opacity":"","overlay-gradient":""},"mobile":{"background-color":"","background-image":"","background-repeat":"repeat","background-position":"center center","background-size":"auto","background-attachment":"scroll","background-type":"","background-media":"","overlay-type":"","overlay-color":"","overlay-opacity":"","overlay-gradient":""}},"ast-content-background-meta":{"desktop":{"background-color":"var(--ast-global-color-5)","background-image":"","background-repeat":"repeat","background-position":"center center","background-size":"auto","background-attachment":"scroll","background-type":"","background-media":"","overlay-type":"","overlay-color":"","overlay-opacity":"","overlay-gradient":""},"tablet":{"background-color":"var(--ast-global-color-5)","background-image":"","background-repeat":"repeat","background-position":"center center","background-size":"auto","background-attachment":"scroll","background-type":"","background-media":"","overlay-type":"","overlay-color":"","overlay-opacity":"","overlay-gradient":""},"mobile":{"background-color":"var(--ast-global-color-5)","background-image":"","background-repeat":"repeat","background-position":"center center","background-size":"auto","background-attachment":"scroll","background-type":"","background-media":"","overlay-type":"","overlay-color":"","overlay-opacity":"","overlay-gradient":""}},"footnotes":""},"categories":[413,1,100,29,473,301],"tags":[],"class_list":["post-6254","post","type-post","status-publish","format-standard","has-post-thumbnail","hentry","category-2019-20","category-general","category-infipri","category-portada","category-preinscripcio-matricula","category-secundaria"],"post_mailing_queue_ids":[],"_links":{"self":[{"href":"https:\/\/agora.xtec.cat\/ielesvinyes\/wp-json\/wp\/v2\/posts\/6254","targetHints":{"allow":["GET"]}}],"collection":[{"href":"https:\/\/agora.xtec.cat\/ielesvinyes\/wp-json\/wp\/v2\/posts"}],"about":[{"href":"https:\/\/agora.xtec.cat\/ielesvinyes\/wp-json\/wp\/v2\/types\/post"}],"author":[{"embeddable":true,"href":"https:\/\/agora.xtec.cat\/ielesvinyes\/wp-json\/wp\/v2\/users\/6"}],"replies":[{"embeddable":true,"href":"https:\/\/agora.xtec.cat\/ielesvinyes\/wp-json\/wp\/v2\/comments?post=6254"}],"version-history":[{"count":3,"href":"https:\/\/agora.xtec.cat\/ielesvinyes\/wp-json\/wp\/v2\/posts\/6254\/revisions"}],"predecessor-version":[{"id":6296,"href":"https:\/\/agora.xtec.cat\/ielesvinyes\/wp-json\/wp\/v2\/posts\/6254\/revisions\/6296"}],"wp:featuredmedia":[{"embeddable":true,"href":"https:\/\/agora.xtec.cat\/ielesvinyes\/wp-json\/wp\/v2\/media\/6273"}],"wp:attachment":[{"href":"https:\/\/agora.xtec.cat\/ielesvinyes\/wp-json\/wp\/v2\/media?parent=6254"}],"wp:term":[{"taxonomy":"category","embeddable":true,"href":"https:\/\/agora.xtec.cat\/ielesvinyes\/wp-json\/wp\/v2\/categories?post=6254"},{"taxonomy":"post_tag","embeddable":true,"href":"https:\/\/agora.xtec.cat\/ielesvinyes\/wp-json\/wp\/v2\/tags?post=6254"}],"curies":[{"name":"wp","href":"https:\/\/api.w.org\/{rel}","templated":true}]}}