{"id":6244,"date":"2020-05-01T12:00:51","date_gmt":"2020-05-01T10:00:51","guid":{"rendered":"http:\/\/agora.xtec.cat\/ielesvinyes\/?p=6244"},"modified":"2022-09-28T07:03:28","modified_gmt":"2022-09-28T05:03:28","slug":"les-vinyes-collabora-en-un-capitol-del-programa-no-pot-ser-de-tv3","status":"publish","type":"post","link":"https:\/\/agora.xtec.cat\/ielesvinyes\/portada\/les-vinyes-collabora-en-un-capitol-del-programa-no-pot-ser-de-tv3\/","title":{"rendered":"Les Vinyes col\u00b7labora en un cap\u00edtol del programa No pot ser! de TV3"},"content":{"rendered":"<p><img loading=\"lazy\" decoding=\"async\" class=\"aligncenter size-large wp-image-6245\" src=\"https:\/\/agora.xtec.cat\/ielesvinyes\/wp-content\/uploads\/usu1433\/2020\/04\/M_esteu-dient-1024x576.jpg\" alt=\"\" width=\"1024\" height=\"576\" srcset=\"https:\/\/agora.xtec.cat\/ielesvinyes\/wp-content\/uploads\/usu1433\/2020\/04\/M_esteu-dient-1024x576.jpg 1024w, https:\/\/agora.xtec.cat\/ielesvinyes\/wp-content\/uploads\/usu1433\/2020\/04\/M_esteu-dient-300x169.jpg 300w, https:\/\/agora.xtec.cat\/ielesvinyes\/wp-content\/uploads\/usu1433\/2020\/04\/M_esteu-dient-768x432.jpg 768w, https:\/\/agora.xtec.cat\/ielesvinyes\/wp-content\/uploads\/usu1433\/2020\/04\/M_esteu-dient.jpg 1280w\" sizes=\"auto, (max-width: 1024px) 100vw, 1024px\" \/><\/p>\n<p>Aquest <strong>diumenge 3 de maig, a les 22.15 hores<\/strong>, <strong>TV3<\/strong> emetr\u00e0 un cap\u00edtol del programa <strong>No pot ser!<\/strong>, presentat per <strong>Jordi Bast\u00e9<\/strong>, en el qual ha col\u00b7laborat l&#8217;IE Les Vinyes.<\/p>\n<p>El cap\u00edtol, que porta per t\u00edtol <strong>Sexe digital<\/strong>, vol obrir un debat sobre el consum de contingut per a adults dels nois i noies, i les conseq\u00fc\u00e8ncies que aix\u00f2 pot tenir en la seva concepci\u00f3 de la sexualitat i l&#8217;afectivitat. En aquest sentit, Les Vinyes va voler ser-hi perqu\u00e8 \u00e9s encara un tema sobre el qual ens costa a tots i totes parlar obertament, \u00e9s, de fet, un <strong>elefant a la sala<\/strong> que tothom fa veure que no hi \u00e9s.<\/p>\n<p>Els estudis afirmen que el primer acc\u00e9s a la pornografia dels joves \u00e9s abans dels 10 anys. <strong>Quin impacte t\u00e9 aix\u00f2 en el seu desenvolupament?<\/strong> Quin \u00e9s el risc de normalitzar pr\u00e0ctiques i rols fora de la seva comprensi\u00f3? Fins a quin grau incideix en el dram\u00e0tic increment d\u2019agressions sexuals que patim?<\/p>\n<p>El programa, doncs, vol identificar les conseq\u00fc\u00e8ncies i els riscos d&#8217;aquesta realitat encetant un debat sense complexes amb <strong>nois i noies de 3r i 4t d&#8217;ESO<\/strong> de Les Vinyes, amb la directora de la <a href=\"https:\/\/www.sexacademybarcelona.com\/\">Sex Academy<\/a>, <strong>Laila Pilgren<\/strong>, i amb un grup de mares i pares d\u2019adolescents.<\/p>\n<p>Com a avan\u00e7ament, podreu trobar alguns fragments del programa al <a href=\"https:\/\/www.youtube.com\/playlist?list=PLLh-Vmk5XQ2w2emB4q9SKCGa_WMuHWdR4\" target=\"_blank\" rel=\"noopener noreferrer\">compte de YouTube de Les Vinyes<\/a> i us convidem a encetar el debat a les xarxes citant el programa <a href=\"https:\/\/twitter.com\/nopotserTV3\">@nopotserTV3<\/a> i el nostre centre @ielesvinyes.<\/p>\n<p>Volem agrair a <strong>No pot ser!<\/strong>\u00a0l&#8217;oportunitat d&#8217;abordar aquesta q\u00fcesti\u00f3, i sobretot, als nois i noies i a les fam\u00edlies, per la valentia i la confian\u00e7a.<\/p>\n<div id='gallery-1' class='gallery galleryid-6244 gallery-columns-3 gallery-size-medium'><figure class='gallery-item'>\n\t\t\t<div class='gallery-icon landscape'>\n\t\t\t\t<a href='https:\/\/agora.xtec.cat\/ielesvinyes\/portada\/les-vinyes-collabora-en-un-capitol-del-programa-no-pot-ser-de-tv3\/attachment\/educacio%e2%95%a0us-exual\/'><img loading=\"lazy\" decoding=\"async\" width=\"300\" height=\"169\" src=\"https:\/\/agora.xtec.cat\/ielesvinyes\/wp-content\/uploads\/usu1433\/2020\/04\/Educacio\u2560\u00fcs-exual-300x169.jpg\" class=\"attachment-medium size-medium\" alt=\"\" srcset=\"https:\/\/agora.xtec.cat\/ielesvinyes\/wp-content\/uploads\/usu1433\/2020\/04\/Educacio\u2560\u00fcs-exual-300x169.jpg 300w, https:\/\/agora.xtec.cat\/ielesvinyes\/wp-content\/uploads\/usu1433\/2020\/04\/Educacio\u2560\u00fcs-exual-768x432.jpg 768w, https:\/\/agora.xtec.cat\/ielesvinyes\/wp-content\/uploads\/usu1433\/2020\/04\/Educacio\u2560\u00fcs-exual-1024x576.jpg 1024w, https:\/\/agora.xtec.cat\/ielesvinyes\/wp-content\/uploads\/usu1433\/2020\/04\/Educacio\u2560\u00fcs-exual.jpg 1280w\" sizes=\"auto, (max-width: 300px) 100vw, 300px\" \/><\/a>\n\t\t\t<\/div><\/figure><figure class='gallery-item'>\n\t\t\t<div class='gallery-icon landscape'>\n\t\t\t\t<a href='https:\/\/agora.xtec.cat\/ielesvinyes\/portada\/les-vinyes-collabora-en-un-capitol-del-programa-no-pot-ser-de-tv3\/attachment\/laughing\/'><img loading=\"lazy\" decoding=\"async\" width=\"300\" height=\"169\" src=\"https:\/\/agora.xtec.cat\/ielesvinyes\/wp-content\/uploads\/usu1433\/2020\/04\/Laughing-300x169.jpg\" class=\"attachment-medium size-medium\" alt=\"\" srcset=\"https:\/\/agora.xtec.cat\/ielesvinyes\/wp-content\/uploads\/usu1433\/2020\/04\/Laughing-300x169.jpg 300w, https:\/\/agora.xtec.cat\/ielesvinyes\/wp-content\/uploads\/usu1433\/2020\/04\/Laughing-768x432.jpg 768w, https:\/\/agora.xtec.cat\/ielesvinyes\/wp-content\/uploads\/usu1433\/2020\/04\/Laughing-1024x576.jpg 1024w, https:\/\/agora.xtec.cat\/ielesvinyes\/wp-content\/uploads\/usu1433\/2020\/04\/Laughing.jpg 1280w\" sizes=\"auto, (max-width: 300px) 100vw, 300px\" \/><\/a>\n\t\t\t<\/div><\/figure><figure class='gallery-item'>\n\t\t\t<div class='gallery-icon landscape'>\n\t\t\t\t<a href='https:\/\/agora.xtec.cat\/ielesvinyes\/portada\/les-vinyes-collabora-en-un-capitol-del-programa-no-pot-ser-de-tv3\/attachment\/m_esteu-dient-2\/'><img loading=\"lazy\" decoding=\"async\" width=\"300\" height=\"169\" src=\"https:\/\/agora.xtec.cat\/ielesvinyes\/wp-content\/uploads\/usu1433\/2020\/04\/M_esteu-dient-1-300x169.jpg\" class=\"attachment-medium size-medium\" alt=\"\" srcset=\"https:\/\/agora.xtec.cat\/ielesvinyes\/wp-content\/uploads\/usu1433\/2020\/04\/M_esteu-dient-1-300x169.jpg 300w, https:\/\/agora.xtec.cat\/ielesvinyes\/wp-content\/uploads\/usu1433\/2020\/04\/M_esteu-dient-1-768x432.jpg 768w, https:\/\/agora.xtec.cat\/ielesvinyes\/wp-content\/uploads\/usu1433\/2020\/04\/M_esteu-dient-1-1024x576.jpg 1024w, https:\/\/agora.xtec.cat\/ielesvinyes\/wp-content\/uploads\/usu1433\/2020\/04\/M_esteu-dient-1.jpg 1280w\" sizes=\"auto, (max-width: 300px) 100vw, 300px\" \/><\/a>\n\t\t\t<\/div><\/figure><figure class='gallery-item'>\n\t\t\t<div class='gallery-icon landscape'>\n\t\t\t\t<a href='https:\/\/agora.xtec.cat\/ielesvinyes\/portada\/les-vinyes-collabora-en-un-capitol-del-programa-no-pot-ser-de-tv3\/attachment\/reflexio%e2%95%a0u\/'><img loading=\"lazy\" decoding=\"async\" width=\"300\" height=\"169\" src=\"https:\/\/agora.xtec.cat\/ielesvinyes\/wp-content\/uploads\/usu1433\/2020\/04\/Reflexio\u2560\u00fc-300x169.jpg\" class=\"attachment-medium size-medium\" alt=\"\" srcset=\"https:\/\/agora.xtec.cat\/ielesvinyes\/wp-content\/uploads\/usu1433\/2020\/04\/Reflexio\u2560\u00fc-300x169.jpg 300w, https:\/\/agora.xtec.cat\/ielesvinyes\/wp-content\/uploads\/usu1433\/2020\/04\/Reflexio\u2560\u00fc-768x432.jpg 768w, https:\/\/agora.xtec.cat\/ielesvinyes\/wp-content\/uploads\/usu1433\/2020\/04\/Reflexio\u2560\u00fc-1024x576.jpg 1024w, https:\/\/agora.xtec.cat\/ielesvinyes\/wp-content\/uploads\/usu1433\/2020\/04\/Reflexio\u2560\u00fc.jpg 1280w\" sizes=\"auto, (max-width: 300px) 100vw, 300px\" \/><\/a>\n\t\t\t<\/div><\/figure><figure class='gallery-item'>\n\t\t\t<div class='gallery-icon landscape'>\n\t\t\t\t<a href='https:\/\/agora.xtec.cat\/ielesvinyes\/portada\/les-vinyes-collabora-en-un-capitol-del-programa-no-pot-ser-de-tv3\/attachment\/tots-parlemn\/'><img loading=\"lazy\" decoding=\"async\" width=\"300\" height=\"169\" src=\"https:\/\/agora.xtec.cat\/ielesvinyes\/wp-content\/uploads\/usu1433\/2020\/04\/Tots-parlemn-300x169.jpg\" class=\"attachment-medium size-medium\" alt=\"\" srcset=\"https:\/\/agora.xtec.cat\/ielesvinyes\/wp-content\/uploads\/usu1433\/2020\/04\/Tots-parlemn-300x169.jpg 300w, https:\/\/agora.xtec.cat\/ielesvinyes\/wp-content\/uploads\/usu1433\/2020\/04\/Tots-parlemn-768x432.jpg 768w, https:\/\/agora.xtec.cat\/ielesvinyes\/wp-content\/uploads\/usu1433\/2020\/04\/Tots-parlemn-1024x576.jpg 1024w, https:\/\/agora.xtec.cat\/ielesvinyes\/wp-content\/uploads\/usu1433\/2020\/04\/Tots-parlemn.jpg 1280w\" sizes=\"auto, (max-width: 300px) 100vw, 300px\" \/><\/a>\n\t\t\t<\/div><\/figure><figure class='gallery-item'>\n\t\t\t<div class='gallery-icon landscape'>\n\t\t\t\t<a href='https:\/\/agora.xtec.cat\/ielesvinyes\/portada\/les-vinyes-collabora-en-un-capitol-del-programa-no-pot-ser-de-tv3\/attachment\/you\/'><img loading=\"lazy\" decoding=\"async\" width=\"300\" height=\"169\" src=\"https:\/\/agora.xtec.cat\/ielesvinyes\/wp-content\/uploads\/usu1433\/2020\/04\/you-300x169.jpg\" class=\"attachment-medium size-medium\" alt=\"\" srcset=\"https:\/\/agora.xtec.cat\/ielesvinyes\/wp-content\/uploads\/usu1433\/2020\/04\/you-300x169.jpg 300w, https:\/\/agora.xtec.cat\/ielesvinyes\/wp-content\/uploads\/usu1433\/2020\/04\/you-768x432.jpg 768w, https:\/\/agora.xtec.cat\/ielesvinyes\/wp-content\/uploads\/usu1433\/2020\/04\/you-1024x576.jpg 1024w, https:\/\/agora.xtec.cat\/ielesvinyes\/wp-content\/uploads\/usu1433\/2020\/04\/you.jpg 1280w\" sizes=\"auto, (max-width: 300px) 100vw, 300px\" \/><\/a>\n\t\t\t<\/div><\/figure>\n\t\t<\/div>\n\n","protected":false},"excerpt":{"rendered":"<p>Aquest diumenge 3 de maig, a les 22.15 hores, TV3 emetr\u00e0 un cap\u00edtol del programa No pot ser!, presentat per Jordi Bast\u00e9, en el qual ha col\u00b7laborat l&#8217;IE Les Vinyes. El cap\u00edtol, que porta per t\u00edtol Sexe digital, vol obrir un debat sobre el consum de contingut per a adults dels nois i noies, i [&hellip;]<\/p>\n","protected":false},"author":6,"featured_media":6249,"comment_status":"open","ping_status":"closed","sticky":false,"template":"","format":"standard","meta":{"_bbp_topic_count":0,"_bbp_reply_count":0,"_bbp_total_topic_count":0,"_bbp_total_reply_count":0,"_bbp_voice_count":0,"_bbp_anonymous_reply_count":0,"_bbp_topic_count_hidden":0,"_bbp_reply_count_hidden":0,"_bbp_forum_subforum_count":0,"site-sidebar-layout":"default","site-content-layout":"","ast-site-content-layout":"","site-content-style":"default","site-sidebar-style":"default","ast-global-header-display":"","ast-banner-title-visibility":"","ast-main-header-display":"","ast-hfb-above-header-display":"","ast-hfb-below-header-display":"","ast-hfb-mobile-header-display":"","site-post-title":"","ast-breadcrumbs-content":"","ast-featured-img":"","footer-sml-layout":"","theme-transparent-header-meta":"","adv-header-id-meta":"","stick-header-meta":"","header-above-stick-meta":"","header-main-stick-meta":"","header-below-stick-meta":"","astra-migrate-meta-layouts":"default","ast-page-background-enabled":"default","ast-page-background-meta":{"desktop":{"background-color":"var(--ast-global-color-4)","background-image":"","background-repeat":"repeat","background-position":"center center","background-size":"auto","background-attachment":"scroll","background-type":"","background-media":"","overlay-type":"","overlay-color":"","overlay-opacity":"","overlay-gradient":""},"tablet":{"background-color":"","background-image":"","background-repeat":"repeat","background-position":"center center","background-size":"auto","background-attachment":"scroll","background-type":"","background-media":"","overlay-type":"","overlay-color":"","overlay-opacity":"","overlay-gradient":""},"mobile":{"background-color":"","background-image":"","background-repeat":"repeat","background-position":"center center","background-size":"auto","background-attachment":"scroll","background-type":"","background-media":"","overlay-type":"","overlay-color":"","overlay-opacity":"","overlay-gradient":""}},"ast-content-background-meta":{"desktop":{"background-color":"var(--ast-global-color-5)","background-image":"","background-repeat":"repeat","background-position":"center center","background-size":"auto","background-attachment":"scroll","background-type":"","background-media":"","overlay-type":"","overlay-color":"","overlay-opacity":"","overlay-gradient":""},"tablet":{"background-color":"var(--ast-global-color-5)","background-image":"","background-repeat":"repeat","background-position":"center center","background-size":"auto","background-attachment":"scroll","background-type":"","background-media":"","overlay-type":"","overlay-color":"","overlay-opacity":"","overlay-gradient":""},"mobile":{"background-color":"var(--ast-global-color-5)","background-image":"","background-repeat":"repeat","background-position":"center center","background-size":"auto","background-attachment":"scroll","background-type":"","background-media":"","overlay-type":"","overlay-color":"","overlay-opacity":"","overlay-gradient":""}},"footnotes":""},"categories":[413,29,373,301],"tags":[512,267,275],"class_list":["post-6244","post","type-post","status-publish","format-standard","has-post-thumbnail","hentry","category-2019-20","category-portada","category-premis","category-secundaria","tag-nopotser","tag-sexualitat","tag-tv3"],"post_mailing_queue_ids":[],"_links":{"self":[{"href":"https:\/\/agora.xtec.cat\/ielesvinyes\/wp-json\/wp\/v2\/posts\/6244","targetHints":{"allow":["GET"]}}],"collection":[{"href":"https:\/\/agora.xtec.cat\/ielesvinyes\/wp-json\/wp\/v2\/posts"}],"about":[{"href":"https:\/\/agora.xtec.cat\/ielesvinyes\/wp-json\/wp\/v2\/types\/post"}],"author":[{"embeddable":true,"href":"https:\/\/agora.xtec.cat\/ielesvinyes\/wp-json\/wp\/v2\/users\/6"}],"replies":[{"embeddable":true,"href":"https:\/\/agora.xtec.cat\/ielesvinyes\/wp-json\/wp\/v2\/comments?post=6244"}],"version-history":[{"count":2,"href":"https:\/\/agora.xtec.cat\/ielesvinyes\/wp-json\/wp\/v2\/posts\/6244\/revisions"}],"predecessor-version":[{"id":6253,"href":"https:\/\/agora.xtec.cat\/ielesvinyes\/wp-json\/wp\/v2\/posts\/6244\/revisions\/6253"}],"wp:featuredmedia":[{"embeddable":true,"href":"https:\/\/agora.xtec.cat\/ielesvinyes\/wp-json\/wp\/v2\/media\/6249"}],"wp:attachment":[{"href":"https:\/\/agora.xtec.cat\/ielesvinyes\/wp-json\/wp\/v2\/media?parent=6244"}],"wp:term":[{"taxonomy":"category","embeddable":true,"href":"https:\/\/agora.xtec.cat\/ielesvinyes\/wp-json\/wp\/v2\/categories?post=6244"},{"taxonomy":"post_tag","embeddable":true,"href":"https:\/\/agora.xtec.cat\/ielesvinyes\/wp-json\/wp\/v2\/tags?post=6244"}],"curies":[{"name":"wp","href":"https:\/\/api.w.org\/{rel}","templated":true}]}}