{"id":608,"date":"2012-10-11T16:33:24","date_gmt":"2012-10-11T15:33:24","guid":{"rendered":"http:\/\/ielesvinyes.net\/?p=608"},"modified":"2012-10-11T16:33:24","modified_gmt":"2012-10-11T15:33:24","slug":"les-vinyes-a-el-divendres-de-tv3","status":"publish","type":"post","link":"https:\/\/agora.xtec.cat\/ielesvinyes\/general\/les-vinyes-a-el-divendres-de-tv3\/","title":{"rendered":"Les Vinyes a &quot;El divendres&quot; de TV3"},"content":{"rendered":"<p><a href=\"http:\/\/agora.xtec.cat\/ielesvinyes\/wp-content\/uploads\/usu1433\/2012\/10\/tv3plat\u00f3.jpg\"><img loading=\"lazy\" decoding=\"async\" class=\"alignleft size-medium wp-image-616\" title=\"tv3plat\u00f3\" src=\"http:\/\/agora.xtec.cat\/ielesvinyes\/wp-content\/uploads\/usu1433\/2012\/10\/tv3plat\u00f3-300x246.jpg\" alt=\"\" width=\"300\" height=\"246\" \/><\/a>Dilluns dia 8 d&#8217;octubre, vam anar de visita a TV3, al mat\u00ed ens van ensenyar les instal\u00b7lacions: els estudis de gravaci\u00f3, de so, el plat\u00f3 d&#8217;informatius i d&#8217;altres que di\u00e0riament veiem en els nostres programes favorits; vam veure per davant i per darrere aquest m\u00f3n de ficci\u00f3 que per una banda ens enganya i a la vegada ens ensenya moltes coses di\u00e0riament. L&#8217; important \u00e9s aprendre a mirar i a veure. \u00c9s realment una petita -no tan petita- f\u00e0brica de ficci\u00f3 que parla sovint de la realitat a trav\u00e9s de mil ulls, gr\u00e0cies a la seva diversitat.<br \/>\nEls nostres alumnes van fer el seguiment de la visita amb un\u00a0v\u00eddeo\u00a0que els va permetre guardar les imatges de tot el que veien; i van passejar fent-se els entesos de tot el que veien i segons deien coneixien.<\/p>\n<p>A la tarda vam fer de p\u00fablic del programa &#8220;<a href=\"http:\/\/www.tv3.cat\/divendres\" target=\"_blank\">Divendres<\/a>&#8220;, un magazine amb entrevistes, reportatges i actuacions que va ser distret, una mica llarg pel que fa la mobilitat del nostres pre-adolescents, per\u00f2 molt interessant per veure \u201cen directe\u201d com funciona un programa d&#8217;aquests tipus i com funciona, en general, la televisi\u00f3.<\/p>\n<p>Durant el programa ens van deixar un espai per poder fer un parell d\u2019entrevistes: una d\u2019elles a <a href=\"http:\/\/andreamotis.blogspot.fr\/\" target=\"_blank\">l\u2019Andrea Motis<\/a>, una cantant jove amb molt de futur que us convidem a llegir en l&#8217;entrevista que li van fer unes alumnes. Les nostres reporteres amb molta dilig\u00e8ncia, com si ho haguessin fet tota la vida, van aprofitar uns minuts breus \u201centre bambalines\u201d i van fer una bona entrevista que us mostrem a continuaci\u00f3.<\/p>\n<h2 style=\"text-align: center;\"><span style=\"color: #0000ff;\">LA GRAN VEU D\u2019ANDREA MOTIS<\/span><\/h2>\n<p><em>\u201cVaig n\u00e9ixer a Barcelona l&#8217;any 1995 i des de ben petita ja vaig comen\u00e7ar a fer m\u00fasica a l&#8217;Escola Municipal de M\u00fasica de Sant Andreu. El meu primer instrument va ser la trompeta. Al 2007 vaig entrar a formar part dels inicis d&#8217;una banda de jazz que m\u00e9s tard es va transformar en la ja coneguda Sant Andreu Jazz Band. Amb aquesta <\/em>big band<em> hem fet m\u00e9s de 50 concerts i ja tenim 2 discos.<br \/>\n<\/em><em>L&#8217;any 2010 el nostre director de la big band, Joan Chamorro, em va presentar com a cantant solista amb el disc &#8220;Joan Chamorro presenta Andrea Motis&#8221; i des d&#8217;aleshores estic participant a molts esdeveniments musicals arreu de Catalunya.<br \/>\n<\/em><em>Gr\u00e0cies a tots per fer-me gaudir tant d&#8217;aquest m\u00f3n tant fant\u00e0stic del Jazz.\u201d \u00a0 \u00a0 \u00a0 \u00a0 \u00a0<\/em><\/p>\n<p><span style=\"color: #3366ff;\"><a href=\"http:\/\/agora.xtec.cat\/ielesvinyes\/wp-content\/uploads\/usu1433\/2012\/10\/entrevista_-andrea-Motis.jpg\"><img loading=\"lazy\" decoding=\"async\" class=\"alignleft size-full wp-image-609\" title=\"entrevista_ andrea Motis\" src=\"http:\/\/agora.xtec.cat\/ielesvinyes\/wp-content\/uploads\/usu1433\/2012\/10\/entrevista_-andrea-Motis.jpg\" alt=\"\" width=\"260\" height=\"148\" \/><\/a>Bona Tarda Andrea, felicitats pel teu treball\u2026\u2026 en primer lloc volem preguntar-te a quina edat vas comen\u00e7ar a cantar?<\/span><\/p>\n<p><em>Doncs vaig comen\u00e7ar als set anys a fer m\u00fasica. Per\u00f2 a cantar vaig comen\u00e7ar als tretze.<\/em><\/p>\n<p><span style=\"color: #3366ff;\">Qu\u00e8 trobes m\u00e9s dif\u00edcil&#8230; tocar un instrument o cantar?<\/span><\/p>\n<p><em>Per mi\u00a0 potser tocar un instrument. Perqu\u00e8 amb\u00a0 la veu nom\u00e9s sabent-te les melodies ja en tens prou, i en canvi en un instrument has de canviar la t\u00e8cnica<\/em><\/p>\n<p><span style=\"color: #3366ff;\">Es dif\u00edcil combinar la vida de l\u2019artista i la de la persona normal?<a href=\"http:\/\/agora.xtec.cat\/ielesvinyes\/wp-content\/uploads\/usu1433\/2012\/10\/joan.jpg\"><img loading=\"lazy\" decoding=\"async\" class=\"alignright size-full wp-image-610\" title=\"joan\" src=\"http:\/\/agora.xtec.cat\/ielesvinyes\/wp-content\/uploads\/usu1433\/2012\/10\/joan.jpg\" alt=\"\" width=\"131\" height=\"229\" \/><\/a><\/span><\/p>\n<p><em><strong>Joan Chamorro:<\/strong> L\u2019Andrea \u00e9s una persona normal com vosaltres, que canta i t\u00e9 \u00e8xit en la seva vida i fa molt b\u00e9 la seva feina, \u00e9s normal\u00edssima.<\/em><\/p>\n<p><em><strong>Andrea Motis:<\/strong> Aix\u00f2 \u00e9s cert, per\u00f2 el que es refereixen elles \u00e9s a sortir, anar al cine, veure pel\u00b7l\u00edcules&#8230;.<\/em><\/p>\n<p><span style=\"color: #3366ff;\">I respecte a questes dues coses de la vida: \u00a0quines difer\u00e8ncies remarcaries?<\/span><\/p>\n<p><em>Home jo, en el meu cas que faig m\u00fasica i estic\u00a0 fent cole, doncs intentaria dedicar tot el temps possible a les dues coses. Vull dir que \u00e9s com qui t\u00e9 una extraescolar, com pot ser un esport\u00a0 en el que s\u2019ha de treballar for\u00e7a i se li ha de dedicar temps.<\/em><\/p>\n<p><span style=\"color: #3366ff;\">Qu\u00e8 sents quant\u00a0 cantes?<\/span><em><\/em><\/p>\n<p><em>(Es posa a riure) Doncs tot dep\u00e8n de la can\u00e7\u00f3 i de moltes coses, per\u00f2 quan em poso a cantar em deixo guiar per la m\u00fasica i intento deixar la ment en blanc, per centrar-me amb cor i \u00e0nima amb la m\u00fasica. \u00c9s una sensaci\u00f3 inexplicable (Torna a riure)<\/em> .<em><\/em><\/p>\n<p><span style=\"color: #3366ff;\">Quin repte tens marcat en la teva carrera musical?<\/span><em><\/em><\/p>\n<p><em>De moment des \u00a0que estem en el grup amb el Joan, m\u00e9s que reptes hem anat veient all\u00f2 que ens agrada, els temes que toquem, amb qui els toquem, com i quan. I anem fent sobre la marxa el que ens agrada i totes les coses maques que van passant, i per aquest motiu estem molt contents.<\/em><\/p>\n<p><span style=\"color: #3366ff;\">Et sens privilegiada per tenir la veu que tens?<\/span><\/p>\n<p><em>La veritat \u00e9s que em sento contenta de que la meva veu agradi al p\u00fablic i de poder expressar-la en els escenaris i tot aix\u00f2&#8230;<\/em><\/p>\n<p><span style=\"color: #3366ff;\">T\u2019han ajudat per arribar on has arribat?<\/span><\/p>\n<p><em>El Joan \u00e9s el que m\u2019est\u00e0 ajudant i m\u2019ha ajudat des de sempre, \u00e9s qui m\u2019ha ensenyat, qui m\u2019ha aportat tot el que he fet fins ara i est\u00e0 amb mi sempre.<\/em><\/p>\n<p><span style=\"color: #3366ff;\">Qu\u00e8 li diries a un noi o noia\u00a0 que vulgui ser cantant i\/o m\u00fasic?<\/span><\/p>\n<p><em>Doncs jo li diria&#8230;&#8230; de fet, \u00e9s com tot: si t\u00e9 ganes de cantar que segueixi endavant, que busqui alg\u00fa que estigui al seu costat per ensenyar-li, i que tri\u00ef \u00a0un instrument per tocar o cantar, i que assagi\u00a0 tot el que pugui i vulgui.<\/em><\/p>\n<p><span style=\"color: #3366ff;\">Quina can\u00e7\u00f3 t\u2019agrada m\u00e9s de les que has cantat fins ara?<\/span><\/p>\n<p><em>A mesura que vaig aprenent can\u00e7ons, al principi m\u2019agraden les m\u00e9s recents, despr\u00e9s de vegades no tinc ganes de cantar-les, per\u00f2 n\u2019aprenc de noves i les vaig combinant molt. Per\u00f2 sempre hi ha algun tema que m\u2019agrada molt, com els \u201cFlanders Suny Suy\u2019s\u00a0 of the Street\u201d, o la \u201cMayor Birtdhay\u201d, \u00a0per exemple.<\/em><\/p>\n<p><span style=\"color: #3366ff;\">T\u2019agrada algun cantant en concret?<\/span><\/p>\n<p><em>Mmm&#8230; s\u00ed, s\u00ed, s\u00ed\u00a0 hi ha molts cantants que m\u2019agraden molt.<\/em><\/p>\n<p><span style=\"color: #3366ff;\">Ens en podries dir un?<\/span><\/p>\n<p><em>Doncs&#8230; Per exemple la Nora Jones, \u00a0seria molt xulo cantar amb ella.<\/em><\/p>\n<p><span style=\"color: #3366ff;\">Moltes gr\u00e0cies per l\u2019entrevista Andrea, fins la propera!<\/span><\/p>\n<p><a href=\"http:\/\/agora.xtec.cat\/ielesvinyes\/wp-content\/uploads\/usu1433\/2012\/10\/Vica-i-Laia-al-palt\u00f3.jpg\"><img loading=\"lazy\" decoding=\"async\" class=\"alignleft size-full wp-image-611\" title=\"Vica i Laia al plat\u00f3 de tv3\" src=\"http:\/\/agora.xtec.cat\/ielesvinyes\/wp-content\/uploads\/usu1433\/2012\/10\/Vica-i-Laia-al-palt\u00f3.jpg\" alt=\"\" width=\"322\" height=\"183\" srcset=\"https:\/\/agora.xtec.cat\/ielesvinyes\/wp-content\/uploads\/usu1433\/2012\/10\/Vica-i-Laia-al-palt\u00f3.jpg 322w, https:\/\/agora.xtec.cat\/ielesvinyes\/wp-content\/uploads\/usu1433\/2012\/10\/Vica-i-Laia-al-palt\u00f3-300x170.jpg 300w\" sizes=\"auto, (max-width: 322px) 100vw, 322px\" \/><\/a>Laia Tom\u00e0s i Vica Guirao, al Plat\u00f3 de TVE3 del Programa &#8220;Divendres&#8221;<\/p>\n<p>Agra\u00efm l&#8217;amabilitat de totes les persones de TV3 que ens van atendre tan b\u00e9 en aquesta visita i que ens van ensenyar moltes coses noves.<\/p>\n","protected":false},"excerpt":{"rendered":"<p>Dilluns dia 8 d&#8217;octubre, vam anar de visita a TV3, al mat\u00ed ens van ensenyar les instal\u00b7lacions: els estudis de gravaci\u00f3, de so, el plat\u00f3 d&#8217;informatius i d&#8217;altres que di\u00e0riament veiem en els nostres programes favorits; vam veure per davant i per darrere aquest m\u00f3n de ficci\u00f3 que per una banda ens enganya i a [&hellip;]<\/p>\n","protected":false},"author":6,"featured_media":0,"comment_status":"open","ping_status":"open","sticky":false,"template":"","format":"standard","meta":{"_bbp_topic_count":0,"_bbp_reply_count":0,"_bbp_total_topic_count":0,"_bbp_total_reply_count":0,"_bbp_voice_count":0,"_bbp_anonymous_reply_count":0,"_bbp_topic_count_hidden":0,"_bbp_reply_count_hidden":0,"_bbp_forum_subforum_count":0,"site-sidebar-layout":"default","site-content-layout":"","ast-site-content-layout":"","site-content-style":"default","site-sidebar-style":"default","ast-global-header-display":"","ast-banner-title-visibility":"","ast-main-header-display":"","ast-hfb-above-header-display":"","ast-hfb-below-header-display":"","ast-hfb-mobile-header-display":"","site-post-title":"","ast-breadcrumbs-content":"","ast-featured-img":"","footer-sml-layout":"","theme-transparent-header-meta":"","adv-header-id-meta":"","stick-header-meta":"","header-above-stick-meta":"","header-main-stick-meta":"","header-below-stick-meta":"","astra-migrate-meta-layouts":"default","ast-page-background-enabled":"default","ast-page-background-meta":{"desktop":{"background-color":"var(--ast-global-color-4)","background-image":"","background-repeat":"repeat","background-position":"center center","background-size":"auto","background-attachment":"scroll","background-type":"","background-media":"","overlay-type":"","overlay-color":"","overlay-opacity":"","overlay-gradient":""},"tablet":{"background-color":"","background-image":"","background-repeat":"repeat","background-position":"center center","background-size":"auto","background-attachment":"scroll","background-type":"","background-media":"","overlay-type":"","overlay-color":"","overlay-opacity":"","overlay-gradient":""},"mobile":{"background-color":"","background-image":"","background-repeat":"repeat","background-position":"center center","background-size":"auto","background-attachment":"scroll","background-type":"","background-media":"","overlay-type":"","overlay-color":"","overlay-opacity":"","overlay-gradient":""}},"ast-content-background-meta":{"desktop":{"background-color":"var(--ast-global-color-5)","background-image":"","background-repeat":"repeat","background-position":"center center","background-size":"auto","background-attachment":"scroll","background-type":"","background-media":"","overlay-type":"","overlay-color":"","overlay-opacity":"","overlay-gradient":""},"tablet":{"background-color":"var(--ast-global-color-5)","background-image":"","background-repeat":"repeat","background-position":"center center","background-size":"auto","background-attachment":"scroll","background-type":"","background-media":"","overlay-type":"","overlay-color":"","overlay-opacity":"","overlay-gradient":""},"mobile":{"background-color":"var(--ast-global-color-5)","background-image":"","background-repeat":"repeat","background-position":"center center","background-size":"auto","background-attachment":"scroll","background-type":"","background-media":"","overlay-type":"","overlay-color":"","overlay-opacity":"","overlay-gradient":""}},"footnotes":""},"categories":[1,116],"tags":[312,313],"class_list":["post-608","post","type-post","status-publish","format-standard","hentry","category-general","category-sortida","tag-andrea-motis","tag-entrevista"],"post_mailing_queue_ids":[],"_links":{"self":[{"href":"https:\/\/agora.xtec.cat\/ielesvinyes\/wp-json\/wp\/v2\/posts\/608","targetHints":{"allow":["GET"]}}],"collection":[{"href":"https:\/\/agora.xtec.cat\/ielesvinyes\/wp-json\/wp\/v2\/posts"}],"about":[{"href":"https:\/\/agora.xtec.cat\/ielesvinyes\/wp-json\/wp\/v2\/types\/post"}],"author":[{"embeddable":true,"href":"https:\/\/agora.xtec.cat\/ielesvinyes\/wp-json\/wp\/v2\/users\/6"}],"replies":[{"embeddable":true,"href":"https:\/\/agora.xtec.cat\/ielesvinyes\/wp-json\/wp\/v2\/comments?post=608"}],"version-history":[{"count":0,"href":"https:\/\/agora.xtec.cat\/ielesvinyes\/wp-json\/wp\/v2\/posts\/608\/revisions"}],"wp:attachment":[{"href":"https:\/\/agora.xtec.cat\/ielesvinyes\/wp-json\/wp\/v2\/media?parent=608"}],"wp:term":[{"taxonomy":"category","embeddable":true,"href":"https:\/\/agora.xtec.cat\/ielesvinyes\/wp-json\/wp\/v2\/categories?post=608"},{"taxonomy":"post_tag","embeddable":true,"href":"https:\/\/agora.xtec.cat\/ielesvinyes\/wp-json\/wp\/v2\/tags?post=608"}],"curies":[{"name":"wp","href":"https:\/\/api.w.org\/{rel}","templated":true}]}}