{"id":6064,"date":"2020-02-12T13:30:30","date_gmt":"2020-02-12T12:30:30","guid":{"rendered":"http:\/\/agora.xtec.cat\/ielesvinyes\/?p=6064"},"modified":"2020-02-12T13:56:17","modified_gmt":"2020-02-12T12:56:17","slug":"alenar-el-nostre-treball-cooperatiu","status":"publish","type":"post","link":"https:\/\/agora.xtec.cat\/ielesvinyes\/portada\/alenar-el-nostre-treball-cooperatiu\/","title":{"rendered":"ALENAR&#8230;, el nostre treball cooperatiu"},"content":{"rendered":"<p><img loading=\"lazy\" decoding=\"async\" class=\"wp-image-6065 alignnone\" src=\"https:\/\/agora.xtec.cat\/ielesvinyes\/wp-content\/uploads\/usu1433\/2020\/02\/alenar.png\" alt=\"\" width=\"371\" height=\"229\" srcset=\"https:\/\/agora.xtec.cat\/ielesvinyes\/wp-content\/uploads\/usu1433\/2020\/02\/alenar.png 794w, https:\/\/agora.xtec.cat\/ielesvinyes\/wp-content\/uploads\/usu1433\/2020\/02\/alenar-300x185.png 300w, https:\/\/agora.xtec.cat\/ielesvinyes\/wp-content\/uploads\/usu1433\/2020\/02\/alenar-768x474.png 768w\" sizes=\"auto, (max-width: 371px) 100vw, 371px\" \/><\/p>\n<p><span style=\"font-weight: 400;\">Aquest curs els infants d\u2019infantil i prim\u00e0ria realitzem un <strong>treball cooperatiu<\/strong> molt especial. Volem realitzar activitats per a una millora de la conviv\u00e8ncia en l\u2019entorn que vivim. Volem portar a terme accions mediambientals, socials, esportives, que permetin a les persones del nostre entorn sensibilitzar-los i fer-los part\u00edcips del canvi que ha de desenvolupar la nostra societat. <\/span><\/p>\n<p><span style=\"font-weight: 400;\">Per a aquest motiu cada grup de treball cooperatiu, format per infants des de 3 als 12 anys, portar\u00e0 a terme una proposta: cuidar el medi ambient, sensibilitzar sobre la protectora d\u2019animals, fer difusi\u00f3 de malalties minorit\u00e0ries que afecten a infants, passar estones amb els avis i \u00e0vies del poble que es senten sols, explicar contes i compartir activitats amb infants de les llars d\u2019infants.<\/span><\/p>\n<p><span style=\"font-weight: 400;\">Des de que hem comen\u00e7at ja hem remogut sentiments i moltes emocions que esperem que mica en mica anem contagiant a tots els que ens envolten.<\/span><\/p>\n<p><span style=\"font-weight: 400;\">Us seguirem informant ja que el que preparem ser\u00e0 molt gran.<\/span><\/p>\n","protected":false},"excerpt":{"rendered":"<p>Aquest curs els infants d\u2019infantil i prim\u00e0ria realitzem un treball cooperatiu molt especial. Volem realitzar activitats per a una millora de la conviv\u00e8ncia en l\u2019entorn que vivim. Volem portar a terme accions mediambientals, socials, esportives, que permetin a les persones del nostre entorn sensibilitzar-los i fer-los part\u00edcips del canvi que ha de desenvolupar la nostra [&hellip;]<\/p>\n","protected":false},"author":6,"featured_media":6065,"comment_status":"open","ping_status":"closed","sticky":false,"template":"","format":"standard","meta":{"_bbp_topic_count":0,"_bbp_reply_count":0,"_bbp_total_topic_count":0,"_bbp_total_reply_count":0,"_bbp_voice_count":0,"_bbp_anonymous_reply_count":0,"_bbp_topic_count_hidden":0,"_bbp_reply_count_hidden":0,"_bbp_forum_subforum_count":0,"site-sidebar-layout":"default","site-content-layout":"","ast-site-content-layout":"","site-content-style":"default","site-sidebar-style":"default","ast-global-header-display":"","ast-banner-title-visibility":"","ast-main-header-display":"","ast-hfb-above-header-display":"","ast-hfb-below-header-display":"","ast-hfb-mobile-header-display":"","site-post-title":"","ast-breadcrumbs-content":"","ast-featured-img":"","footer-sml-layout":"","theme-transparent-header-meta":"","adv-header-id-meta":"","stick-header-meta":"","header-above-stick-meta":"","header-main-stick-meta":"","header-below-stick-meta":"","astra-migrate-meta-layouts":"default","ast-page-background-enabled":"default","ast-page-background-meta":{"desktop":{"background-color":"var(--ast-global-color-4)","background-image":"","background-repeat":"repeat","background-position":"center center","background-size":"auto","background-attachment":"scroll","background-type":"","background-media":"","overlay-type":"","overlay-color":"","overlay-opacity":"","overlay-gradient":""},"tablet":{"background-color":"","background-image":"","background-repeat":"repeat","background-position":"center center","background-size":"auto","background-attachment":"scroll","background-type":"","background-media":"","overlay-type":"","overlay-color":"","overlay-opacity":"","overlay-gradient":""},"mobile":{"background-color":"","background-image":"","background-repeat":"repeat","background-position":"center center","background-size":"auto","background-attachment":"scroll","background-type":"","background-media":"","overlay-type":"","overlay-color":"","overlay-opacity":"","overlay-gradient":""}},"ast-content-background-meta":{"desktop":{"background-color":"var(--ast-global-color-5)","background-image":"","background-repeat":"repeat","background-position":"center center","background-size":"auto","background-attachment":"scroll","background-type":"","background-media":"","overlay-type":"","overlay-color":"","overlay-opacity":"","overlay-gradient":""},"tablet":{"background-color":"var(--ast-global-color-5)","background-image":"","background-repeat":"repeat","background-position":"center center","background-size":"auto","background-attachment":"scroll","background-type":"","background-media":"","overlay-type":"","overlay-color":"","overlay-opacity":"","overlay-gradient":""},"mobile":{"background-color":"var(--ast-global-color-5)","background-image":"","background-repeat":"repeat","background-position":"center center","background-size":"auto","background-attachment":"scroll","background-type":"","background-media":"","overlay-type":"","overlay-color":"","overlay-opacity":"","overlay-gradient":""}},"footnotes":""},"categories":[413,100,29],"tags":[],"class_list":["post-6064","post","type-post","status-publish","format-standard","has-post-thumbnail","hentry","category-2019-20","category-infipri","category-portada"],"post_mailing_queue_ids":[],"_links":{"self":[{"href":"https:\/\/agora.xtec.cat\/ielesvinyes\/wp-json\/wp\/v2\/posts\/6064","targetHints":{"allow":["GET"]}}],"collection":[{"href":"https:\/\/agora.xtec.cat\/ielesvinyes\/wp-json\/wp\/v2\/posts"}],"about":[{"href":"https:\/\/agora.xtec.cat\/ielesvinyes\/wp-json\/wp\/v2\/types\/post"}],"author":[{"embeddable":true,"href":"https:\/\/agora.xtec.cat\/ielesvinyes\/wp-json\/wp\/v2\/users\/6"}],"replies":[{"embeddable":true,"href":"https:\/\/agora.xtec.cat\/ielesvinyes\/wp-json\/wp\/v2\/comments?post=6064"}],"version-history":[{"count":1,"href":"https:\/\/agora.xtec.cat\/ielesvinyes\/wp-json\/wp\/v2\/posts\/6064\/revisions"}],"predecessor-version":[{"id":6066,"href":"https:\/\/agora.xtec.cat\/ielesvinyes\/wp-json\/wp\/v2\/posts\/6064\/revisions\/6066"}],"wp:featuredmedia":[{"embeddable":true,"href":"https:\/\/agora.xtec.cat\/ielesvinyes\/wp-json\/wp\/v2\/media\/6065"}],"wp:attachment":[{"href":"https:\/\/agora.xtec.cat\/ielesvinyes\/wp-json\/wp\/v2\/media?parent=6064"}],"wp:term":[{"taxonomy":"category","embeddable":true,"href":"https:\/\/agora.xtec.cat\/ielesvinyes\/wp-json\/wp\/v2\/categories?post=6064"},{"taxonomy":"post_tag","embeddable":true,"href":"https:\/\/agora.xtec.cat\/ielesvinyes\/wp-json\/wp\/v2\/tags?post=6064"}],"curies":[{"name":"wp","href":"https:\/\/api.w.org\/{rel}","templated":true}]}}