{"id":5949,"date":"2019-12-18T07:23:51","date_gmt":"2019-12-18T06:23:51","guid":{"rendered":"http:\/\/agora.xtec.cat\/ielesvinyes\/?p=5949"},"modified":"2020-02-08T08:31:52","modified_gmt":"2020-02-08T07:31:52","slug":"bones-festes-i-felic-2020","status":"publish","type":"post","link":"https:\/\/agora.xtec.cat\/ielesvinyes\/afa\/bones-festes-i-felic-2020\/","title":{"rendered":"Bones festes i Feli\u00e7 2020"},"content":{"rendered":"<figure id=\"attachment_5310\" aria-describedby=\"caption-attachment-5310\" style=\"width: 226px\" class=\"wp-caption alignright\"><a href=\"https:\/\/agora.xtec.cat\/ielesvinyes\/wp-content\/uploads\/usu1433\/2020\/02\/nadala-afa.png\"><img loading=\"lazy\" decoding=\"async\" class=\"wp-image-5310\" title=\"Cliqueu per veure m\u00e9s gran\" src=\"https:\/\/agora.xtec.cat\/ielesvinyes\/wp-content\/uploads\/usu1433\/2020\/02\/nadala-afa-724x1024.png\" alt=\"\" width=\"226\" height=\"321\" srcset=\"https:\/\/agora.xtec.cat\/ielesvinyes\/wp-content\/uploads\/usu1433\/2020\/02\/nadala-afa-724x1024.png 724w, https:\/\/agora.xtec.cat\/ielesvinyes\/wp-content\/uploads\/usu1433\/2020\/02\/nadala-afa-212x300.png 212w, https:\/\/agora.xtec.cat\/ielesvinyes\/wp-content\/uploads\/usu1433\/2020\/02\/nadala-afa-768x1086.png 768w, https:\/\/agora.xtec.cat\/ielesvinyes\/wp-content\/uploads\/usu1433\/2020\/02\/nadala-afa.png 1587w\" sizes=\"auto, (max-width: 226px) 100vw, 226px\" \/><\/a><figcaption id=\"caption-attachment-5310\" class=\"wp-caption-text\"><sup><em>Imatge: Joanna Garc\u00eda <\/em><\/sup><\/figcaption><\/figure>\n<p>Benvolgudes fam\u00edlies,<\/p>\n<p>Ara que s&#8217;acosten les festes nadalenques, us volem enviar aquest petit detall, en forma de nadala, per celebrar aquestes dates.<\/p>\n<p>Tamb\u00e9 us adjuntem una s\u00e8rie de recomanacions de lectures que la comissi\u00f3 &#8220;<a href=\"https:\/\/agora.xtec.cat\/ielesvinyes\/afa-les-vinyes\/afa-els-nostres-projectes\/afa-els-nostres-projectes-alexandria\/\" target=\"_blank\" rel=\"noopener noreferrer\">Alexandria<\/a>&#8221; de l&#8217;AFA <em>(comissi\u00f3 on cerquem la millora de l&#8217;escola mitjan\u00e7ant la lectura i els espais de biblioteca)<\/em> ens conviden a passar aquests dies de descans envoltats de llibres per a totes les edats i gustos. <span style=\"font-family: inherit; font-size: 1em;\">Aprofitar aquestes festes per tal de llegir a o amb els m\u00e9s petits i animant als m\u00e9s grans a llegir \u00e9s un bon regal pel seu futur. Gaudiu de la lectura!<\/span><\/p>\n<p><span class=\"css-901oao css-16my406 r-1qd0xha r-ad9z0x r-bcqeeo r-qvutc0\">Moltes gr\u00e0cies a la L\u00eddia Carretero, l&#8217;Anna Cornell\u00e0, el Quim Preixens i la Betlem Cuesta<\/span><span class=\"css-901oao css-16my406 r-1qd0xha r-ad9z0x r-bcqeeo r-qvutc0\">, per fer-nos aquests suggeriments tan interessants.\u00a0<\/span><\/p>\n<p>I a tots vosaltres, moltes gr\u00e0cies per ser-hi, que passeu molt bones festes i un excel\u00b7lent any entrant!<\/p>\n<p>&nbsp;<\/p>\n<p><a href=\"https:\/\/agora.xtec.cat\/ielesvinyes\/wp-content\/uploads\/usu1433\/2019\/12\/AFA-PROJECTE-Alexandria-Llibres-3-4-5-anys.jpg\"><img loading=\"lazy\" decoding=\"async\" class=\"alignnone wp-image-5961\" title=\"Infants de 3, 4 i 5 anys\" src=\"https:\/\/agora.xtec.cat\/ielesvinyes\/wp-content\/uploads\/usu1433\/2019\/12\/AFA-PROJECTE-Alexandria-Llibres-3-4-5-anys.jpg\" alt=\"\" width=\"413\" height=\"413\" srcset=\"https:\/\/agora.xtec.cat\/ielesvinyes\/wp-content\/uploads\/usu1433\/2019\/12\/AFA-PROJECTE-Alexandria-Llibres-3-4-5-anys.jpg 680w, https:\/\/agora.xtec.cat\/ielesvinyes\/wp-content\/uploads\/usu1433\/2019\/12\/AFA-PROJECTE-Alexandria-Llibres-3-4-5-anys-150x150.jpg 150w, https:\/\/agora.xtec.cat\/ielesvinyes\/wp-content\/uploads\/usu1433\/2019\/12\/AFA-PROJECTE-Alexandria-Llibres-3-4-5-anys-300x300.jpg 300w\" sizes=\"auto, (max-width: 413px) 100vw, 413px\" \/><\/a> \u00a0 \u00a0 \u00a0 \u00a0 \u00a0 \u00a0 \u00a0 \u00a0<a href=\"https:\/\/agora.xtec.cat\/ielesvinyes\/wp-content\/uploads\/usu1433\/2019\/12\/AFA-PROJECTE-Alexandria-Llibres-6-7-8-anys.jpg\"><img loading=\"lazy\" decoding=\"async\" class=\"alignnone wp-image-5960\" title=\"Infants de 6, 7 i 8 anys\" src=\"https:\/\/agora.xtec.cat\/ielesvinyes\/wp-content\/uploads\/usu1433\/2019\/12\/AFA-PROJECTE-Alexandria-Llibres-6-7-8-anys.jpg\" alt=\"\" width=\"366\" height=\"484\" srcset=\"https:\/\/agora.xtec.cat\/ielesvinyes\/wp-content\/uploads\/usu1433\/2019\/12\/AFA-PROJECTE-Alexandria-Llibres-6-7-8-anys.jpg 679w, https:\/\/agora.xtec.cat\/ielesvinyes\/wp-content\/uploads\/usu1433\/2019\/12\/AFA-PROJECTE-Alexandria-Llibres-6-7-8-anys-226x300.jpg 226w\" sizes=\"auto, (max-width: 366px) 100vw, 366px\" \/><\/a><\/p>\n<p><a href=\"https:\/\/agora.xtec.cat\/ielesvinyes\/wp-content\/uploads\/usu1433\/2019\/12\/AFA-PROJECTE-Alexandria-Llibres-9-10-11-anys.jpg\"><img loading=\"lazy\" decoding=\"async\" class=\"alignnone wp-image-5959\" title=\"Infants de 9, 10 i 11 anys\" src=\"https:\/\/agora.xtec.cat\/ielesvinyes\/wp-content\/uploads\/usu1433\/2019\/12\/AFA-PROJECTE-Alexandria-Llibres-9-10-11-anys.jpg\" alt=\"\" width=\"346\" height=\"523\" srcset=\"https:\/\/agora.xtec.cat\/ielesvinyes\/wp-content\/uploads\/usu1433\/2019\/12\/AFA-PROJECTE-Alexandria-Llibres-9-10-11-anys.jpg 595w, https:\/\/agora.xtec.cat\/ielesvinyes\/wp-content\/uploads\/usu1433\/2019\/12\/AFA-PROJECTE-Alexandria-Llibres-9-10-11-anys-198x300.jpg 198w\" sizes=\"auto, (max-width: 346px) 100vw, 346px\" \/><\/a>\u00a0\u00a0\u00a0\u00a0\u00a0\u00a0\u00a0\u00a0\u00a0\u00a0\u00a0\u00a0\u00a0\u00a0\u00a0 <a href=\"https:\/\/agora.xtec.cat\/ielesvinyes\/wp-content\/uploads\/usu1433\/2019\/12\/AFA-PROJECTE-Alexandria-Llibres-ESO.jpg\"><img loading=\"lazy\" decoding=\"async\" class=\"alignnone wp-image-5958\" title=\"Nois i noies d'ESO\" src=\"https:\/\/agora.xtec.cat\/ielesvinyes\/wp-content\/uploads\/usu1433\/2019\/12\/AFA-PROJECTE-Alexandria-Llibres-ESO.jpg\" alt=\"\" width=\"458\" height=\"521\" srcset=\"https:\/\/agora.xtec.cat\/ielesvinyes\/wp-content\/uploads\/usu1433\/2019\/12\/AFA-PROJECTE-Alexandria-Llibres-ESO.jpg 597w, https:\/\/agora.xtec.cat\/ielesvinyes\/wp-content\/uploads\/usu1433\/2019\/12\/AFA-PROJECTE-Alexandria-Llibres-ESO-263x300.jpg 263w\" sizes=\"auto, (max-width: 458px) 100vw, 458px\" \/><\/a><\/p>\n<p>&nbsp;<\/p>\n<p>&nbsp;<\/p>\n<p>&nbsp;<\/p>\n<p>&nbsp;<\/p>\n","protected":false},"excerpt":{"rendered":"<p>Benvolgudes fam\u00edlies, Ara que s&#8217;acosten les festes nadalenques, us volem enviar aquest petit detall, en forma de nadala, per celebrar aquestes dates. Tamb\u00e9 us adjuntem una s\u00e8rie de recomanacions de lectures que la comissi\u00f3 &#8220;Alexandria&#8221; de l&#8217;AFA (comissi\u00f3 on cerquem la millora de l&#8217;escola mitjan\u00e7ant la lectura i els espais de biblioteca) ens conviden a [&hellip;]<\/p>\n","protected":false},"author":52,"featured_media":5310,"comment_status":"open","ping_status":"closed","sticky":false,"template":"","format":"standard","meta":{"_bbp_topic_count":0,"_bbp_reply_count":0,"_bbp_total_topic_count":0,"_bbp_total_reply_count":0,"_bbp_voice_count":0,"_bbp_anonymous_reply_count":0,"_bbp_topic_count_hidden":0,"_bbp_reply_count_hidden":0,"_bbp_forum_subforum_count":0,"site-sidebar-layout":"default","site-content-layout":"","ast-site-content-layout":"","site-content-style":"default","site-sidebar-style":"default","ast-global-header-display":"","ast-banner-title-visibility":"","ast-main-header-display":"","ast-hfb-above-header-display":"","ast-hfb-below-header-display":"","ast-hfb-mobile-header-display":"","site-post-title":"","ast-breadcrumbs-content":"","ast-featured-img":"","footer-sml-layout":"","theme-transparent-header-meta":"","adv-header-id-meta":"","stick-header-meta":"","header-above-stick-meta":"","header-main-stick-meta":"","header-below-stick-meta":"","astra-migrate-meta-layouts":"default","ast-page-background-enabled":"default","ast-page-background-meta":{"desktop":{"background-color":"var(--ast-global-color-4)","background-image":"","background-repeat":"repeat","background-position":"center center","background-size":"auto","background-attachment":"scroll","background-type":"","background-media":"","overlay-type":"","overlay-color":"","overlay-opacity":"","overlay-gradient":""},"tablet":{"background-color":"","background-image":"","background-repeat":"repeat","background-position":"center center","background-size":"auto","background-attachment":"scroll","background-type":"","background-media":"","overlay-type":"","overlay-color":"","overlay-opacity":"","overlay-gradient":""},"mobile":{"background-color":"","background-image":"","background-repeat":"repeat","background-position":"center center","background-size":"auto","background-attachment":"scroll","background-type":"","background-media":"","overlay-type":"","overlay-color":"","overlay-opacity":"","overlay-gradient":""}},"ast-content-background-meta":{"desktop":{"background-color":"var(--ast-global-color-5)","background-image":"","background-repeat":"repeat","background-position":"center center","background-size":"auto","background-attachment":"scroll","background-type":"","background-media":"","overlay-type":"","overlay-color":"","overlay-opacity":"","overlay-gradient":""},"tablet":{"background-color":"var(--ast-global-color-5)","background-image":"","background-repeat":"repeat","background-position":"center center","background-size":"auto","background-attachment":"scroll","background-type":"","background-media":"","overlay-type":"","overlay-color":"","overlay-opacity":"","overlay-gradient":""},"mobile":{"background-color":"var(--ast-global-color-5)","background-image":"","background-repeat":"repeat","background-position":"center center","background-size":"auto","background-attachment":"scroll","background-type":"","background-media":"","overlay-type":"","overlay-color":"","overlay-opacity":"","overlay-gradient":""}},"footnotes":""},"categories":[413,31,471],"tags":[],"class_list":["post-5949","post","type-post","status-publish","format-standard","has-post-thumbnail","hentry","category-2019-20","category-afa","category-noticies-afa"],"post_mailing_queue_ids":[],"_links":{"self":[{"href":"https:\/\/agora.xtec.cat\/ielesvinyes\/wp-json\/wp\/v2\/posts\/5949","targetHints":{"allow":["GET"]}}],"collection":[{"href":"https:\/\/agora.xtec.cat\/ielesvinyes\/wp-json\/wp\/v2\/posts"}],"about":[{"href":"https:\/\/agora.xtec.cat\/ielesvinyes\/wp-json\/wp\/v2\/types\/post"}],"author":[{"embeddable":true,"href":"https:\/\/agora.xtec.cat\/ielesvinyes\/wp-json\/wp\/v2\/users\/52"}],"replies":[{"embeddable":true,"href":"https:\/\/agora.xtec.cat\/ielesvinyes\/wp-json\/wp\/v2\/comments?post=5949"}],"version-history":[{"count":3,"href":"https:\/\/agora.xtec.cat\/ielesvinyes\/wp-json\/wp\/v2\/posts\/5949\/revisions"}],"predecessor-version":[{"id":5963,"href":"https:\/\/agora.xtec.cat\/ielesvinyes\/wp-json\/wp\/v2\/posts\/5949\/revisions\/5963"}],"wp:featuredmedia":[{"embeddable":true,"href":"https:\/\/agora.xtec.cat\/ielesvinyes\/wp-json\/wp\/v2\/media\/5310"}],"wp:attachment":[{"href":"https:\/\/agora.xtec.cat\/ielesvinyes\/wp-json\/wp\/v2\/media?parent=5949"}],"wp:term":[{"taxonomy":"category","embeddable":true,"href":"https:\/\/agora.xtec.cat\/ielesvinyes\/wp-json\/wp\/v2\/categories?post=5949"},{"taxonomy":"post_tag","embeddable":true,"href":"https:\/\/agora.xtec.cat\/ielesvinyes\/wp-json\/wp\/v2\/tags?post=5949"}],"curies":[{"name":"wp","href":"https:\/\/api.w.org\/{rel}","templated":true}]}}