{"id":5858,"date":"2020-02-07T14:25:15","date_gmt":"2020-02-07T13:25:15","guid":{"rendered":"http:\/\/agora.xtec.cat\/ielesvinyes\/?p=5858"},"modified":"2022-09-28T07:08:05","modified_gmt":"2022-09-28T05:08:05","slug":"vine-a-lexhibicio-publica-dels-projectes-transversals-del-2t","status":"publish","type":"post","link":"https:\/\/agora.xtec.cat\/ielesvinyes\/portada\/vine-a-lexhibicio-publica-dels-projectes-transversals-del-2t\/","title":{"rendered":"Vine a l&#8217;exhibici\u00f3 p\u00fablica dels Projectes transversals del 2T!"},"content":{"rendered":"<p><img loading=\"lazy\" decoding=\"async\" class=\"size-large wp-image-5859 alignnone\" src=\"https:\/\/agora.xtec.cat\/ielesvinyes\/wp-content\/uploads\/usu1433\/2020\/02\/32297375017_f68501b01b_o-1024x576.jpg\" alt=\"\" width=\"1024\" height=\"576\" srcset=\"https:\/\/agora.xtec.cat\/ielesvinyes\/wp-content\/uploads\/usu1433\/2020\/02\/32297375017_f68501b01b_o-1024x576.jpg 1024w, https:\/\/agora.xtec.cat\/ielesvinyes\/wp-content\/uploads\/usu1433\/2020\/02\/32297375017_f68501b01b_o-300x169.jpg 300w, https:\/\/agora.xtec.cat\/ielesvinyes\/wp-content\/uploads\/usu1433\/2020\/02\/32297375017_f68501b01b_o-768x432.jpg 768w\" sizes=\"auto, (max-width: 1024px) 100vw, 1024px\" \/><\/p>\n<p>Familiars, coneguts i col\u00b7laboradors, la propera setmana tindr\u00e0 lloc l&#8217;exhibici\u00f3 p\u00fablica dels <strong>Projectes transversals<\/strong> d&#8217;aquest segon trimestre<span style=\"font-family: inherit; font-size: 1em;\">. El <\/span><strong style=\"font-family: inherit; font-size: 1em;\">dimarts 11 de febrer<\/strong><span style=\"font-family: inherit; font-size: 1em;\"> a partir de les 16 h el centre obrir\u00e0 les seves portes per a que gaudim un cop m\u00e9s del treball que durant les darreres dues setmanes han fet els nois i noies de secund\u00e0ria.<\/span><\/p>\n<h3>Us hi esperem a tots i totes!<\/h3>\n<p>Al <strong>Festival musical <\/strong>podreu escoltar en directe les can\u00e7ons creades des de zero pels nois i noies de 1r d&#8217;ESO (<a href=\"http:\/\/bit.ly\/pt2t1920\" target=\"_blank\" rel=\"noopener noreferrer\">programa detallat aqu\u00ed<\/a>). A 2n, podreu assistir a un esdeveniment esportiu. Els nois i noies de 3r d&#8217;ESO s&#8217;han proposat superar el record de<strong> donacions de sang<\/strong>, i han ampliat la mirada de manera que qui ho vulgui tamb\u00e9 pugui iniciar proc\u00e9s per ser donant de medul\u00b7la o manifestar la seva voluntat de ser donants d\u2019\u00f2rgans. Volen demostrar un cop m\u00e9s com de solid\u00e0ria \u00e9s la comuntitat educativa de Les Vinyes. I 4t d&#8217;ESO, en aquest projecte, els tenim de viatge, per\u00f2 un grup d\u2019alumnes ha elaborat un petit documental titulat <em><strong>Una part de nosaltres<\/strong><\/em> que d\u00f3na veu a la seva visi\u00f3 sobre els Projectes transversals. No us el perdeu!<\/p>\n<p>Tingueu present a l&#8217;obertura de portes (16 h) \u00e9s quan hi ha m\u00e9s acumulaci\u00f3 de gent. Tanmateix, consulteu el <strong>programa de m\u00e0<\/strong> adjunt per saber horaris i localitzacions de cada projecte.<\/p>\n<p>Recordeu que l&#8217;exhibici\u00f3 p\u00fablica \u00e9s un acte obert per a tothom qui vulgui participar en aquesta <strong>festa de l&#8217;aprenentatge<\/strong>, tanmateix, els menors d&#8217;edat que no siguin alumnes del centre han d&#8217;assistir acompanyats d&#8217;un adult responsable.<\/p>\n<h3><strong>Recordeu que es podran fer donacions fins a les 20 h<\/strong>.<\/h3>\n<h2>No us ho perdeu!<\/h2>\n<div id='gallery-1' class='gallery galleryid-5858 gallery-columns-4 gallery-size-full'><figure class='gallery-item'>\n\t\t\t<div class='gallery-icon portrait'>\n\t\t\t\t<a href='https:\/\/agora.xtec.cat\/ielesvinyes\/wp-content\/uploads\/usu1433\/2020\/02\/pt2t1920_01.jpg'><img loading=\"lazy\" decoding=\"async\" width=\"480\" height=\"676\" src=\"https:\/\/agora.xtec.cat\/ielesvinyes\/wp-content\/uploads\/usu1433\/2020\/02\/pt2t1920_01.jpg\" class=\"attachment-full size-full\" alt=\"\" srcset=\"https:\/\/agora.xtec.cat\/ielesvinyes\/wp-content\/uploads\/usu1433\/2020\/02\/pt2t1920_01.jpg 480w, https:\/\/agora.xtec.cat\/ielesvinyes\/wp-content\/uploads\/usu1433\/2020\/02\/pt2t1920_01-213x300.jpg 213w\" sizes=\"auto, (max-width: 480px) 100vw, 480px\" \/><\/a>\n\t\t\t<\/div><\/figure><figure class='gallery-item'>\n\t\t\t<div class='gallery-icon portrait'>\n\t\t\t\t<a href='https:\/\/agora.xtec.cat\/ielesvinyes\/wp-content\/uploads\/usu1433\/2020\/02\/pt2t1920_02.jpg'><img loading=\"lazy\" decoding=\"async\" width=\"503\" height=\"678\" src=\"https:\/\/agora.xtec.cat\/ielesvinyes\/wp-content\/uploads\/usu1433\/2020\/02\/pt2t1920_02.jpg\" class=\"attachment-full size-full\" alt=\"\" srcset=\"https:\/\/agora.xtec.cat\/ielesvinyes\/wp-content\/uploads\/usu1433\/2020\/02\/pt2t1920_02.jpg 503w, https:\/\/agora.xtec.cat\/ielesvinyes\/wp-content\/uploads\/usu1433\/2020\/02\/pt2t1920_02-223x300.jpg 223w\" sizes=\"auto, (max-width: 503px) 100vw, 503px\" \/><\/a>\n\t\t\t<\/div><\/figure><figure class='gallery-item'>\n\t\t\t<div class='gallery-icon portrait'>\n\t\t\t\t<a href='https:\/\/agora.xtec.cat\/ielesvinyes\/wp-content\/uploads\/usu1433\/2020\/02\/pt2t1920_03.jpg'><img loading=\"lazy\" decoding=\"async\" width=\"470\" height=\"676\" src=\"https:\/\/agora.xtec.cat\/ielesvinyes\/wp-content\/uploads\/usu1433\/2020\/02\/pt2t1920_03.jpg\" class=\"attachment-full size-full\" alt=\"\" srcset=\"https:\/\/agora.xtec.cat\/ielesvinyes\/wp-content\/uploads\/usu1433\/2020\/02\/pt2t1920_03.jpg 470w, https:\/\/agora.xtec.cat\/ielesvinyes\/wp-content\/uploads\/usu1433\/2020\/02\/pt2t1920_03-209x300.jpg 209w\" sizes=\"auto, (max-width: 470px) 100vw, 470px\" \/><\/a>\n\t\t\t<\/div><\/figure><figure class='gallery-item'>\n\t\t\t<div class='gallery-icon portrait'>\n\t\t\t\t<a href='https:\/\/agora.xtec.cat\/ielesvinyes\/wp-content\/uploads\/usu1433\/2020\/02\/pt2t1920_04.jpg'><img loading=\"lazy\" decoding=\"async\" width=\"496\" height=\"678\" src=\"https:\/\/agora.xtec.cat\/ielesvinyes\/wp-content\/uploads\/usu1433\/2020\/02\/pt2t1920_04.jpg\" class=\"attachment-full size-full\" alt=\"\" srcset=\"https:\/\/agora.xtec.cat\/ielesvinyes\/wp-content\/uploads\/usu1433\/2020\/02\/pt2t1920_04.jpg 496w, https:\/\/agora.xtec.cat\/ielesvinyes\/wp-content\/uploads\/usu1433\/2020\/02\/pt2t1920_04-219x300.jpg 219w\" sizes=\"auto, (max-width: 496px) 100vw, 496px\" \/><\/a>\n\t\t\t<\/div><\/figure>\n\t\t<\/div>\n\n","protected":false},"excerpt":{"rendered":"<p>Familiars, coneguts i col\u00b7laboradors, la propera setmana tindr\u00e0 lloc l&#8217;exhibici\u00f3 p\u00fablica dels Projectes transversals d&#8217;aquest segon trimestre. El dimarts 11 de febrer a partir de les 16 h el centre obrir\u00e0 les seves portes per a que gaudim un cop m\u00e9s del treball que durant les darreres dues setmanes han fet els nois i noies de secund\u00e0ria.Us hi esperem a tots i totes!<\/p>\n","protected":false},"author":6,"featured_media":5859,"comment_status":"open","ping_status":"closed","sticky":false,"template":"","format":"standard","meta":{"_bbp_topic_count":0,"_bbp_reply_count":0,"_bbp_total_topic_count":0,"_bbp_total_reply_count":0,"_bbp_voice_count":0,"_bbp_anonymous_reply_count":0,"_bbp_topic_count_hidden":0,"_bbp_reply_count_hidden":0,"_bbp_forum_subforum_count":0,"site-sidebar-layout":"default","site-content-layout":"","ast-site-content-layout":"","site-content-style":"default","site-sidebar-style":"default","ast-global-header-display":"","ast-banner-title-visibility":"","ast-main-header-display":"","ast-hfb-above-header-display":"","ast-hfb-below-header-display":"","ast-hfb-mobile-header-display":"","site-post-title":"","ast-breadcrumbs-content":"","ast-featured-img":"","footer-sml-layout":"","theme-transparent-header-meta":"","adv-header-id-meta":"","stick-header-meta":"","header-above-stick-meta":"","header-main-stick-meta":"","header-below-stick-meta":"","astra-migrate-meta-layouts":"default","ast-page-background-enabled":"default","ast-page-background-meta":{"desktop":{"background-color":"var(--ast-global-color-4)","background-image":"","background-repeat":"repeat","background-position":"center center","background-size":"auto","background-attachment":"scroll","background-type":"","background-media":"","overlay-type":"","overlay-color":"","overlay-opacity":"","overlay-gradient":""},"tablet":{"background-color":"","background-image":"","background-repeat":"repeat","background-position":"center center","background-size":"auto","background-attachment":"scroll","background-type":"","background-media":"","overlay-type":"","overlay-color":"","overlay-opacity":"","overlay-gradient":""},"mobile":{"background-color":"","background-image":"","background-repeat":"repeat","background-position":"center center","background-size":"auto","background-attachment":"scroll","background-type":"","background-media":"","overlay-type":"","overlay-color":"","overlay-opacity":"","overlay-gradient":""}},"ast-content-background-meta":{"desktop":{"background-color":"var(--ast-global-color-5)","background-image":"","background-repeat":"repeat","background-position":"center center","background-size":"auto","background-attachment":"scroll","background-type":"","background-media":"","overlay-type":"","overlay-color":"","overlay-opacity":"","overlay-gradient":""},"tablet":{"background-color":"var(--ast-global-color-5)","background-image":"","background-repeat":"repeat","background-position":"center center","background-size":"auto","background-attachment":"scroll","background-type":"","background-media":"","overlay-type":"","overlay-color":"","overlay-opacity":"","overlay-gradient":""},"mobile":{"background-color":"var(--ast-global-color-5)","background-image":"","background-repeat":"repeat","background-position":"center center","background-size":"auto","background-attachment":"scroll","background-type":"","background-media":"","overlay-type":"","overlay-color":"","overlay-opacity":"","overlay-gradient":""}},"footnotes":""},"categories":[413,29,358,301],"tags":[],"class_list":["post-5858","post","type-post","status-publish","format-standard","has-post-thumbnail","hentry","category-2019-20","category-portada","category-projectes-transversals","category-secundaria"],"post_mailing_queue_ids":[],"_links":{"self":[{"href":"https:\/\/agora.xtec.cat\/ielesvinyes\/wp-json\/wp\/v2\/posts\/5858","targetHints":{"allow":["GET"]}}],"collection":[{"href":"https:\/\/agora.xtec.cat\/ielesvinyes\/wp-json\/wp\/v2\/posts"}],"about":[{"href":"https:\/\/agora.xtec.cat\/ielesvinyes\/wp-json\/wp\/v2\/types\/post"}],"author":[{"embeddable":true,"href":"https:\/\/agora.xtec.cat\/ielesvinyes\/wp-json\/wp\/v2\/users\/6"}],"replies":[{"embeddable":true,"href":"https:\/\/agora.xtec.cat\/ielesvinyes\/wp-json\/wp\/v2\/comments?post=5858"}],"version-history":[{"count":3,"href":"https:\/\/agora.xtec.cat\/ielesvinyes\/wp-json\/wp\/v2\/posts\/5858\/revisions"}],"predecessor-version":[{"id":5866,"href":"https:\/\/agora.xtec.cat\/ielesvinyes\/wp-json\/wp\/v2\/posts\/5858\/revisions\/5866"}],"wp:featuredmedia":[{"embeddable":true,"href":"https:\/\/agora.xtec.cat\/ielesvinyes\/wp-json\/wp\/v2\/media\/5859"}],"wp:attachment":[{"href":"https:\/\/agora.xtec.cat\/ielesvinyes\/wp-json\/wp\/v2\/media?parent=5858"}],"wp:term":[{"taxonomy":"category","embeddable":true,"href":"https:\/\/agora.xtec.cat\/ielesvinyes\/wp-json\/wp\/v2\/categories?post=5858"},{"taxonomy":"post_tag","embeddable":true,"href":"https:\/\/agora.xtec.cat\/ielesvinyes\/wp-json\/wp\/v2\/tags?post=5858"}],"curies":[{"name":"wp","href":"https:\/\/api.w.org\/{rel}","templated":true}]}}