{"id":5353,"date":"2020-01-19T15:34:43","date_gmt":"2020-01-19T14:34:43","guid":{"rendered":"http:\/\/agora.xtec.cat\/ielesvinyes\/?p=5353"},"modified":"2020-02-08T07:00:31","modified_gmt":"2020-02-08T06:00:31","slug":"empowering-oral-english-auxiliars-de-conversa","status":"publish","type":"post","link":"https:\/\/agora.xtec.cat\/ielesvinyes\/afa\/empowering-oral-english-auxiliars-de-conversa\/","title":{"rendered":"EMPOWERING ORAL ENGLISH: Ja han arribat les dues auxiliars de conversa!"},"content":{"rendered":"<p class=\"css-901oao r-hkyrab r-1qd0xha r-a023e6 r-16dba41 r-ad9z0x r-bcqeeo r-bnwqim r-qvutc0\" dir=\"auto\" lang=\"ca\"><span class=\"css-901oao css-16my406 r-1qd0xha r-ad9z0x r-bcqeeo r-qvutc0\"><strong>La Suzanne i la Grace<\/strong>, les dues auxiliars de conversa d&#8217;Angl\u00e8s que donaran suport a les nostres aules aquest curs, gr\u00e0cies al projecte &#8220;Empowering Oral English&#8221; adherit al programa AC (Auxiliar de Conversa)<\/span>, <strong>ja s\u00f3n amb nosaltres<\/strong>!!!.<\/p>\n<p class=\"css-901oao r-hkyrab r-1qd0xha r-a023e6 r-16dba41 r-ad9z0x r-bcqeeo r-bnwqim r-qvutc0\" dir=\"auto\" lang=\"ca\"><a href=\"https:\/\/agora.xtec.cat\/ielesvinyes\/wp-content\/uploads\/usu1433\/2020\/02\/Auxiliar-conversa-SUZANNE.jpg\"><img loading=\"lazy\" decoding=\"async\" class=\"size-full wp-image-5355 aligncenter\" src=\"https:\/\/agora.xtec.cat\/ielesvinyes\/wp-content\/uploads\/usu1433\/2020\/02\/Auxiliar-conversa-SUZANNE.jpg\" alt=\"\" width=\"680\" height=\"383\" srcset=\"https:\/\/agora.xtec.cat\/ielesvinyes\/wp-content\/uploads\/usu1433\/2020\/02\/Auxiliar-conversa-SUZANNE.jpg 680w, https:\/\/agora.xtec.cat\/ielesvinyes\/wp-content\/uploads\/usu1433\/2020\/02\/Auxiliar-conversa-SUZANNE-300x169.jpg 300w\" sizes=\"auto, (max-width: 680px) 100vw, 680px\" \/><\/a><\/p>\n<p style=\"font-weight: 400;\"><span style=\"font-style: inherit; font-weight: inherit;\">Els auxiliars de conversa s\u00f3n nois i noies per a qui l\u2019angl\u00e8s \u00e9s llengua materna i que col\u00b7laboren en el projecte multiling\u00fce de les escoles que els han sol\u00b7licitat, participant-hi 25 hores per setmana, d\u2019octubre a juny.\u00a0<\/span><\/p>\n<p>Els Auxiliars de Conversa representen un recurs important\u00edssim i efica\u00e7 per a la millora de l\u2019ensenyament i l\u2019aprenentatge de l\u2019angl\u00e8s a l\u2019escola dels vostres fills. S\u00f3n sempre estudiants nadius, \u00e9s a dir, per a qui l&#8217;angl\u00e8s \u00e9s llengua materna.<\/p>\n<p style=\"font-weight: 400;\"><span style=\"font-style: inherit; font-weight: inherit;\">\u00c9s, per tant, una experi\u00e8ncia d\u2019\u00e8xit, i <b><strong style=\"font-style: inherit;\">les fam\u00edlies d\u2019acollida, vinculades a l\u2019escola i s\u00f2cies de l&#8217;AFA, que obriu casa vostra als auxiliars durant un trimestre cadascuna, sou un pilar fonamental <\/strong><\/b>sense el qual el Programa Auxiliars de Conversa no seria possible. <\/span><\/p>\n<p style=\"font-weight: 400;\"><span style=\"font-style: inherit; font-weight: inherit;\">A m\u00e9s, a banda d&#8217;oferir allotjament i manutenci\u00f3, les fam\u00edlies acollidores gaudeixen de la oportunitat de practicar l\u2019angl\u00e8s a casa.\u00a0\u00a0<\/span><\/p>\n<p class=\"css-901oao r-hkyrab r-1qd0xha r-a023e6 r-16dba41 r-ad9z0x r-bcqeeo r-bnwqim r-qvutc0\" dir=\"auto\" lang=\"ca\"><span class=\"css-901oao css-16my406 r-1qd0xha r-ad9z0x r-bcqeeo r-qvutc0\"><strong>Gr\u00e0cies a tots\/es<\/strong> que ho feu possible sent socis\/es de l&#8217;Afa, a la <\/span><span class=\"css-901oao css-16my406 r-1qd0xha r-ad9z0x r-bcqeeo r-qvutc0\">comissi\u00f3 d&#8217;angl\u00e8s i a les fam\u00edlies que les acolliran a casa seva.<\/span><\/p>\n<p dir=\"auto\" lang=\"ca\">\n<p dir=\"auto\" lang=\"ca\">\n<div id=\"tweet-rich-content-label\" class=\"css-1dbjc4n r-156q2ks\" aria-labelledby=\"quote-tweet-label\">\n<div class=\"css-1dbjc4n r-1udh08x\">\n<div class=\"css-1dbjc4n r-9x6qib r-t23y2h r-1phboty r-rs99b7 r-1udh08x\">\n<p class=\"css-1dbjc4n\">\n<\/div>\n<\/div>\n<\/div>\n","protected":false},"excerpt":{"rendered":"<p>La Suzanne i la Grace, les dues auxiliars de conversa d&#8217;Angl\u00e8s que donaran suport a les nostres aules aquest curs, gr\u00e0cies al projecte &#8220;Empowering Oral English&#8221; adherit al programa AC (Auxiliar de Conversa), ja s\u00f3n amb nosaltres!!!. Els auxiliars de conversa s\u00f3n nois i noies per a qui l\u2019angl\u00e8s \u00e9s llengua materna i que col\u00b7laboren [&hellip;]<\/p>\n","protected":false},"author":52,"featured_media":5481,"comment_status":"open","ping_status":"closed","sticky":false,"template":"","format":"standard","meta":{"_bbp_topic_count":0,"_bbp_reply_count":0,"_bbp_total_topic_count":0,"_bbp_total_reply_count":0,"_bbp_voice_count":0,"_bbp_anonymous_reply_count":0,"_bbp_topic_count_hidden":0,"_bbp_reply_count_hidden":0,"_bbp_forum_subforum_count":0,"site-sidebar-layout":"default","site-content-layout":"","ast-site-content-layout":"","site-content-style":"default","site-sidebar-style":"default","ast-global-header-display":"","ast-banner-title-visibility":"","ast-main-header-display":"","ast-hfb-above-header-display":"","ast-hfb-below-header-display":"","ast-hfb-mobile-header-display":"","site-post-title":"","ast-breadcrumbs-content":"","ast-featured-img":"","footer-sml-layout":"","theme-transparent-header-meta":"","adv-header-id-meta":"","stick-header-meta":"","header-above-stick-meta":"","header-main-stick-meta":"","header-below-stick-meta":"","astra-migrate-meta-layouts":"default","ast-page-background-enabled":"default","ast-page-background-meta":{"desktop":{"background-color":"var(--ast-global-color-4)","background-image":"","background-repeat":"repeat","background-position":"center center","background-size":"auto","background-attachment":"scroll","background-type":"","background-media":"","overlay-type":"","overlay-color":"","overlay-opacity":"","overlay-gradient":""},"tablet":{"background-color":"","background-image":"","background-repeat":"repeat","background-position":"center center","background-size":"auto","background-attachment":"scroll","background-type":"","background-media":"","overlay-type":"","overlay-color":"","overlay-opacity":"","overlay-gradient":""},"mobile":{"background-color":"","background-image":"","background-repeat":"repeat","background-position":"center center","background-size":"auto","background-attachment":"scroll","background-type":"","background-media":"","overlay-type":"","overlay-color":"","overlay-opacity":"","overlay-gradient":""}},"ast-content-background-meta":{"desktop":{"background-color":"var(--ast-global-color-5)","background-image":"","background-repeat":"repeat","background-position":"center center","background-size":"auto","background-attachment":"scroll","background-type":"","background-media":"","overlay-type":"","overlay-color":"","overlay-opacity":"","overlay-gradient":""},"tablet":{"background-color":"var(--ast-global-color-5)","background-image":"","background-repeat":"repeat","background-position":"center center","background-size":"auto","background-attachment":"scroll","background-type":"","background-media":"","overlay-type":"","overlay-color":"","overlay-opacity":"","overlay-gradient":""},"mobile":{"background-color":"var(--ast-global-color-5)","background-image":"","background-repeat":"repeat","background-position":"center center","background-size":"auto","background-attachment":"scroll","background-type":"","background-media":"","overlay-type":"","overlay-color":"","overlay-opacity":"","overlay-gradient":""}},"footnotes":""},"categories":[413,31,471],"tags":[],"class_list":["post-5353","post","type-post","status-publish","format-standard","has-post-thumbnail","hentry","category-2019-20","category-afa","category-noticies-afa"],"post_mailing_queue_ids":[],"_links":{"self":[{"href":"https:\/\/agora.xtec.cat\/ielesvinyes\/wp-json\/wp\/v2\/posts\/5353","targetHints":{"allow":["GET"]}}],"collection":[{"href":"https:\/\/agora.xtec.cat\/ielesvinyes\/wp-json\/wp\/v2\/posts"}],"about":[{"href":"https:\/\/agora.xtec.cat\/ielesvinyes\/wp-json\/wp\/v2\/types\/post"}],"author":[{"embeddable":true,"href":"https:\/\/agora.xtec.cat\/ielesvinyes\/wp-json\/wp\/v2\/users\/52"}],"replies":[{"embeddable":true,"href":"https:\/\/agora.xtec.cat\/ielesvinyes\/wp-json\/wp\/v2\/comments?post=5353"}],"version-history":[{"count":3,"href":"https:\/\/agora.xtec.cat\/ielesvinyes\/wp-json\/wp\/v2\/posts\/5353\/revisions"}],"predecessor-version":[{"id":5945,"href":"https:\/\/agora.xtec.cat\/ielesvinyes\/wp-json\/wp\/v2\/posts\/5353\/revisions\/5945"}],"wp:featuredmedia":[{"embeddable":true,"href":"https:\/\/agora.xtec.cat\/ielesvinyes\/wp-json\/wp\/v2\/media\/5481"}],"wp:attachment":[{"href":"https:\/\/agora.xtec.cat\/ielesvinyes\/wp-json\/wp\/v2\/media?parent=5353"}],"wp:term":[{"taxonomy":"category","embeddable":true,"href":"https:\/\/agora.xtec.cat\/ielesvinyes\/wp-json\/wp\/v2\/categories?post=5353"},{"taxonomy":"post_tag","embeddable":true,"href":"https:\/\/agora.xtec.cat\/ielesvinyes\/wp-json\/wp\/v2\/tags?post=5353"}],"curies":[{"name":"wp","href":"https:\/\/api.w.org\/{rel}","templated":true}]}}