{"id":5348,"date":"2019-11-06T15:15:05","date_gmt":"2019-11-06T14:15:05","guid":{"rendered":"http:\/\/agora.xtec.cat\/ielesvinyes\/?p=5348"},"modified":"2020-02-03T15:20:21","modified_gmt":"2020-02-03T14:20:21","slug":"parlem-de-veganisme-i-vegetarisme-carrec-de-doble-via","status":"publish","type":"post","link":"https:\/\/agora.xtec.cat\/ielesvinyes\/afa\/parlem-de-veganisme-i-vegetarisme-carrec-de-doble-via\/","title":{"rendered":"Parlem de veganisme i vegetarisme, c\u00e0rrec de Doble Via"},"content":{"rendered":"<p>Des de la comissi\u00f3 de menjador us convidem a una xerrada sobre\u00a0<span class=\"il\">veganisme<\/span>\u00a0i vegetarianisme condu\u00efda pel Gabor Smit, dietista de Doble Via.<\/p>\n<p>\u00c9s un tema d&#8217;actualitat, que sovint ens genera dubtes o recels&#8230; El Gabor ens en far\u00e0 cinc c\u00e8ntims des del seu punt de vista professional i ens aportar\u00e0 criteris per poder elaborar men\u00fas originals i ben equilibrats. De ben segur, pot ser molt interessant!<\/p>\n<p>L&#8217;entrada \u00e9s lliure i no cal inscripci\u00f3. Trobareu tota la informaci\u00f3 en el cartell que us adjuntem.<\/p>\n<p><a href=\"https:\/\/agora.xtec.cat\/ielesvinyes\/wp-content\/uploads\/usu1433\/2020\/02\/Xerrada-veganisme-i-vegetarisme-e1580739465291.jpg\"><img loading=\"lazy\" decoding=\"async\" class=\"wp-image-5349  aligncenter\" src=\"https:\/\/agora.xtec.cat\/ielesvinyes\/wp-content\/uploads\/usu1433\/2020\/02\/Xerrada-veganisme-i-vegetarisme-e1580739465291-926x1024.jpg\" alt=\"\" width=\"406\" height=\"449\" srcset=\"https:\/\/agora.xtec.cat\/ielesvinyes\/wp-content\/uploads\/usu1433\/2020\/02\/Xerrada-veganisme-i-vegetarisme-e1580739465291-926x1024.jpg 926w, https:\/\/agora.xtec.cat\/ielesvinyes\/wp-content\/uploads\/usu1433\/2020\/02\/Xerrada-veganisme-i-vegetarisme-e1580739465291-271x300.jpg 271w, https:\/\/agora.xtec.cat\/ielesvinyes\/wp-content\/uploads\/usu1433\/2020\/02\/Xerrada-veganisme-i-vegetarisme-e1580739465291-768x850.jpg 768w, https:\/\/agora.xtec.cat\/ielesvinyes\/wp-content\/uploads\/usu1433\/2020\/02\/Xerrada-veganisme-i-vegetarisme-e1580739465291.jpg 1448w\" sizes=\"auto, (max-width: 406px) 100vw, 406px\" \/><\/a><\/p>\n<p>Us hi esperem!!!<\/p>\n","protected":false},"excerpt":{"rendered":"<p>Des de la comissi\u00f3 de menjador us convidem a una xerrada sobre\u00a0veganisme\u00a0i vegetarianisme condu\u00efda pel Gabor Smit, dietista de Doble Via. \u00c9s un tema d&#8217;actualitat, que sovint ens genera dubtes o recels&#8230; El Gabor ens en far\u00e0 cinc c\u00e8ntims des del seu punt de vista professional i ens aportar\u00e0 criteris per poder elaborar men\u00fas originals [&hellip;]<\/p>\n","protected":false},"author":52,"featured_media":5350,"comment_status":"open","ping_status":"closed","sticky":false,"template":"","format":"standard","meta":{"_bbp_topic_count":0,"_bbp_reply_count":0,"_bbp_total_topic_count":0,"_bbp_total_reply_count":0,"_bbp_voice_count":0,"_bbp_anonymous_reply_count":0,"_bbp_topic_count_hidden":0,"_bbp_reply_count_hidden":0,"_bbp_forum_subforum_count":0,"site-sidebar-layout":"default","site-content-layout":"","ast-site-content-layout":"","site-content-style":"default","site-sidebar-style":"default","ast-global-header-display":"","ast-banner-title-visibility":"","ast-main-header-display":"","ast-hfb-above-header-display":"","ast-hfb-below-header-display":"","ast-hfb-mobile-header-display":"","site-post-title":"","ast-breadcrumbs-content":"","ast-featured-img":"","footer-sml-layout":"","theme-transparent-header-meta":"","adv-header-id-meta":"","stick-header-meta":"","header-above-stick-meta":"","header-main-stick-meta":"","header-below-stick-meta":"","astra-migrate-meta-layouts":"default","ast-page-background-enabled":"default","ast-page-background-meta":{"desktop":{"background-color":"var(--ast-global-color-4)","background-image":"","background-repeat":"repeat","background-position":"center center","background-size":"auto","background-attachment":"scroll","background-type":"","background-media":"","overlay-type":"","overlay-color":"","overlay-opacity":"","overlay-gradient":""},"tablet":{"background-color":"","background-image":"","background-repeat":"repeat","background-position":"center center","background-size":"auto","background-attachment":"scroll","background-type":"","background-media":"","overlay-type":"","overlay-color":"","overlay-opacity":"","overlay-gradient":""},"mobile":{"background-color":"","background-image":"","background-repeat":"repeat","background-position":"center center","background-size":"auto","background-attachment":"scroll","background-type":"","background-media":"","overlay-type":"","overlay-color":"","overlay-opacity":"","overlay-gradient":""}},"ast-content-background-meta":{"desktop":{"background-color":"var(--ast-global-color-5)","background-image":"","background-repeat":"repeat","background-position":"center center","background-size":"auto","background-attachment":"scroll","background-type":"","background-media":"","overlay-type":"","overlay-color":"","overlay-opacity":"","overlay-gradient":""},"tablet":{"background-color":"var(--ast-global-color-5)","background-image":"","background-repeat":"repeat","background-position":"center center","background-size":"auto","background-attachment":"scroll","background-type":"","background-media":"","overlay-type":"","overlay-color":"","overlay-opacity":"","overlay-gradient":""},"mobile":{"background-color":"var(--ast-global-color-5)","background-image":"","background-repeat":"repeat","background-position":"center center","background-size":"auto","background-attachment":"scroll","background-type":"","background-media":"","overlay-type":"","overlay-color":"","overlay-opacity":"","overlay-gradient":""}},"footnotes":""},"categories":[413,31,471],"tags":[],"class_list":["post-5348","post","type-post","status-publish","format-standard","has-post-thumbnail","hentry","category-2019-20","category-afa","category-noticies-afa"],"post_mailing_queue_ids":[],"_links":{"self":[{"href":"https:\/\/agora.xtec.cat\/ielesvinyes\/wp-json\/wp\/v2\/posts\/5348","targetHints":{"allow":["GET"]}}],"collection":[{"href":"https:\/\/agora.xtec.cat\/ielesvinyes\/wp-json\/wp\/v2\/posts"}],"about":[{"href":"https:\/\/agora.xtec.cat\/ielesvinyes\/wp-json\/wp\/v2\/types\/post"}],"author":[{"embeddable":true,"href":"https:\/\/agora.xtec.cat\/ielesvinyes\/wp-json\/wp\/v2\/users\/52"}],"replies":[{"embeddable":true,"href":"https:\/\/agora.xtec.cat\/ielesvinyes\/wp-json\/wp\/v2\/comments?post=5348"}],"version-history":[{"count":1,"href":"https:\/\/agora.xtec.cat\/ielesvinyes\/wp-json\/wp\/v2\/posts\/5348\/revisions"}],"predecessor-version":[{"id":5351,"href":"https:\/\/agora.xtec.cat\/ielesvinyes\/wp-json\/wp\/v2\/posts\/5348\/revisions\/5351"}],"wp:featuredmedia":[{"embeddable":true,"href":"https:\/\/agora.xtec.cat\/ielesvinyes\/wp-json\/wp\/v2\/media\/5350"}],"wp:attachment":[{"href":"https:\/\/agora.xtec.cat\/ielesvinyes\/wp-json\/wp\/v2\/media?parent=5348"}],"wp:term":[{"taxonomy":"category","embeddable":true,"href":"https:\/\/agora.xtec.cat\/ielesvinyes\/wp-json\/wp\/v2\/categories?post=5348"},{"taxonomy":"post_tag","embeddable":true,"href":"https:\/\/agora.xtec.cat\/ielesvinyes\/wp-json\/wp\/v2\/tags?post=5348"}],"curies":[{"name":"wp","href":"https:\/\/api.w.org\/{rel}","templated":true}]}}