{"id":5325,"date":"2019-09-08T12:27:21","date_gmt":"2019-09-08T10:27:21","guid":{"rendered":"http:\/\/agora.xtec.cat\/ielesvinyes\/?p=5325"},"modified":"2020-02-08T07:12:50","modified_gmt":"2020-02-08T06:12:50","slug":"benvinguda-curs-2019-2020","status":"publish","type":"post","link":"https:\/\/agora.xtec.cat\/ielesvinyes\/afa\/benvinguda-curs-2019-2020\/","title":{"rendered":"Benvinguda curs 2019 &#8211; 2020"},"content":{"rendered":"<div dir=\"ltr\">\n<figure id=\"attachment_5326\" aria-describedby=\"caption-attachment-5326\" style=\"width: 319px\" class=\"wp-caption alignleft\"><a href=\"https:\/\/agora.xtec.cat\/ielesvinyes\/wp-content\/uploads\/usu1433\/2020\/02\/inici-curs-19-20.png\"><img loading=\"lazy\" decoding=\"async\" class=\"wp-image-5326\" src=\"https:\/\/agora.xtec.cat\/ielesvinyes\/wp-content\/uploads\/usu1433\/2020\/02\/inici-curs-19-20.png\" alt=\"\" width=\"319\" height=\"183\" srcset=\"https:\/\/agora.xtec.cat\/ielesvinyes\/wp-content\/uploads\/usu1433\/2020\/02\/inici-curs-19-20.png 913w, https:\/\/agora.xtec.cat\/ielesvinyes\/wp-content\/uploads\/usu1433\/2020\/02\/inici-curs-19-20-300x172.png 300w, https:\/\/agora.xtec.cat\/ielesvinyes\/wp-content\/uploads\/usu1433\/2020\/02\/inici-curs-19-20-768x440.png 768w\" sizes=\"auto, (max-width: 319px) 100vw, 319px\" \/><\/a><figcaption id=\"caption-attachment-5326\" class=\"wp-caption-text\"><sup><em>(Il\u00b7lustraci\u00f3: Joan Turu)<\/em><\/sup><\/figcaption><\/figure>\n<p>&nbsp;<\/p>\n<p style=\"text-align: center;\"><strong>BENVINGUTS AL CURS 2019 &#8211; 2020<\/strong><\/p>\n<p><span lang=\"CA\">Estem a punt d\u2019iniciar el nou curs escolar, el 10\u00e8, i des de l\u2019AFA volem donar-vos la benvinguda i facilitar-vos la tornada amb informacions pr\u00e0ctiques.<\/span><\/p>\n<p>&nbsp;<\/p>\n<p><span lang=\"CA\">Us recordem dates d\u2019inici i altres informacions dels diferents serveis que l\u2019AFA ofereix aquest curs 19-20 i que creiem que poden ser del vostre inter\u00e8s:<\/span><\/p>\n<ul>\n<li><b><span lang=\"CA\">Acollida matins (7.45 a 9.00h)<\/span><\/b><span lang=\"CA\">: 12 de setembre a les 7.45h.<\/span><\/li>\n<li><b><span lang=\"CA\">Acollida de tarda<\/span><\/b><b><span lang=\"CA\">:\u00a0<\/span><\/b><span lang=\"CA\">12 de setembre. De 15.30 a 16.30h per a l\u2019ESO i de 16.30 a 17.30h per a infantil\/prim\u00e0ria.<\/span><\/li>\n<\/ul>\n<ul>\n<li><b><span lang=\"CA\">Extraescolars<\/span><\/b><span lang=\"CA\">: 1 d\u2019octubre. Encara sou a temps d\u2019inscriure-us. La setmana del 16 de setembre us informarem definitivament de quines activitats es portaran a terme i quines no, en funci\u00f3 del n\u00famero d\u2019inscripcions.<\/span><\/li>\n<\/ul>\n<ul>\n<li><span lang=\"CA\"><b>Menjador<\/b><\/span><span lang=\"CA\">: 12 de setembre per a tot l&#8217;amlunat excepte els infants d&#8217;EI (3 anys), que comen\u00e7aran el dia 16 de setembre per ajustar-ho al per\u00edode d&#8217;adaptaci\u00f3.<\/span><\/li>\n<\/ul>\n<ul>\n<li><span lang=\"CA\"><b>Servei de Menjador EVENTUAL<\/b><\/span><span lang=\"CA\"><span lang=\"CA\">: 6,80\u20ac\/dia. S&#8217;haur\u00e0 d&#8217;abonar a la coordinadora de menjador (consergeria) el mateix dia o el dia abans, de 9.00 a 9.30.<\/span><\/span>* <em>Aquest any el Servei de Menjador ESO s&#8217;oferir\u00e0 fins a les 16.30h per a les fam\u00edlies que ho necessitin, sense cost addicional.<\/em><\/li>\n<\/ul>\n<p><span style=\"color: #201f1e; font-family: Calibri, sans-serif;\"><em><b>\u00a0 \u00a0 \u00a0 \u00a0 \u00a0 <span lang=\"CA\">*<\/span>*\u00a0<\/b><b>Tardes del 12 i 13 de setembre:<\/b><b>\u00a0<\/b>els alumnes de 1r. curs ESO acaben les classes a les 13.30 en comptes de les 14.30. Els alumnes que es quedin al menjador tindran monitors per cobrir l&#8217;hora de 13.30 a 14.30.<\/em><br \/>\n<\/span>Aprofitem tamb\u00e9 per convidar-vos a la primera reuni\u00f3 de la Junta, el proper<b><u>\u00a0dijous 26 de setembre a les 20.30h<\/u><\/b>\u00a0a la biblioteca del centre. Participar dins de la comunitat educativa i estar prop del centre recolzant la feina dels mestres i professors \u00e9s una experi\u00e8ncia molt enriquidora que de ben segur us agrairan els vostres fills. Junts i amb colla podem fer moltes coses per millorar el projecte del centre i el cam\u00ed educatiu dels nostres infants. Animeu-vos!\u00a0Estarem encantats de poder comptar amb la vostra ajuda!<\/p>\n<p><b><u><span lang=\"CA\">INFORMACI\u00d3 IMPORTANT<\/span><\/u><\/b><\/p>\n<ul>\n<li><span lang=\"CA\">Recordeu que per fer \u00fas dels serveis de l\u2019AFA cal ser-ne soci. Si no heu emplenat la inscripci\u00f3, encara hi sou a temps.\u00a0<b>Feu-ne el pagament i envieu el full d\u2019inscripci\u00f3 i el comprovant a\u00a0<\/b><\/span><span lang=\"CA\"><a href=\"mailto:afa@ielesvinyes.net\" target=\"_blank\" rel=\"noopener noreferrer\"><b>afa@ielesvinyes.net<\/b><\/a><\/span><b><span lang=\"CA\">\u00a0o deixeu-lo a la b\u00fastia de l\u2019AFA que hi ha a consergeria.<\/span><\/b><\/li>\n<li><span lang=\"CA\">Per\u00a0contractar els serveis d\u2019acollida,\u00a0de\u00a0menjador pel curs 2019-20 feu servir el portal d&#8217;inscripcions de\u00a0<\/span><a href=\"https:\/\/menjasa.coop\"><span lang=\"CA\">MenjaSa<\/span><\/a><span lang=\"CA\">. Aquest proc\u00e9s s&#8217;ha de fer cada any encara que els\u00a0serveis\u00a0que necessiteu siguin els mateixos d&#8217;un curs a l&#8217;altre. El registre es fa un sol cop.<\/span><\/li>\n<\/ul>\n<ul type=\"disc\">\n<li><span lang=\"CA\">No s<\/span><span lang=\"CA\">&#8216;admetr\u00e0 cap sol\u00b7licitud de fam\u00edlies que tinguin deute del curs anterior.<\/span><\/li>\n<li><span lang=\"CA\">Recordeu indicar a tots els formularis si sou fam\u00edlies monoparentals o nombroses, aix\u00ed com si hi ha germans a les mateixes activitats, per gaudir de descomptes en aquells casos en que sigui possible.<\/span><\/li>\n<\/ul>\n<p>&nbsp;<\/p>\n<p><span lang=\"CA\">Que tingueu un bon inici de curs!<\/span><\/p>\n<\/div>\n","protected":false},"excerpt":{"rendered":"<p>&nbsp; BENVINGUTS AL CURS 2019 &#8211; 2020 Estem a punt d\u2019iniciar el nou curs escolar, el 10\u00e8, i des de l\u2019AFA volem donar-vos la benvinguda i facilitar-vos la tornada amb informacions pr\u00e0ctiques. &nbsp; Us recordem dates d\u2019inici i altres informacions dels diferents serveis que l\u2019AFA ofereix aquest curs 19-20 i que creiem que poden ser [&hellip;]<\/p>\n","protected":false},"author":52,"featured_media":5326,"comment_status":"open","ping_status":"closed","sticky":false,"template":"","format":"standard","meta":{"_bbp_topic_count":0,"_bbp_reply_count":0,"_bbp_total_topic_count":0,"_bbp_total_reply_count":0,"_bbp_voice_count":0,"_bbp_anonymous_reply_count":0,"_bbp_topic_count_hidden":0,"_bbp_reply_count_hidden":0,"_bbp_forum_subforum_count":0,"site-sidebar-layout":"default","site-content-layout":"","ast-site-content-layout":"","site-content-style":"default","site-sidebar-style":"default","ast-global-header-display":"","ast-banner-title-visibility":"","ast-main-header-display":"","ast-hfb-above-header-display":"","ast-hfb-below-header-display":"","ast-hfb-mobile-header-display":"","site-post-title":"","ast-breadcrumbs-content":"","ast-featured-img":"","footer-sml-layout":"","theme-transparent-header-meta":"","adv-header-id-meta":"","stick-header-meta":"","header-above-stick-meta":"","header-main-stick-meta":"","header-below-stick-meta":"","astra-migrate-meta-layouts":"default","ast-page-background-enabled":"default","ast-page-background-meta":{"desktop":{"background-color":"var(--ast-global-color-4)","background-image":"","background-repeat":"repeat","background-position":"center center","background-size":"auto","background-attachment":"scroll","background-type":"","background-media":"","overlay-type":"","overlay-color":"","overlay-opacity":"","overlay-gradient":""},"tablet":{"background-color":"","background-image":"","background-repeat":"repeat","background-position":"center center","background-size":"auto","background-attachment":"scroll","background-type":"","background-media":"","overlay-type":"","overlay-color":"","overlay-opacity":"","overlay-gradient":""},"mobile":{"background-color":"","background-image":"","background-repeat":"repeat","background-position":"center center","background-size":"auto","background-attachment":"scroll","background-type":"","background-media":"","overlay-type":"","overlay-color":"","overlay-opacity":"","overlay-gradient":""}},"ast-content-background-meta":{"desktop":{"background-color":"var(--ast-global-color-5)","background-image":"","background-repeat":"repeat","background-position":"center center","background-size":"auto","background-attachment":"scroll","background-type":"","background-media":"","overlay-type":"","overlay-color":"","overlay-opacity":"","overlay-gradient":""},"tablet":{"background-color":"var(--ast-global-color-5)","background-image":"","background-repeat":"repeat","background-position":"center center","background-size":"auto","background-attachment":"scroll","background-type":"","background-media":"","overlay-type":"","overlay-color":"","overlay-opacity":"","overlay-gradient":""},"mobile":{"background-color":"var(--ast-global-color-5)","background-image":"","background-repeat":"repeat","background-position":"center center","background-size":"auto","background-attachment":"scroll","background-type":"","background-media":"","overlay-type":"","overlay-color":"","overlay-opacity":"","overlay-gradient":""}},"footnotes":""},"categories":[413,31,471],"tags":[],"class_list":["post-5325","post","type-post","status-publish","format-standard","has-post-thumbnail","hentry","category-2019-20","category-afa","category-noticies-afa"],"post_mailing_queue_ids":[],"_links":{"self":[{"href":"https:\/\/agora.xtec.cat\/ielesvinyes\/wp-json\/wp\/v2\/posts\/5325","targetHints":{"allow":["GET"]}}],"collection":[{"href":"https:\/\/agora.xtec.cat\/ielesvinyes\/wp-json\/wp\/v2\/posts"}],"about":[{"href":"https:\/\/agora.xtec.cat\/ielesvinyes\/wp-json\/wp\/v2\/types\/post"}],"author":[{"embeddable":true,"href":"https:\/\/agora.xtec.cat\/ielesvinyes\/wp-json\/wp\/v2\/users\/52"}],"replies":[{"embeddable":true,"href":"https:\/\/agora.xtec.cat\/ielesvinyes\/wp-json\/wp\/v2\/comments?post=5325"}],"version-history":[{"count":3,"href":"https:\/\/agora.xtec.cat\/ielesvinyes\/wp-json\/wp\/v2\/posts\/5325\/revisions"}],"predecessor-version":[{"id":5948,"href":"https:\/\/agora.xtec.cat\/ielesvinyes\/wp-json\/wp\/v2\/posts\/5325\/revisions\/5948"}],"wp:featuredmedia":[{"embeddable":true,"href":"https:\/\/agora.xtec.cat\/ielesvinyes\/wp-json\/wp\/v2\/media\/5326"}],"wp:attachment":[{"href":"https:\/\/agora.xtec.cat\/ielesvinyes\/wp-json\/wp\/v2\/media?parent=5325"}],"wp:term":[{"taxonomy":"category","embeddable":true,"href":"https:\/\/agora.xtec.cat\/ielesvinyes\/wp-json\/wp\/v2\/categories?post=5325"},{"taxonomy":"post_tag","embeddable":true,"href":"https:\/\/agora.xtec.cat\/ielesvinyes\/wp-json\/wp\/v2\/tags?post=5325"}],"curies":[{"name":"wp","href":"https:\/\/api.w.org\/{rel}","templated":true}]}}