{"id":5312,"date":"2019-12-09T10:17:31","date_gmt":"2019-12-09T09:17:31","guid":{"rendered":"http:\/\/agora.xtec.cat\/ielesvinyes\/?p=5312"},"modified":"2020-02-03T12:04:53","modified_gmt":"2020-02-03T11:04:53","slug":"convocatoria-dassemblea-general-ordinaria","status":"publish","type":"post","link":"https:\/\/agora.xtec.cat\/ielesvinyes\/afa\/convocatoria-dassemblea-general-ordinaria\/","title":{"rendered":"Convocat\u00f2ria d&#8217;Assemblea General Ordin\u00e0ria"},"content":{"rendered":"<p><a href=\"https:\/\/agora.xtec.cat\/ielesvinyes\/wp-content\/uploads\/usu1433\/2020\/02\/Assemblea-socis.png\"><img loading=\"lazy\" decoding=\"async\" class=\"size-full wp-image-5313 aligncenter\" src=\"https:\/\/agora.xtec.cat\/ielesvinyes\/wp-content\/uploads\/usu1433\/2020\/02\/Assemblea-socis.png\" alt=\"\" width=\"661\" height=\"222\" srcset=\"https:\/\/agora.xtec.cat\/ielesvinyes\/wp-content\/uploads\/usu1433\/2020\/02\/Assemblea-socis.png 661w, https:\/\/agora.xtec.cat\/ielesvinyes\/wp-content\/uploads\/usu1433\/2020\/02\/Assemblea-socis-300x101.png 300w\" sizes=\"auto, (max-width: 661px) 100vw, 661px\" \/><\/a><\/p>\n<p><span style=\"color: #444444; font-family: verdana, sans-serif;\">Us convoquem a l&#8217;<u>assemblea\u00a0general ordin\u00e0ria<\/u> de l&#8217;AFA per tots els socis, que tindr\u00e0 lloc el proper <b>dijous 12 de desembre a les 19h a la biblioteca del centre,<\/b>\u00a0amb el seg\u00fcent ordre del dia:<\/span><\/p>\n<ol>\n<li><span style=\"font-family: verdana, sans-serif;\">Balan\u00e7 econ\u00f2mic i estat de comptes<\/span><\/li>\n<li><span style=\"font-family: verdana, sans-serif;\">Projectes AFA curs 19-20<\/span><\/li>\n<li><span style=\"font-family: verdana, sans-serif;\">Ratificaci\u00f3 de vocals<\/span><\/li>\n<li><span style=\"font-family: verdana, sans-serif;\">Precs, preguntes i suggeriments<\/span><\/li>\n<\/ol>\n<p><span style=\"color: #444444; font-family: verdana, sans-serif;\">Esperem la teva participaci\u00f3.\u00a0<\/span><\/p>\n<p><span style=\"color: #444444; font-family: verdana, sans-serif;\">Per confirmar assist\u00e8ncia cliqueu en el seg\u00fcent enlla\u00e7:\u00a0<\/span><a href=\"https:\/\/forms.gle\/GUSf1DHt3hEnM7959\" target=\"_blank\" rel=\"noopener noreferrer\" data-saferedirecturl=\"https:\/\/www.google.com\/url?q=https:\/\/forms.gle\/GUSf1DHt3hEnM7959&amp;source=gmail&amp;ust=1580811947965000&amp;usg=AFQjCNEEdbamt4ZN76tcSAeX7cOZkYfLNw\">https:\/\/forms.gle\/<wbr \/>GUSf1DHt3hEnM7959<\/a><\/p>\n<p>&nbsp;<\/p>\n<div>\n<p><span style=\"color: #444444; font-family: verdana, sans-serif;\">Salutacions!<\/span><\/p>\n<p><span style=\"color: #444444; font-family: verdana, sans-serif;\">Junta directiva (Olga, Enrique, Cristina, Marc)<\/span><\/p>\n<\/div>\n","protected":false},"excerpt":{"rendered":"<p>Us convoquem a l&#8217;assemblea\u00a0general ordin\u00e0ria de l&#8217;AFA per tots els socis, que tindr\u00e0 lloc el proper dijous 12 de desembre a les 19h a la biblioteca del centre,\u00a0amb el seg\u00fcent ordre del dia: Balan\u00e7 econ\u00f2mic i estat de comptes Projectes AFA curs 19-20 Ratificaci\u00f3 de vocals Precs, preguntes i suggeriments Esperem la teva participaci\u00f3.\u00a0 Per [&hellip;]<\/p>\n","protected":false},"author":52,"featured_media":5313,"comment_status":"open","ping_status":"closed","sticky":false,"template":"","format":"standard","meta":{"_bbp_topic_count":0,"_bbp_reply_count":0,"_bbp_total_topic_count":0,"_bbp_total_reply_count":0,"_bbp_voice_count":0,"_bbp_anonymous_reply_count":0,"_bbp_topic_count_hidden":0,"_bbp_reply_count_hidden":0,"_bbp_forum_subforum_count":0,"site-sidebar-layout":"default","site-content-layout":"","ast-site-content-layout":"","site-content-style":"default","site-sidebar-style":"default","ast-global-header-display":"","ast-banner-title-visibility":"","ast-main-header-display":"","ast-hfb-above-header-display":"","ast-hfb-below-header-display":"","ast-hfb-mobile-header-display":"","site-post-title":"","ast-breadcrumbs-content":"","ast-featured-img":"","footer-sml-layout":"","theme-transparent-header-meta":"","adv-header-id-meta":"","stick-header-meta":"","header-above-stick-meta":"","header-main-stick-meta":"","header-below-stick-meta":"","astra-migrate-meta-layouts":"default","ast-page-background-enabled":"default","ast-page-background-meta":{"desktop":{"background-color":"var(--ast-global-color-4)","background-image":"","background-repeat":"repeat","background-position":"center center","background-size":"auto","background-attachment":"scroll","background-type":"","background-media":"","overlay-type":"","overlay-color":"","overlay-opacity":"","overlay-gradient":""},"tablet":{"background-color":"","background-image":"","background-repeat":"repeat","background-position":"center center","background-size":"auto","background-attachment":"scroll","background-type":"","background-media":"","overlay-type":"","overlay-color":"","overlay-opacity":"","overlay-gradient":""},"mobile":{"background-color":"","background-image":"","background-repeat":"repeat","background-position":"center center","background-size":"auto","background-attachment":"scroll","background-type":"","background-media":"","overlay-type":"","overlay-color":"","overlay-opacity":"","overlay-gradient":""}},"ast-content-background-meta":{"desktop":{"background-color":"var(--ast-global-color-5)","background-image":"","background-repeat":"repeat","background-position":"center center","background-size":"auto","background-attachment":"scroll","background-type":"","background-media":"","overlay-type":"","overlay-color":"","overlay-opacity":"","overlay-gradient":""},"tablet":{"background-color":"var(--ast-global-color-5)","background-image":"","background-repeat":"repeat","background-position":"center center","background-size":"auto","background-attachment":"scroll","background-type":"","background-media":"","overlay-type":"","overlay-color":"","overlay-opacity":"","overlay-gradient":""},"mobile":{"background-color":"var(--ast-global-color-5)","background-image":"","background-repeat":"repeat","background-position":"center center","background-size":"auto","background-attachment":"scroll","background-type":"","background-media":"","overlay-type":"","overlay-color":"","overlay-opacity":"","overlay-gradient":""}},"footnotes":""},"categories":[413,31,471],"tags":[],"class_list":["post-5312","post","type-post","status-publish","format-standard","has-post-thumbnail","hentry","category-2019-20","category-afa","category-noticies-afa"],"post_mailing_queue_ids":[],"_links":{"self":[{"href":"https:\/\/agora.xtec.cat\/ielesvinyes\/wp-json\/wp\/v2\/posts\/5312","targetHints":{"allow":["GET"]}}],"collection":[{"href":"https:\/\/agora.xtec.cat\/ielesvinyes\/wp-json\/wp\/v2\/posts"}],"about":[{"href":"https:\/\/agora.xtec.cat\/ielesvinyes\/wp-json\/wp\/v2\/types\/post"}],"author":[{"embeddable":true,"href":"https:\/\/agora.xtec.cat\/ielesvinyes\/wp-json\/wp\/v2\/users\/52"}],"replies":[{"embeddable":true,"href":"https:\/\/agora.xtec.cat\/ielesvinyes\/wp-json\/wp\/v2\/comments?post=5312"}],"version-history":[{"count":1,"href":"https:\/\/agora.xtec.cat\/ielesvinyes\/wp-json\/wp\/v2\/posts\/5312\/revisions"}],"predecessor-version":[{"id":5314,"href":"https:\/\/agora.xtec.cat\/ielesvinyes\/wp-json\/wp\/v2\/posts\/5312\/revisions\/5314"}],"wp:featuredmedia":[{"embeddable":true,"href":"https:\/\/agora.xtec.cat\/ielesvinyes\/wp-json\/wp\/v2\/media\/5313"}],"wp:attachment":[{"href":"https:\/\/agora.xtec.cat\/ielesvinyes\/wp-json\/wp\/v2\/media?parent=5312"}],"wp:term":[{"taxonomy":"category","embeddable":true,"href":"https:\/\/agora.xtec.cat\/ielesvinyes\/wp-json\/wp\/v2\/categories?post=5312"},{"taxonomy":"post_tag","embeddable":true,"href":"https:\/\/agora.xtec.cat\/ielesvinyes\/wp-json\/wp\/v2\/tags?post=5312"}],"curies":[{"name":"wp","href":"https:\/\/api.w.org\/{rel}","templated":true}]}}