{"id":5106,"date":"2020-01-27T14:34:38","date_gmt":"2020-01-27T13:34:38","guid":{"rendered":"http:\/\/agora.xtec.cat\/ielesvinyes\/?p=5106"},"modified":"2020-01-27T14:37:27","modified_gmt":"2020-01-27T13:37:27","slug":"demac-castellbisbal","status":"publish","type":"post","link":"https:\/\/agora.xtec.cat\/ielesvinyes\/general\/demac-castellbisbal\/","title":{"rendered":"DEMAC : Defensa Medi Ambient Castellbisbal"},"content":{"rendered":"<p>El passat dimarts dia 10 de desembre del 2019, DEMAC (Defensa Medi Ambient Castellbisbal) va convocar una xerrada i va tenir lloc a l&#8217;espai de la pla\u00e7a, en finalitzar aquesta xerrada on hi va assistir el naturalista Alfred Belles es va decidir que l&#8217;associaci\u00f3 de DEMAC es torneria a obrir, per culpa de l&#8217;emerg\u00e8ncia clim\u00e0tica que est\u00e0 patint tant Castellbisbal com molts altres municipis.<\/p>\n<p>DEMAC va ser un grup activista que es va tancar l&#8217;any 2000 despr\u00e9s d&#8217;aconseguir el seu prop\u00f2sit, que era que no s&#8217;inaugures una f\u00e0brica que es volia obrir al mig d&#8217;un descampat ple de natura, despr\u00e9s d&#8217;aix\u00f2 no van tornar a deixar rastre fins que fa uns mesos van avisar que es reobriria aquesta associaci\u00f3 pel clima despr\u00e9s d&#8217;haver-ho decidit en una reuni\u00f3 el dia 10 de desembre del 2019.<\/p>\n<p>Entre tota l&#8217;associaci\u00f3 de DEMAC van crear una revista que es deia Terra Vermella, la van voler fer perqu\u00e8 volien que m\u00e9s gent s&#8217;assabentes del mal que podria arribar a fer aquella f\u00e0brica al medi ambient de Castellbisbal.<\/p>\n<h1><span style=\"font-weight: 400;\">Terra Vermella<\/span><\/h1>\n<p><span style=\"font-weight: 400;\">Revista de l&#8217;associaci\u00f3 Defensa del Medi Ambient de Castellbisbal, DEMAC<\/span><\/p>\n<p><b>Autor<\/b><span style=\"font-weight: 400;\">: Defensa del Medi Ambient de Castellbisbal, DEMAC<\/span><\/p>\n<p><b>Anys<\/b><span style=\"font-weight: 400;\">: de 1991 a 2000<\/span><\/p>\n<p>&nbsp;<\/p>\n<p>ARTICLE CREAT GR\u00c0CIES A LA Col\u00b7laboraci\u00f3 DE: Joan P., Arnau V., Armand N.<\/p>\n","protected":false},"excerpt":{"rendered":"<p>DEMAC va ser una associaci\u00f3 que despr\u00e9s d&#8217;aconseguir el seu prop\u00f2sit de tancar una fabrica el 2000, al dia d&#8217;avui ha tornat a obrir degut a l&#8217;emerg\u00e8ncia clim\u00e0tica.<\/p>\n","protected":false},"author":30,"featured_media":0,"comment_status":"open","ping_status":"closed","sticky":false,"template":"","format":"standard","meta":{"_bbp_topic_count":0,"_bbp_reply_count":0,"_bbp_total_topic_count":0,"_bbp_total_reply_count":0,"_bbp_voice_count":0,"_bbp_anonymous_reply_count":0,"_bbp_topic_count_hidden":0,"_bbp_reply_count_hidden":0,"_bbp_forum_subforum_count":0,"site-sidebar-layout":"default","site-content-layout":"","ast-site-content-layout":"","site-content-style":"default","site-sidebar-style":"default","ast-global-header-display":"","ast-banner-title-visibility":"","ast-main-header-display":"","ast-hfb-above-header-display":"","ast-hfb-below-header-display":"","ast-hfb-mobile-header-display":"","site-post-title":"","ast-breadcrumbs-content":"","ast-featured-img":"","footer-sml-layout":"","theme-transparent-header-meta":"","adv-header-id-meta":"","stick-header-meta":"","header-above-stick-meta":"","header-main-stick-meta":"","header-below-stick-meta":"","astra-migrate-meta-layouts":"default","ast-page-background-enabled":"default","ast-page-background-meta":{"desktop":{"background-color":"var(--ast-global-color-4)","background-image":"","background-repeat":"repeat","background-position":"center center","background-size":"auto","background-attachment":"scroll","background-type":"","background-media":"","overlay-type":"","overlay-color":"","overlay-opacity":"","overlay-gradient":""},"tablet":{"background-color":"","background-image":"","background-repeat":"repeat","background-position":"center center","background-size":"auto","background-attachment":"scroll","background-type":"","background-media":"","overlay-type":"","overlay-color":"","overlay-opacity":"","overlay-gradient":""},"mobile":{"background-color":"","background-image":"","background-repeat":"repeat","background-position":"center center","background-size":"auto","background-attachment":"scroll","background-type":"","background-media":"","overlay-type":"","overlay-color":"","overlay-opacity":"","overlay-gradient":""}},"ast-content-background-meta":{"desktop":{"background-color":"var(--ast-global-color-5)","background-image":"","background-repeat":"repeat","background-position":"center center","background-size":"auto","background-attachment":"scroll","background-type":"","background-media":"","overlay-type":"","overlay-color":"","overlay-opacity":"","overlay-gradient":""},"tablet":{"background-color":"var(--ast-global-color-5)","background-image":"","background-repeat":"repeat","background-position":"center center","background-size":"auto","background-attachment":"scroll","background-type":"","background-media":"","overlay-type":"","overlay-color":"","overlay-opacity":"","overlay-gradient":""},"mobile":{"background-color":"var(--ast-global-color-5)","background-image":"","background-repeat":"repeat","background-position":"center center","background-size":"auto","background-attachment":"scroll","background-type":"","background-media":"","overlay-type":"","overlay-color":"","overlay-opacity":"","overlay-gradient":""}},"footnotes":""},"categories":[1,414],"tags":[510,511,388,389,429,416],"class_list":["post-5106","post","type-post","status-publish","format-standard","hentry","category-general","category-revista-la-verema","tag-associacio","tag-canvi-climatic","tag-castellbisbal","tag-medi-ambient","tag-natura","tag-revistalaverema"],"post_mailing_queue_ids":[],"_links":{"self":[{"href":"https:\/\/agora.xtec.cat\/ielesvinyes\/wp-json\/wp\/v2\/posts\/5106","targetHints":{"allow":["GET"]}}],"collection":[{"href":"https:\/\/agora.xtec.cat\/ielesvinyes\/wp-json\/wp\/v2\/posts"}],"about":[{"href":"https:\/\/agora.xtec.cat\/ielesvinyes\/wp-json\/wp\/v2\/types\/post"}],"author":[{"embeddable":true,"href":"https:\/\/agora.xtec.cat\/ielesvinyes\/wp-json\/wp\/v2\/users\/30"}],"replies":[{"embeddable":true,"href":"https:\/\/agora.xtec.cat\/ielesvinyes\/wp-json\/wp\/v2\/comments?post=5106"}],"version-history":[{"count":3,"href":"https:\/\/agora.xtec.cat\/ielesvinyes\/wp-json\/wp\/v2\/posts\/5106\/revisions"}],"predecessor-version":[{"id":5124,"href":"https:\/\/agora.xtec.cat\/ielesvinyes\/wp-json\/wp\/v2\/posts\/5106\/revisions\/5124"}],"wp:attachment":[{"href":"https:\/\/agora.xtec.cat\/ielesvinyes\/wp-json\/wp\/v2\/media?parent=5106"}],"wp:term":[{"taxonomy":"category","embeddable":true,"href":"https:\/\/agora.xtec.cat\/ielesvinyes\/wp-json\/wp\/v2\/categories?post=5106"},{"taxonomy":"post_tag","embeddable":true,"href":"https:\/\/agora.xtec.cat\/ielesvinyes\/wp-json\/wp\/v2\/tags?post=5106"}],"curies":[{"name":"wp","href":"https:\/\/api.w.org\/{rel}","templated":true}]}}