{"id":4997,"date":"2020-01-27T14:41:08","date_gmt":"2020-01-27T13:41:08","guid":{"rendered":"http:\/\/agora.xtec.cat\/ielesvinyes\/?p=4997"},"modified":"2020-01-27T14:41:25","modified_gmt":"2020-01-27T13:41:25","slug":"alan-kurdi","status":"publish","type":"post","link":"https:\/\/agora.xtec.cat\/ielesvinyes\/general\/alan-kurdi\/","title":{"rendered":"Alan Kurdi"},"content":{"rendered":"<p>&nbsp;<\/p>\n<p><strong>QU\u00c8 \u00c9S?<\/strong><\/p>\n<p><span style=\"font-weight: 400;\">\u00c9s una ONG, qu\u00e8 s\u2019encarrega de rescatar del mar als refugiats, que arriben a Europa fugint dels conflictes b\u00e8l\u00b7lics o pobresa\u00a0 Es dediquen a vigilar i salvar a persones que necessiten auxili.<\/span><\/p>\n<p><strong>ORIGEN DE L&#8217;ONG<\/strong><\/p>\n<p><span style=\"font-weight: 400;\">L\u2019<\/span><a href=\"https:\/\/www.youtube.com\/watch?v=Q7-ANpyWjNM&amp;t=164s\"><span style=\"font-weight: 400;\">\u00d2scar Camps<\/span><\/a><span style=\"font-weight: 400;\">, va ser el fundador. Ho va crear al Setembre del 2015 ell \u00e9s el que ho organitza. Com tots ja sabeu el significat d\u2019<\/span><a href=\"https:\/\/www.youtube.com\/watch?v=i5hQzO5kk3Y\"><span style=\"font-weight: 400;\">OPEN ARMS<\/span><\/a><span style=\"font-weight: 400;\"> \u00e9s Bra\u00e7os oberts (volent significar l&#8217;acollida dels immigrants).\u00a0<\/span><\/p>\n<p><strong>\u00d2SCAR CAMPS<\/strong><\/p>\n<p><span style=\"font-weight: 400;\">L\u2019\u00d2scar Camps va n\u00e9ixer a Barcelona i <\/span><span style=\"font-weight: 400;\">tenia una empresa de socorrisme a Badalona. Es preocupava per la sort que corrien els que fugien de la guerra de S\u00edria i que morien a intentar arribar amb petites barques a les costes de Gr\u00e8cia. Ell es va inspirar veient imatges de nens\/es ofegats a les platges. Com \u00e9s el cas de l\u2019Alan. <\/span><span style=\"font-weight: 400;\">Va pensar que amb la seva experi\u00e8ncia podia ajudar a salvar moltes vides.<\/span><\/p>\n<p><strong>ALAN KURDI<\/strong><\/p>\n<p><span style=\"font-weight: 400;\">L\u2019Alan era un nen Kurd que amb tant sols 3 anys, va apar\u00e8ixer ofegat la platja de Bodrum (Turquia) quan intentava arribar a\u00a0 Europa. La seva imatge va fer la volta al m\u00f3n, i va servir per conscienciar a molta gent, entre d&#8217;ella a l&#8217;\u00d2scar Camps.\u00a0<\/span><\/p>\n<p><strong>ACTUALITAT<\/strong><\/p>\n<p>&#8220;Open arms salva 118 persones en dos rescats al mediterrani central&#8221; &#8211;<strong>divendres 10 de Gener del 2020<\/strong><\/p>\n<p>L&#8217;<em class=\"mce\">\u00a0Open Arms<\/em>\u00a0ha salvat 118 persones en dos rescats aquest divendres al Mediterrani central. Al mat\u00ed han trobat una pastera a la deriva amb 44 homes i al vespre han rescatat una altra embarcaci\u00f3 amb 72 persones, entre les quals hi havia 15 dones (dues d&#8217;elles embarassades), 7 criatures de menys de 10 anys, i 11 menors de 18 anys. Segons ha explicat l&#8217;ONG badalonina es trobaven en &#8220;estat de p\u00e0nic&#8221;. Havien sortit de la ciutat l\u00edbia de Sabrata aquest divendres de matianda. Els equip m\u00e8dics a bord del vell remolcador han hagut de reanimar una criatura que havia perdut el coneixement.<\/p>\n<div class=\"media-holder\">\n<figure id=\"insetGallery_2906839301214856959\" class=\"inset-gallery\">\n<div class=\"scr-wrap\">\n<p>&nbsp;<\/p>\n<\/div>\n<\/figure>\n<\/div>\n<p><a href=\"https:\/\/agora.xtec.cat\/ielesvinyes\/wp-content\/uploads\/usu1433\/2020\/01\/pastera-viatjaven-homes-portava-deriva_2378172402_68769838_651x366.jpg\"><img loading=\"lazy\" decoding=\"async\" class=\"alignnone size-full wp-image-5007\" src=\"https:\/\/agora.xtec.cat\/ielesvinyes\/wp-content\/uploads\/usu1433\/2020\/01\/pastera-viatjaven-homes-portava-deriva_2378172402_68769838_651x366.jpg\" alt=\"\" width=\"651\" height=\"366\" srcset=\"https:\/\/agora.xtec.cat\/ielesvinyes\/wp-content\/uploads\/usu1433\/2020\/01\/pastera-viatjaven-homes-portava-deriva_2378172402_68769838_651x366.jpg 651w, https:\/\/agora.xtec.cat\/ielesvinyes\/wp-content\/uploads\/usu1433\/2020\/01\/pastera-viatjaven-homes-portava-deriva_2378172402_68769838_651x366-300x169.jpg 300w\" sizes=\"auto, (max-width: 651px) 100vw, 651px\" \/><\/a><\/p>\n<p>La pastera en qu\u00e8 viatjaven els 44 homes tenia una via d&#8217;aigua i portava dos dies a la deriva. \/ OPEN ARMS<\/p>\n<h1 class=\"pg-bkn-headline\">Oscar Camps: &#8220;L&#8221;Open Arms&#8217; \u00e9s massa vell, si no podem reparar-lo a fons o comprar un vaixell nou haurem de plegar&#8221;<\/h1>\n<div class=\"pg-bkn-nutfold txt\">El remolcador, del 1974, pateix avaries constants que amenacen la seguretat de n\u00e0ufrags i tripulaci\u00f3.<\/div>\n<div><\/div>\n<div>\n<p><span style=\"font-weight: 400;\">El vell remolcador ja no dona per m\u00e9s.<\/span><a href=\"https:\/\/interactius.ara.cat\/openarms\/videos360\"><span style=\"font-weight: 400;\"> L<\/span><i><span style=\"font-weight: 400;\"> &#8216;Open Arms<\/span><\/i><span style=\"font-weight: 400;\">, el vaixell de l&#8217;ONG badalonina de rescat de migrants<\/span><\/a><span style=\"font-weight: 400;\">, ha complert 47 anys i malgrat les constants reparacions i adaptacions que li han fet ha dit prou. Ara es troba al Mediterrani Central, <\/span><a href=\"https:\/\/www.ara.cat\/internacional\/Open-Arms-persones-rescats-Mediterrani_0_2378162368.html\"><span style=\"font-weight: 400;\">amb 118 persones a bord que van ser rescatades divendres en dues operacions<\/span><\/a><span style=\"font-weight: 400;\">, i el motor ha tornat a fallar. Els mec\u00e0nics han pogut apeda\u00e7ar-lo en alta mar en condicions dif\u00edcils, i un cop les autoritats els indiquin un port segur on desembarcar els n\u00e0ufrags s&#8217;haur\u00e0 de fer un replantejament. Oscar Camps, director i fundador de l&#8217;ONG, fa una crida a la societat civil catalana per obtenir dos milions d&#8217;euros per reparar el vell vaixell o comprar-ne un de nou. Si no, assegura, l&#8217;organitzaci\u00f3 no podr\u00e0 continuar salvant vides. Camps respon a les preguntes de l&#8217;ARA en una entrevista telef\u00f2nica des del vaixell.<\/span><a href=\"https:\/\/agora.xtec.cat\/ielesvinyes\/wp-content\/uploads\/usu1433\/2020\/01\/Open-Arms-al-Port-Mediterrani_2379972114_68825613_651x366.jpg\"><img loading=\"lazy\" decoding=\"async\" class=\"alignnone size-full wp-image-5016\" src=\"https:\/\/agora.xtec.cat\/ielesvinyes\/wp-content\/uploads\/usu1433\/2020\/01\/Open-Arms-al-Port-Mediterrani_2379972114_68825613_651x366.jpg\" alt=\"\" width=\"651\" height=\"366\" srcset=\"https:\/\/agora.xtec.cat\/ielesvinyes\/wp-content\/uploads\/usu1433\/2020\/01\/Open-Arms-al-Port-Mediterrani_2379972114_68825613_651x366.jpg 651w, https:\/\/agora.xtec.cat\/ielesvinyes\/wp-content\/uploads\/usu1433\/2020\/01\/Open-Arms-al-Port-Mediterrani_2379972114_68825613_651x366-300x169.jpg 300w\" sizes=\"auto, (max-width: 651px) 100vw, 651px\" \/><\/a><\/p>\n<p><b>Qu\u00e8 podem fer per ajudar?<\/b><\/p>\n<p><span style=\"font-weight: 400;\">Hi ha una p\u00e0gina a Internet que serveix per col\u00b7laborar en la donaci\u00f3 de diners per ajudar a la gent que emigra a que arribin segurs i vius. Hem de tenir en compte que em poc menys d\u2019un any han tingut unes despeses de 3,6 milions d\u2019euros: combustible, alimentaci\u00f3, medicaments, metges, psic\u00f2legs&#8230;<\/span><\/p>\n<p>\u00d2bviament hem de tenir en compte que el suport i el voluntariat tamb\u00e9 es fonamental.<\/p>\n<p><a href=\"https:\/\/www.proactivaopenarms.org\/es\/dona\"><span style=\"font-weight: 400;\">https:\/\/www.proactivaopenarms.org\/es\/dona<\/span><\/a><span style=\"font-weight: 400;\"> (enlla\u00e7 per donar o solament informarte&#8217;n amb profunditat sobre l&#8217;origen i l&#8217;actualitat d&#8217;Open Arms.)<\/span><\/p>\n<p>ABRIL A I CLARA M, 2nA IE LES VINYES:<\/p>\n<\/div>\n","protected":false},"excerpt":{"rendered":"<p>Oscar Camps: &#8220;L&#8221;Open Arms&#8217; \u00e9s massa vell, si no podem reparar-lo a fons o comprar un vaixell nou haurem de plegar&#8221;<\/p>\n","protected":false},"author":47,"featured_media":0,"comment_status":"open","ping_status":"closed","sticky":false,"template":"","format":"standard","meta":{"_bbp_topic_count":0,"_bbp_reply_count":0,"_bbp_total_topic_count":0,"_bbp_total_reply_count":0,"_bbp_voice_count":0,"_bbp_anonymous_reply_count":0,"_bbp_topic_count_hidden":0,"_bbp_reply_count_hidden":0,"_bbp_forum_subforum_count":0,"site-sidebar-layout":"default","site-content-layout":"","ast-site-content-layout":"","site-content-style":"default","site-sidebar-style":"default","ast-global-header-display":"","ast-banner-title-visibility":"","ast-main-header-display":"","ast-hfb-above-header-display":"","ast-hfb-below-header-display":"","ast-hfb-mobile-header-display":"","site-post-title":"","ast-breadcrumbs-content":"","ast-featured-img":"","footer-sml-layout":"","theme-transparent-header-meta":"","adv-header-id-meta":"","stick-header-meta":"","header-above-stick-meta":"","header-main-stick-meta":"","header-below-stick-meta":"","astra-migrate-meta-layouts":"default","ast-page-background-enabled":"default","ast-page-background-meta":{"desktop":{"background-color":"var(--ast-global-color-4)","background-image":"","background-repeat":"repeat","background-position":"center center","background-size":"auto","background-attachment":"scroll","background-type":"","background-media":"","overlay-type":"","overlay-color":"","overlay-opacity":"","overlay-gradient":""},"tablet":{"background-color":"","background-image":"","background-repeat":"repeat","background-position":"center center","background-size":"auto","background-attachment":"scroll","background-type":"","background-media":"","overlay-type":"","overlay-color":"","overlay-opacity":"","overlay-gradient":""},"mobile":{"background-color":"","background-image":"","background-repeat":"repeat","background-position":"center center","background-size":"auto","background-attachment":"scroll","background-type":"","background-media":"","overlay-type":"","overlay-color":"","overlay-opacity":"","overlay-gradient":""}},"ast-content-background-meta":{"desktop":{"background-color":"var(--ast-global-color-5)","background-image":"","background-repeat":"repeat","background-position":"center center","background-size":"auto","background-attachment":"scroll","background-type":"","background-media":"","overlay-type":"","overlay-color":"","overlay-opacity":"","overlay-gradient":""},"tablet":{"background-color":"var(--ast-global-color-5)","background-image":"","background-repeat":"repeat","background-position":"center center","background-size":"auto","background-attachment":"scroll","background-type":"","background-media":"","overlay-type":"","overlay-color":"","overlay-opacity":"","overlay-gradient":""},"mobile":{"background-color":"var(--ast-global-color-5)","background-image":"","background-repeat":"repeat","background-position":"center center","background-size":"auto","background-attachment":"scroll","background-type":"","background-media":"","overlay-type":"","overlay-color":"","overlay-opacity":"","overlay-gradient":""}},"footnotes":""},"categories":[1,414],"tags":[507,506,417,501,493,496,495,499,498,494,436,490,497,505,492,491,504,416,503,502,500],"class_list":["post-4997","post","type-post","status-publish","format-standard","hentry","category-general","category-revista-la-verema","tag-bracosoberts","tag-acollim","tag-actualitat","tag-ajuda","tag-alankurdi","tag-donacio","tag-empatia","tag-fundacio","tag-fundaciosenseanimdelucre","tag-novetat","tag-ong","tag-openarms","tag-oscarcamps","tag-proactivaopenarms","tag-refugiats","tag-refugieeswelcome","tag-rescats","tag-revistalaverema","tag-sos","tag-suport","tag-voluntariat"],"post_mailing_queue_ids":[],"_links":{"self":[{"href":"https:\/\/agora.xtec.cat\/ielesvinyes\/wp-json\/wp\/v2\/posts\/4997","targetHints":{"allow":["GET"]}}],"collection":[{"href":"https:\/\/agora.xtec.cat\/ielesvinyes\/wp-json\/wp\/v2\/posts"}],"about":[{"href":"https:\/\/agora.xtec.cat\/ielesvinyes\/wp-json\/wp\/v2\/types\/post"}],"author":[{"embeddable":true,"href":"https:\/\/agora.xtec.cat\/ielesvinyes\/wp-json\/wp\/v2\/users\/47"}],"replies":[{"embeddable":true,"href":"https:\/\/agora.xtec.cat\/ielesvinyes\/wp-json\/wp\/v2\/comments?post=4997"}],"version-history":[{"count":3,"href":"https:\/\/agora.xtec.cat\/ielesvinyes\/wp-json\/wp\/v2\/posts\/4997\/revisions"}],"predecessor-version":[{"id":5127,"href":"https:\/\/agora.xtec.cat\/ielesvinyes\/wp-json\/wp\/v2\/posts\/4997\/revisions\/5127"}],"wp:attachment":[{"href":"https:\/\/agora.xtec.cat\/ielesvinyes\/wp-json\/wp\/v2\/media?parent=4997"}],"wp:term":[{"taxonomy":"category","embeddable":true,"href":"https:\/\/agora.xtec.cat\/ielesvinyes\/wp-json\/wp\/v2\/categories?post=4997"},{"taxonomy":"post_tag","embeddable":true,"href":"https:\/\/agora.xtec.cat\/ielesvinyes\/wp-json\/wp\/v2\/tags?post=4997"}],"curies":[{"name":"wp","href":"https:\/\/api.w.org\/{rel}","templated":true}]}}