{"id":4996,"date":"2020-01-27T14:27:47","date_gmt":"2020-01-27T13:27:47","guid":{"rendered":"http:\/\/agora.xtec.cat\/ielesvinyes\/?p=4996"},"modified":"2020-01-27T14:27:47","modified_gmt":"2020-01-27T13:27:47","slug":"la-marato","status":"publish","type":"post","link":"https:\/\/agora.xtec.cat\/ielesvinyes\/revista-la-verema\/la-marato\/","title":{"rendered":"LA MARAT\u00d3"},"content":{"rendered":"<p><b>Que \u00e9s la marat\u00f3?\u00a0<\/b><\/p>\n<p><span style=\"font-weight: 400;\">Aquest passat 15 de Desembre s\u2019ha celebrat la Marat\u00f3. La Marat\u00f3 \u00e9s una gala solid\u00e0ria per recaptar diners que aniran destinats a combatre diferents tipus de malalties. Cada any varien els destinataris de la recaptaci\u00f3, aquest s\u2019ha dirigit cap a les malalties minorit\u00e0ries (malalties poc freq\u00fcents). La marat\u00f3 es realitzada per TV3 i Catalunya R\u00e0dio aquest any presentada per Quim Masferrer. Durant el dia van estar realitzant diferents activitats, com per exemple con\u00e8ixer a gent que pateix la malaltia, i Quim Masferrer voltant pels pobles d\u2019arreu de Catalunya. La gala final es va realitzar al teatre Fortuny de Reus, on des de all\u00e0 vam poder saber el total d\u2019euros que es va recaptar. Es van recaptar 9.404.256 euros\u00a0 que van anar dirigides a les investigacions dels principals hospitals que treballen amb malalties minorit\u00e0ries.<\/span><\/p>\n<p>&nbsp;<\/p>\n<p><b>Com hem viscut la marat\u00f3 des de l\u2019institut i a casa?<\/b><\/p>\n<p><span style=\"font-weight: 400;\">Uns dies abans de la primera representaci\u00f3 de la Marat\u00f3, va venir a l\u2019institut una divulgadora especialitzada en les malalties minorit\u00e0ries. Va informar-nos i ens va ensenyar uns v\u00eddeos de gent que patia diferents malalties, el cas del s\u00edndrome d\u2019Angelman, la malaltia de Morquio,la fibrosi qu\u00edstica&#8230;<\/span><\/p>\n<p><span style=\"font-weight: 400;\">El dia de la representaci\u00f3, vam trucar per tel\u00e8fon i vam aportar diners, i tu?\u00a0<\/span><\/p>\n<p><span style=\"font-weight: 400;\">Nosaltres vam aportar trucant per\u00f2 hi han altres formes de col\u00b7laborar:<\/span><\/p>\n<p>Pots col\u00b7laborar rebent trucades o trucant i aportanr diners a un concret n\u00famero.<\/p>\n<p>Es pot enviar un correu i aportar els diners que tu consideris.<\/p>\n<p>Pots aportar participant en xocolatades populars, teatres, festes, curses, activitats&#8230;Arreu de Catalunya.<\/p>\n<p><span style=\"font-weight: 400;\">\u00a0Pots celebrar el teu aniversari i el teu regal pot ser un donatiu.<\/span><\/p>\n<p>A les escoles fan manualitats, gimcanes, activitas per a tothom qui vulgui participar i col\u00b7laborar.<\/p>\n<p>&nbsp;<\/p>\n<p>Article escrit per Jana G. i N\u00faria D..<\/p>\n<p>&nbsp;<\/p>\n","protected":false},"excerpt":{"rendered":"<p>Aquest \u00e9s l&#8217;article sobre la Marat\u00f3, una gran gala solid\u00e0ria que se celebra a Catalunya. T&#8217;expliquem informacions les quals poden ser interessants i et poden fer raonar.<br \/>\nQue \u00e9s la Marat\u00f3? Quan es celebra? Com podem aportar?&#8230;<\/p>\n","protected":false},"author":48,"featured_media":5002,"comment_status":"open","ping_status":"closed","sticky":false,"template":"","format":"standard","meta":{"_bbp_topic_count":0,"_bbp_reply_count":0,"_bbp_total_topic_count":0,"_bbp_total_reply_count":0,"_bbp_voice_count":0,"_bbp_anonymous_reply_count":0,"_bbp_topic_count_hidden":0,"_bbp_reply_count_hidden":0,"_bbp_forum_subforum_count":0,"site-sidebar-layout":"default","site-content-layout":"","ast-site-content-layout":"","site-content-style":"default","site-sidebar-style":"default","ast-global-header-display":"","ast-banner-title-visibility":"","ast-main-header-display":"","ast-hfb-above-header-display":"","ast-hfb-below-header-display":"","ast-hfb-mobile-header-display":"","site-post-title":"","ast-breadcrumbs-content":"","ast-featured-img":"","footer-sml-layout":"","theme-transparent-header-meta":"","adv-header-id-meta":"","stick-header-meta":"","header-above-stick-meta":"","header-main-stick-meta":"","header-below-stick-meta":"","astra-migrate-meta-layouts":"default","ast-page-background-enabled":"default","ast-page-background-meta":{"desktop":{"background-color":"var(--ast-global-color-4)","background-image":"","background-repeat":"repeat","background-position":"center center","background-size":"auto","background-attachment":"scroll","background-type":"","background-media":"","overlay-type":"","overlay-color":"","overlay-opacity":"","overlay-gradient":""},"tablet":{"background-color":"","background-image":"","background-repeat":"repeat","background-position":"center center","background-size":"auto","background-attachment":"scroll","background-type":"","background-media":"","overlay-type":"","overlay-color":"","overlay-opacity":"","overlay-gradient":""},"mobile":{"background-color":"","background-image":"","background-repeat":"repeat","background-position":"center center","background-size":"auto","background-attachment":"scroll","background-type":"","background-media":"","overlay-type":"","overlay-color":"","overlay-opacity":"","overlay-gradient":""}},"ast-content-background-meta":{"desktop":{"background-color":"var(--ast-global-color-5)","background-image":"","background-repeat":"repeat","background-position":"center center","background-size":"auto","background-attachment":"scroll","background-type":"","background-media":"","overlay-type":"","overlay-color":"","overlay-opacity":"","overlay-gradient":""},"tablet":{"background-color":"var(--ast-global-color-5)","background-image":"","background-repeat":"repeat","background-position":"center center","background-size":"auto","background-attachment":"scroll","background-type":"","background-media":"","overlay-type":"","overlay-color":"","overlay-opacity":"","overlay-gradient":""},"mobile":{"background-color":"var(--ast-global-color-5)","background-image":"","background-repeat":"repeat","background-position":"center center","background-size":"auto","background-attachment":"scroll","background-type":"","background-media":"","overlay-type":"","overlay-color":"","overlay-opacity":"","overlay-gradient":""}},"footnotes":""},"categories":[414],"tags":[221,484,416,485],"class_list":["post-4996","post","type-post","status-publish","format-standard","has-post-thumbnail","hentry","category-revista-la-verema","tag-ielesvinyes","tag-la-marato","tag-revistalaverema","tag-som-solidaris"],"post_mailing_queue_ids":[],"_links":{"self":[{"href":"https:\/\/agora.xtec.cat\/ielesvinyes\/wp-json\/wp\/v2\/posts\/4996","targetHints":{"allow":["GET"]}}],"collection":[{"href":"https:\/\/agora.xtec.cat\/ielesvinyes\/wp-json\/wp\/v2\/posts"}],"about":[{"href":"https:\/\/agora.xtec.cat\/ielesvinyes\/wp-json\/wp\/v2\/types\/post"}],"author":[{"embeddable":true,"href":"https:\/\/agora.xtec.cat\/ielesvinyes\/wp-json\/wp\/v2\/users\/48"}],"replies":[{"embeddable":true,"href":"https:\/\/agora.xtec.cat\/ielesvinyes\/wp-json\/wp\/v2\/comments?post=4996"}],"version-history":[{"count":4,"href":"https:\/\/agora.xtec.cat\/ielesvinyes\/wp-json\/wp\/v2\/posts\/4996\/revisions"}],"predecessor-version":[{"id":5120,"href":"https:\/\/agora.xtec.cat\/ielesvinyes\/wp-json\/wp\/v2\/posts\/4996\/revisions\/5120"}],"wp:featuredmedia":[{"embeddable":true,"href":"https:\/\/agora.xtec.cat\/ielesvinyes\/wp-json\/wp\/v2\/media\/5002"}],"wp:attachment":[{"href":"https:\/\/agora.xtec.cat\/ielesvinyes\/wp-json\/wp\/v2\/media?parent=4996"}],"wp:term":[{"taxonomy":"category","embeddable":true,"href":"https:\/\/agora.xtec.cat\/ielesvinyes\/wp-json\/wp\/v2\/categories?post=4996"},{"taxonomy":"post_tag","embeddable":true,"href":"https:\/\/agora.xtec.cat\/ielesvinyes\/wp-json\/wp\/v2\/tags?post=4996"}],"curies":[{"name":"wp","href":"https:\/\/api.w.org\/{rel}","templated":true}]}}