{"id":4988,"date":"2020-01-20T14:19:29","date_gmt":"2020-01-20T13:19:29","guid":{"rendered":"http:\/\/agora.xtec.cat\/ielesvinyes\/?p=4988"},"modified":"2020-01-20T14:19:29","modified_gmt":"2020-01-20T13:19:29","slug":"making-off-logo-la-verema-by-marc-a","status":"publish","type":"post","link":"https:\/\/agora.xtec.cat\/ielesvinyes\/la-verema\/making-off-logo-la-verema-by-marc-a\/","title":{"rendered":"Making Off: Logo la Verema By Marc A."},"content":{"rendered":"<p style=\"font-weight: 400;\">El projecte est\u00e0 compost per un &#8220;collage&#8221; d&#8217;imatges d&#8217;un estil semblant, en aquest cas dibuixat a m\u00e0. Tamb\u00e9 s&#8217;ha de dir que hi ha alguna imatge que t\u00e9 un toc antic perqu\u00e8 ens pot recordar a les etiquetes de vins o alguns quadres antics.<\/p>\n<p>Aquest projecte a sigut obra meva, ja que hav\u00edem de fer un logotip per la revista i li vaig posar moltes hores i em vaig esfor\u00e7ar en fer-ho b\u00e9.<\/p>\n<p>Si comencem analitzant la il\u00b7lustraci\u00f3, podr\u00edem dir que es tracta d&#8217;una imatge que t\u00e9 una certa continuaci\u00f3 que es pot veure clarament el lloc on estan les vinyes, ja que t\u00e9 una mena de recorregut que va des de la part esquerra, passant per la part superior i torna a acabar de forma sim\u00e8trica a la part dreta de la imatge.<\/p>\n<p>Una pe\u00e7a seria la curvatura de la vinya que es pot trobar en els dos costats, el rac\u00f3 dret i esquerre superior del cercle i l&#8217;altra pe\u00e7a seria el pal de la vinya que est\u00e0 en vertical i es troba al costat dret i esquerre de la imatge.<\/p>\n<p>Tamb\u00e9 es pot dir que el fons de la imatge marr\u00f3 hi apareixen a la part inferior unes copa i una ampolla de vi.<\/p>\n<p><img loading=\"lazy\" decoding=\"async\" class=\"alignnone\" src=\"http:\/\/www.mediafire.com\/convkey\/b072\/o8yj4x6jottlqv8zg.jpg?size_id=7\" alt=\"FAKE\" width=\"360\" height=\"360\" \/><\/p>\n","protected":false},"excerpt":{"rendered":"<p>El projecte est\u00e0 compost per un &#8221; collage &#8221; d&#8217;imatges d&#8217;un estil semblant, en aquest cas dibuixat a m\u00e0. Tamb\u00e9 s&#8217;ha de dir que hi ha alguna imatge que t\u00e9 un toc antic perqu\u00e8 ens pot recordar a les etiquetes de vins o alguns quadres antics. Aquest projecte a sigut obra meva, ja que hav\u00edem de fer un logotip per la revista i li vaig posar moltes hores i em vaig esfor\u00e7ar en fer-ho b\u00e9.<\/p>\n","protected":false},"author":41,"featured_media":4998,"comment_status":"open","ping_status":"closed","sticky":false,"template":"","format":"standard","meta":{"_bbp_topic_count":0,"_bbp_reply_count":0,"_bbp_total_topic_count":0,"_bbp_total_reply_count":0,"_bbp_voice_count":0,"_bbp_anonymous_reply_count":0,"_bbp_topic_count_hidden":0,"_bbp_reply_count_hidden":0,"_bbp_forum_subforum_count":0,"site-sidebar-layout":"default","site-content-layout":"","ast-site-content-layout":"","site-content-style":"default","site-sidebar-style":"default","ast-global-header-display":"","ast-banner-title-visibility":"","ast-main-header-display":"","ast-hfb-above-header-display":"","ast-hfb-below-header-display":"","ast-hfb-mobile-header-display":"","site-post-title":"","ast-breadcrumbs-content":"","ast-featured-img":"","footer-sml-layout":"","theme-transparent-header-meta":"","adv-header-id-meta":"","stick-header-meta":"","header-above-stick-meta":"","header-main-stick-meta":"","header-below-stick-meta":"","astra-migrate-meta-layouts":"default","ast-page-background-enabled":"default","ast-page-background-meta":{"desktop":{"background-color":"var(--ast-global-color-4)","background-image":"","background-repeat":"repeat","background-position":"center center","background-size":"auto","background-attachment":"scroll","background-type":"","background-media":"","overlay-type":"","overlay-color":"","overlay-opacity":"","overlay-gradient":""},"tablet":{"background-color":"","background-image":"","background-repeat":"repeat","background-position":"center center","background-size":"auto","background-attachment":"scroll","background-type":"","background-media":"","overlay-type":"","overlay-color":"","overlay-opacity":"","overlay-gradient":""},"mobile":{"background-color":"","background-image":"","background-repeat":"repeat","background-position":"center center","background-size":"auto","background-attachment":"scroll","background-type":"","background-media":"","overlay-type":"","overlay-color":"","overlay-opacity":"","overlay-gradient":""}},"ast-content-background-meta":{"desktop":{"background-color":"var(--ast-global-color-5)","background-image":"","background-repeat":"repeat","background-position":"center center","background-size":"auto","background-attachment":"scroll","background-type":"","background-media":"","overlay-type":"","overlay-color":"","overlay-opacity":"","overlay-gradient":""},"tablet":{"background-color":"var(--ast-global-color-5)","background-image":"","background-repeat":"repeat","background-position":"center center","background-size":"auto","background-attachment":"scroll","background-type":"","background-media":"","overlay-type":"","overlay-color":"","overlay-opacity":"","overlay-gradient":""},"mobile":{"background-color":"var(--ast-global-color-5)","background-image":"","background-repeat":"repeat","background-position":"center center","background-size":"auto","background-attachment":"scroll","background-type":"","background-media":"","overlay-type":"","overlay-color":"","overlay-opacity":"","overlay-gradient":""}},"footnotes":""},"categories":[397,414],"tags":[487,489,488,225],"class_list":["post-4988","post","type-post","status-publish","format-standard","has-post-thumbnail","hentry","category-la-verema","category-revista-la-verema","tag-marc-auge04","tag-disenygrafic","tag-logo","tag-laverema"],"post_mailing_queue_ids":[],"_links":{"self":[{"href":"https:\/\/agora.xtec.cat\/ielesvinyes\/wp-json\/wp\/v2\/posts\/4988","targetHints":{"allow":["GET"]}}],"collection":[{"href":"https:\/\/agora.xtec.cat\/ielesvinyes\/wp-json\/wp\/v2\/posts"}],"about":[{"href":"https:\/\/agora.xtec.cat\/ielesvinyes\/wp-json\/wp\/v2\/types\/post"}],"author":[{"embeddable":true,"href":"https:\/\/agora.xtec.cat\/ielesvinyes\/wp-json\/wp\/v2\/users\/41"}],"replies":[{"embeddable":true,"href":"https:\/\/agora.xtec.cat\/ielesvinyes\/wp-json\/wp\/v2\/comments?post=4988"}],"version-history":[{"count":3,"href":"https:\/\/agora.xtec.cat\/ielesvinyes\/wp-json\/wp\/v2\/posts\/4988\/revisions"}],"predecessor-version":[{"id":5021,"href":"https:\/\/agora.xtec.cat\/ielesvinyes\/wp-json\/wp\/v2\/posts\/4988\/revisions\/5021"}],"wp:featuredmedia":[{"embeddable":true,"href":"https:\/\/agora.xtec.cat\/ielesvinyes\/wp-json\/wp\/v2\/media\/4998"}],"wp:attachment":[{"href":"https:\/\/agora.xtec.cat\/ielesvinyes\/wp-json\/wp\/v2\/media?parent=4988"}],"wp:term":[{"taxonomy":"category","embeddable":true,"href":"https:\/\/agora.xtec.cat\/ielesvinyes\/wp-json\/wp\/v2\/categories?post=4988"},{"taxonomy":"post_tag","embeddable":true,"href":"https:\/\/agora.xtec.cat\/ielesvinyes\/wp-json\/wp\/v2\/tags?post=4988"}],"curies":[{"name":"wp","href":"https:\/\/api.w.org\/{rel}","templated":true}]}}