{"id":4918,"date":"2017-09-17T05:33:21","date_gmt":"2017-09-17T03:33:21","guid":{"rendered":"http:\/\/ampa.ielesvinyes.net\/stage1\/?p=3744"},"modified":"2020-02-03T18:27:26","modified_gmt":"2020-02-03T17:27:26","slug":"inscripcions-a-les-activitats-extraescolars-20172018","status":"publish","type":"post","link":"https:\/\/agora.xtec.cat\/ielesvinyes\/afa\/inscripcions-a-les-activitats-extraescolars-20172018\/","title":{"rendered":"Inscripcions a les activitats extraescolars 2017\/2018"},"content":{"rendered":"<p style=\"font-weight: 400;\">El per\u00edode d\u2019inscripcions \u00e9s\u00a0<strong><u>del 18 al 22 de setembre<\/u>.<\/strong>\u00a0Us demanem que respecteu al m\u00e0xim les dates\u00a0perqu\u00e8 d&#8217;aquesta manera podem con\u00e8ixer la demanda\u00a0i organitzar els grups de forma adequada.\u00a0Per poder obrir grups caldr\u00e0 un m\u00ednim d\u2019alumnes.<\/p>\n<p style=\"font-weight: 400;\">Si esteu molt interessats en una activitat per\u00f2 teniu algun inconvenient (el dia no us encaixa, l&#8217;infant \u00e9s m\u00e9s gran o m\u00e9s petit de l&#8217;edat recomanada, etc&#8230;), complimenteu igualment el full d&#8217;inscripci\u00f3 i afegiu una observaci\u00f3 indicant-nos-ho. Si \u00e9s viable, intentarem ajustar-nos tan com puguem a les vostres necessitats.<\/p>\n<p style=\"font-weight: 400;\">Des d&#8217;ara mateix ja podreu accedir a les inscripcions de les diferents activitats i a la informaci\u00f3 m\u00e9s rellevant de cadascuna, a trav\u00e9s del nostre web a l&#8217;enlla\u00e7\u00a0<a href=\"http:\/\/ampa.ielesvinyes.net\/stage1\/impressos-per-descarregar\/\" data-saferedirecturl=\"https:\/\/www.google.com\/url?hl=ca&amp;q=http:\/\/ampa.ielesvinyes.net\/stage1\/impressos-per-descarregar\/&amp;source=gmail&amp;ust=1515468201146000&amp;usg=AFQjCNHj6SJYBCgI6Fnt9Vdz_Rnh6z9zAw\">http:\/\/ampa.ielesvinyes.net\/stage1\/impressos-per-descarregar\/<\/a>\u00a0a l&#8217;apartat &#8220;EXTRAESCOLARS&#8221;,\u00a0on les trobareu endre\u00e7ades per cicle.<\/p>\n<p style=\"font-weight: 400;\">Podeu lliurar les inscripcions en m\u00e0 a la b\u00fastia de l\u2019Ampa situada a la recepci\u00f3 de l\u2019escola o b\u00e9 enviar-les per correu electr\u00f2nic a l\u2019adre\u00e7a\u00a0<u>extraescolars<\/u><a href=\"mailto:llibres.ampa@ielesvinyes.net\">.ampa@ielesvinyes.net<\/a>.<\/p>\n<p style=\"font-weight: 400;\"><a href=\"http:\/\/ampa.ielesvinyes.net\/stage1\/wp-content\/uploads\/2017\/09\/QUADRE-PROPOSTA-EXTRAESCOLARS-17-18.jpg\"><img loading=\"lazy\" decoding=\"async\" class=\"alignnone size-full wp-image-3742\" src=\"http:\/\/ampa.ielesvinyes.net\/stage1\/wp-content\/uploads\/2017\/09\/QUADRE-PROPOSTA-EXTRAESCOLARS-17-18.jpg\" alt=\"\" width=\"926\" height=\"1450\" \/><\/a><\/p>\n","protected":false},"excerpt":{"rendered":"<p>El per\u00edode d\u2019inscripcions \u00e9s\u00a0del 18 al 22 de setembre.\u00a0Us demanem que respecteu al m\u00e0xim les dates\u00a0perqu\u00e8 d&#8217;aquesta manera podem con\u00e8ixer la demanda\u00a0i organitzar els grups de forma adequada.\u00a0Per poder obrir grups caldr\u00e0 un m\u00ednim d\u2019alumnes. Si esteu molt interessats en una activitat per\u00f2 teniu algun inconvenient (el dia no us encaixa, l&#8217;infant \u00e9s m\u00e9s gran [&hellip;]<\/p>\n","protected":false},"author":52,"featured_media":0,"comment_status":"open","ping_status":"closed","sticky":false,"template":"","format":"standard","meta":{"_bbp_topic_count":0,"_bbp_reply_count":0,"_bbp_total_topic_count":0,"_bbp_total_reply_count":0,"_bbp_voice_count":0,"_bbp_anonymous_reply_count":0,"_bbp_topic_count_hidden":0,"_bbp_reply_count_hidden":0,"_bbp_forum_subforum_count":0,"site-sidebar-layout":"default","site-content-layout":"","ast-site-content-layout":"","site-content-style":"default","site-sidebar-style":"default","ast-global-header-display":"","ast-banner-title-visibility":"","ast-main-header-display":"","ast-hfb-above-header-display":"","ast-hfb-below-header-display":"","ast-hfb-mobile-header-display":"","site-post-title":"","ast-breadcrumbs-content":"","ast-featured-img":"","footer-sml-layout":"","theme-transparent-header-meta":"","adv-header-id-meta":"","stick-header-meta":"","header-above-stick-meta":"","header-main-stick-meta":"","header-below-stick-meta":"","astra-migrate-meta-layouts":"default","ast-page-background-enabled":"default","ast-page-background-meta":{"desktop":{"background-color":"var(--ast-global-color-4)","background-image":"","background-repeat":"repeat","background-position":"center center","background-size":"auto","background-attachment":"scroll","background-type":"","background-media":"","overlay-type":"","overlay-color":"","overlay-opacity":"","overlay-gradient":""},"tablet":{"background-color":"","background-image":"","background-repeat":"repeat","background-position":"center center","background-size":"auto","background-attachment":"scroll","background-type":"","background-media":"","overlay-type":"","overlay-color":"","overlay-opacity":"","overlay-gradient":""},"mobile":{"background-color":"","background-image":"","background-repeat":"repeat","background-position":"center center","background-size":"auto","background-attachment":"scroll","background-type":"","background-media":"","overlay-type":"","overlay-color":"","overlay-opacity":"","overlay-gradient":""}},"ast-content-background-meta":{"desktop":{"background-color":"var(--ast-global-color-5)","background-image":"","background-repeat":"repeat","background-position":"center center","background-size":"auto","background-attachment":"scroll","background-type":"","background-media":"","overlay-type":"","overlay-color":"","overlay-opacity":"","overlay-gradient":""},"tablet":{"background-color":"var(--ast-global-color-5)","background-image":"","background-repeat":"repeat","background-position":"center center","background-size":"auto","background-attachment":"scroll","background-type":"","background-media":"","overlay-type":"","overlay-color":"","overlay-opacity":"","overlay-gradient":""},"mobile":{"background-color":"var(--ast-global-color-5)","background-image":"","background-repeat":"repeat","background-position":"center center","background-size":"auto","background-attachment":"scroll","background-type":"","background-media":"","overlay-type":"","overlay-color":"","overlay-opacity":"","overlay-gradient":""}},"footnotes":""},"categories":[369,31,471],"tags":[],"class_list":["post-4918","post","type-post","status-publish","format-standard","hentry","category-2017-18","category-afa","category-noticies-afa"],"post_mailing_queue_ids":[],"_links":{"self":[{"href":"https:\/\/agora.xtec.cat\/ielesvinyes\/wp-json\/wp\/v2\/posts\/4918","targetHints":{"allow":["GET"]}}],"collection":[{"href":"https:\/\/agora.xtec.cat\/ielesvinyes\/wp-json\/wp\/v2\/posts"}],"about":[{"href":"https:\/\/agora.xtec.cat\/ielesvinyes\/wp-json\/wp\/v2\/types\/post"}],"author":[{"embeddable":true,"href":"https:\/\/agora.xtec.cat\/ielesvinyes\/wp-json\/wp\/v2\/users\/52"}],"replies":[{"embeddable":true,"href":"https:\/\/agora.xtec.cat\/ielesvinyes\/wp-json\/wp\/v2\/comments?post=4918"}],"version-history":[{"count":1,"href":"https:\/\/agora.xtec.cat\/ielesvinyes\/wp-json\/wp\/v2\/posts\/4918\/revisions"}],"predecessor-version":[{"id":5388,"href":"https:\/\/agora.xtec.cat\/ielesvinyes\/wp-json\/wp\/v2\/posts\/4918\/revisions\/5388"}],"wp:attachment":[{"href":"https:\/\/agora.xtec.cat\/ielesvinyes\/wp-json\/wp\/v2\/media?parent=4918"}],"wp:term":[{"taxonomy":"category","embeddable":true,"href":"https:\/\/agora.xtec.cat\/ielesvinyes\/wp-json\/wp\/v2\/categories?post=4918"},{"taxonomy":"post_tag","embeddable":true,"href":"https:\/\/agora.xtec.cat\/ielesvinyes\/wp-json\/wp\/v2\/tags?post=4918"}],"curies":[{"name":"wp","href":"https:\/\/api.w.org\/{rel}","templated":true}]}}