{"id":4917,"date":"2017-09-21T05:30:35","date_gmt":"2017-09-21T03:30:35","guid":{"rendered":"http:\/\/ampa.ielesvinyes.net\/stage1\/?p=3739"},"modified":"2020-02-03T18:27:02","modified_gmt":"2020-02-03T17:27:02","slug":"ultim-dia-inscripcions-extraescolars","status":"publish","type":"post","link":"https:\/\/agora.xtec.cat\/ielesvinyes\/afa\/ultim-dia-inscripcions-extraescolars\/","title":{"rendered":"\u00daLTIM DIA INSCRIPCIONS EXTRAESCOLARS!"},"content":{"rendered":"<div>\n<div class=\"m_-2992446471466806852gmail_signature\">\n<div dir=\"ltr\">\n<div>\n<div dir=\"ltr\">\n<div>Benvolgudes fam\u00edlies,<\/div>\n<\/div>\n<\/div>\n<\/div>\n<\/div>\n<\/div>\n<div class=\"gmail_quote\">\n<div dir=\"auto\">\n<div dir=\"auto\"><\/div>\n<div dir=\"auto\">Us recordem que dem\u00e0 divendres \u00e9s l&#8217;\u00faltim dia per inscriure els vostres fills\/es a les activitats extraescolars.<\/div>\n<div dir=\"auto\"><\/div>\n<div dir=\"auto\">Trobareu tota la informaci\u00f3 de les activitats, horaris, preus&#8230; a la web de l&#8217;AMPA\u00a0<a href=\"http:\/\/ampa.ielesvinyes.net\/stage1\/serveis\/extraescolars\/\" target=\"_blank\" rel=\"noopener noreferrer\" data-saferedirecturl=\"https:\/\/www.google.com\/url?hl=ca&amp;q=http:\/\/ampa.ielesvinyes.net\/stage1\/serveis\/extraescolars\/&amp;source=gmail&amp;ust=1515468200945000&amp;usg=AFQjCNFGuo3mahJ-5xUm1gvYcQMxWy2s3g\">http:\/\/ampa.ielesvinyes.net\/stage1\/serveis\/extraescolars\/<\/a><\/div>\n<div dir=\"auto\"><\/div>\n<div dir=\"auto\">Els fulls d&#8217;inscripci\u00f3 els podeu descarregar a\u00a0<a href=\"http:\/\/ampa.ielesvinyes.net\/stage1\/impressos-per-descarregar\/\" target=\"_blank\" rel=\"noopener noreferrer\" data-saferedirecturl=\"https:\/\/www.google.com\/url?hl=ca&amp;q=http:\/\/ampa.ielesvinyes.net\/stage1\/impressos-per-descarregar\/&amp;source=gmail&amp;ust=1515468200945000&amp;usg=AFQjCNEyyGyQZ3fa6qDBEb8HxTewU9_XZw\">http:\/\/ampa.ielesvinyes.net\/stage1\/impressos-per-descarregar\/<\/a><\/div>\n<div dir=\"auto\"><\/div>\n<div dir=\"auto\">Ens els podeu deixar a la b\u00fastia groga de l&#8217;AMPA de consergeria o b\u00e9 enviar-ho a\u00a0<a href=\"mailto:extraescolars.ampa@ielesvinyes.net\" target=\"_blank\" rel=\"noopener noreferrer\">extraescolars.ampa@ielesvinyes.net<\/a><\/div>\n<\/div>\n<\/div>\n<div dir=\"auto\"><\/div>\n","protected":false},"excerpt":{"rendered":"<p>Benvolgudes fam\u00edlies, Us recordem que dem\u00e0 divendres \u00e9s l&#8217;\u00faltim dia per inscriure els vostres fills\/es a les activitats extraescolars. Trobareu tota la informaci\u00f3 de les activitats, horaris, preus&#8230; a la web de l&#8217;AMPA\u00a0http:\/\/ampa.ielesvinyes.net\/stage1\/serveis\/extraescolars\/ Els fulls d&#8217;inscripci\u00f3 els podeu descarregar a\u00a0http:\/\/ampa.ielesvinyes.net\/stage1\/impressos-per-descarregar\/ Ens els podeu deixar a la b\u00fastia groga de l&#8217;AMPA de consergeria o b\u00e9 enviar-ho [&hellip;]<\/p>\n","protected":false},"author":52,"featured_media":0,"comment_status":"open","ping_status":"closed","sticky":false,"template":"","format":"standard","meta":{"_bbp_topic_count":0,"_bbp_reply_count":0,"_bbp_total_topic_count":0,"_bbp_total_reply_count":0,"_bbp_voice_count":0,"_bbp_anonymous_reply_count":0,"_bbp_topic_count_hidden":0,"_bbp_reply_count_hidden":0,"_bbp_forum_subforum_count":0,"site-sidebar-layout":"default","site-content-layout":"","ast-site-content-layout":"","site-content-style":"default","site-sidebar-style":"default","ast-global-header-display":"","ast-banner-title-visibility":"","ast-main-header-display":"","ast-hfb-above-header-display":"","ast-hfb-below-header-display":"","ast-hfb-mobile-header-display":"","site-post-title":"","ast-breadcrumbs-content":"","ast-featured-img":"","footer-sml-layout":"","theme-transparent-header-meta":"","adv-header-id-meta":"","stick-header-meta":"","header-above-stick-meta":"","header-main-stick-meta":"","header-below-stick-meta":"","astra-migrate-meta-layouts":"default","ast-page-background-enabled":"default","ast-page-background-meta":{"desktop":{"background-color":"var(--ast-global-color-4)","background-image":"","background-repeat":"repeat","background-position":"center center","background-size":"auto","background-attachment":"scroll","background-type":"","background-media":"","overlay-type":"","overlay-color":"","overlay-opacity":"","overlay-gradient":""},"tablet":{"background-color":"","background-image":"","background-repeat":"repeat","background-position":"center center","background-size":"auto","background-attachment":"scroll","background-type":"","background-media":"","overlay-type":"","overlay-color":"","overlay-opacity":"","overlay-gradient":""},"mobile":{"background-color":"","background-image":"","background-repeat":"repeat","background-position":"center center","background-size":"auto","background-attachment":"scroll","background-type":"","background-media":"","overlay-type":"","overlay-color":"","overlay-opacity":"","overlay-gradient":""}},"ast-content-background-meta":{"desktop":{"background-color":"var(--ast-global-color-5)","background-image":"","background-repeat":"repeat","background-position":"center center","background-size":"auto","background-attachment":"scroll","background-type":"","background-media":"","overlay-type":"","overlay-color":"","overlay-opacity":"","overlay-gradient":""},"tablet":{"background-color":"var(--ast-global-color-5)","background-image":"","background-repeat":"repeat","background-position":"center center","background-size":"auto","background-attachment":"scroll","background-type":"","background-media":"","overlay-type":"","overlay-color":"","overlay-opacity":"","overlay-gradient":""},"mobile":{"background-color":"var(--ast-global-color-5)","background-image":"","background-repeat":"repeat","background-position":"center center","background-size":"auto","background-attachment":"scroll","background-type":"","background-media":"","overlay-type":"","overlay-color":"","overlay-opacity":"","overlay-gradient":""}},"footnotes":""},"categories":[369,31,471],"tags":[],"class_list":["post-4917","post","type-post","status-publish","format-standard","hentry","category-2017-18","category-afa","category-noticies-afa"],"post_mailing_queue_ids":[],"_links":{"self":[{"href":"https:\/\/agora.xtec.cat\/ielesvinyes\/wp-json\/wp\/v2\/posts\/4917","targetHints":{"allow":["GET"]}}],"collection":[{"href":"https:\/\/agora.xtec.cat\/ielesvinyes\/wp-json\/wp\/v2\/posts"}],"about":[{"href":"https:\/\/agora.xtec.cat\/ielesvinyes\/wp-json\/wp\/v2\/types\/post"}],"author":[{"embeddable":true,"href":"https:\/\/agora.xtec.cat\/ielesvinyes\/wp-json\/wp\/v2\/users\/52"}],"replies":[{"embeddable":true,"href":"https:\/\/agora.xtec.cat\/ielesvinyes\/wp-json\/wp\/v2\/comments?post=4917"}],"version-history":[{"count":1,"href":"https:\/\/agora.xtec.cat\/ielesvinyes\/wp-json\/wp\/v2\/posts\/4917\/revisions"}],"predecessor-version":[{"id":5387,"href":"https:\/\/agora.xtec.cat\/ielesvinyes\/wp-json\/wp\/v2\/posts\/4917\/revisions\/5387"}],"wp:attachment":[{"href":"https:\/\/agora.xtec.cat\/ielesvinyes\/wp-json\/wp\/v2\/media?parent=4917"}],"wp:term":[{"taxonomy":"category","embeddable":true,"href":"https:\/\/agora.xtec.cat\/ielesvinyes\/wp-json\/wp\/v2\/categories?post=4917"},{"taxonomy":"post_tag","embeddable":true,"href":"https:\/\/agora.xtec.cat\/ielesvinyes\/wp-json\/wp\/v2\/tags?post=4917"}],"curies":[{"name":"wp","href":"https:\/\/api.w.org\/{rel}","templated":true}]}}