{"id":4913,"date":"2017-09-10T17:52:18","date_gmt":"2017-09-10T15:52:18","guid":{"rendered":"http:\/\/ampa.ielesvinyes.net\/stage1\/?p=3634"},"modified":"2020-02-03T18:28:10","modified_gmt":"2020-02-03T17:28:10","slug":"informacions-importants-dinici-de-curs","status":"publish","type":"post","link":"https:\/\/agora.xtec.cat\/ielesvinyes\/afa\/informacions-importants-dinici-de-curs\/","title":{"rendered":"INFORMACIONS IMPORTANTS D&#8217;INICI DE CURS"},"content":{"rendered":"<p>Us recordem algunes informacions de serveis que l\u2019AMPA ofereix aquest curs 17-18 i que creiem que poden ser del vostre inter\u00e8s:<\/p>\n<p><strong>Acollida matins (7.45 a 9.00h)<\/strong>\u00a0comen\u00e7a el dia 12 de setembre a les 7.45h.<\/p>\n<hr \/>\n<p><strong>Acollida de tarda<\/strong><\/p>\n<p style=\"padding-left: 60px;\"><strong>Setembre<\/strong>, comen\u00e7a el dia 12 de setembre:<\/p>\n<p style=\"padding-left: 120px;\"><strong>INFANTIL i PRIM\u00c0RIA:<\/strong>\u00a0de 16.30 a 17.30h<\/p>\n<p style=\"padding-left: 120px;\"><strong>ESO:<\/strong> de 15.30 a 16.30h<\/p>\n<p style=\"padding-left: 60px;\"><strong>D\u2019octubre a juny<\/strong>, comen\u00e7a el dilluns 2 d\u2019octubre fins al 4 de juny:<\/p>\n<p style=\"padding-left: 120px;\"><strong>INFANTIL i PRIM\u00c0RIA:\u00a0<\/strong>16.30h fins a les 18.00h, en franges de mitja hora.<\/p>\n<p style=\"padding-left: 120px;\"><strong>ESO:\u00a0<\/strong>de 15.30 a 16.30h<\/p>\n<hr \/>\n<p><strong>Roba<\/strong>, la segona quinzena de setembre es lliuraran les comandes directament als alumnes. Al gener en farem una nova comanda. Estigueu atents\/es als correus per con\u00e8ixer les dates!<\/p>\n<hr \/>\n<p><strong>Menjador<\/strong>, comen\u00e7a el 12 de setembre per a tot l\u2019alumnat\u00a0excepte els infants d\u2019 EI (3 anys) que comen\u00e7aran el dia 15 de setembre per ajustar-ho al per\u00edode d\u2019adaptaci\u00f3, tot i que el centre recomana esperar com a m\u00ednim al dia 18.<\/p>\n<hr \/>\n<p><strong>Extraescolars,\u00a0<\/strong>comen\u00e7aran el dia 2 d\u2019octubre. Podeu trobar la informaci\u00f3 detallada de totes les propostes a l&#8217;apartat <strong>&#8220;Serveis \/ Extraescolars&#8221;<\/strong> de la nostra web <em>(a la barra superior de men\u00fa).<\/em><\/p>\n<p><em>Deixarem tamb\u00e9 una c\u00f2pia penjada al taulell d\u2019anuncis de l\u2019entrada exterior de l\u2019Institut-Escola.<\/em><\/p>\n<hr \/>\n<blockquote><p><span style=\"color: #ff6600;\"><strong>REUNI\u00d3 D&#8217;EXTRAESCOLARS<\/strong><\/span><\/p><\/blockquote>\n<p>El proper\u00a0<strong><u>dimecres, 13 de setembre<\/u>,<\/strong>\u00a0es far\u00e0 la reuni\u00f3 informativa de les activitats que es proposen (<strong><u>17.00h a la biblioteca<\/u><\/strong>). Hi haur\u00e0 representants de cada entitat per explicar-vos els detalls de totes les activitats i resoldre-us els dubtes. Podeu lliurar les inscripcions en m\u00e0 o enviar-les a l\u2019adre\u00e7a electr\u00f2nica\u00a0<a href=\"mailto:extraescolars.ampa@ielesvinyes.net\"><u>extraescolars<\/u>.ampa@ielesvinyes.net<\/a>. El per\u00edode d\u2019inscripcions acaba el 22 de setembre. Per poder obrir grups caldr\u00e0 un m\u00ednim d\u2019alumnes.<\/p>\n<hr \/>\n<blockquote><p><span style=\"color: #993366;\"><strong>Informaci\u00f3 important<\/strong><\/span><\/p><\/blockquote>\n<p>&#8211;\u00a0\u00a0\u00a0\u00a0\u00a0\u00a0Recordeu que per fer \u00fas dels serveis de l\u2019AMPA cal ser-ne soci. Si no heu emplenat la inscripci\u00f3, encara hi sou a temps. Feu-ne el pagament i envieu el full d\u2019inscripci\u00f3 i el comprovant a\u00a0<a href=\"mailto:ampa@ielesvinyes.net\">ampa@ielesvinyes.net<\/a><\/p>\n<p>&#8211;\u00a0\u00a0\u00a0\u00a0\u00a0\u00a0Tots els impresos per apuntar-se als diferents serveis i activitats estan penjats al web de l\u2019AMPA: <a href=\"http:\/\/ampa.ielesvinyes.net\/stage1\/\" data-saferedirecturl=\"https:\/\/www.google.com\/url?hl=ca&amp;q=http:\/\/ampa.ielesvinyes.net\/stage1\/&amp;source=gmail&amp;ust=1505141962411000&amp;usg=AFQjCNESPtiOQO1I3Sy3XbHU8axDxBs9GA\">http:\/\/ampa.ielesvinyes.net\/stage1<\/a>. Un cop em-plenats, envieu-los per c\/e a les adreces que s\u2019indiquen en el mateix web.<\/p>\n<p>&#8211;\u00a0\u00a0\u00a0\u00a0\u00a0\u00a0Recordeu indicar especialment a tots els formularis si sou fam\u00edlies monoparentals o nombroses, aix\u00ed com si hi ha germans a les mateixes activitats, per gaudir de descomptes en aquells casos en qu\u00e8 sigui possible.<\/p>\n<hr \/>\n<p><strong>\u00a0Si teniu qualsevol dubte, envieu-nos un correu a ampa@ielesvinyes.net i us ajudarem a resoldre&#8217;l.<\/strong><\/p>\n<blockquote>\n<p style=\"text-align: center;\"><strong><span style=\"color: #0000ff;\">Bon inici de curs!<\/span><\/strong><\/p>\n<\/blockquote>\n","protected":false},"excerpt":{"rendered":"<p>Us recordem algunes informacions de serveis que l\u2019AMPA ofereix aquest curs 17-18 i que creiem que poden ser del vostre inter\u00e8s: Acollida matins (7.45 a 9.00h)\u00a0comen\u00e7a el dia 12 de setembre a les 7.45h. Acollida de tarda Setembre, comen\u00e7a el dia 12 de setembre: INFANTIL i PRIM\u00c0RIA:\u00a0de 16.30 a 17.30h ESO: de 15.30 a 16.30h [&hellip;]<\/p>\n","protected":false},"author":52,"featured_media":0,"comment_status":"open","ping_status":"closed","sticky":false,"template":"","format":"standard","meta":{"_bbp_topic_count":0,"_bbp_reply_count":0,"_bbp_total_topic_count":0,"_bbp_total_reply_count":0,"_bbp_voice_count":0,"_bbp_anonymous_reply_count":0,"_bbp_topic_count_hidden":0,"_bbp_reply_count_hidden":0,"_bbp_forum_subforum_count":0,"site-sidebar-layout":"default","site-content-layout":"","ast-site-content-layout":"","site-content-style":"default","site-sidebar-style":"default","ast-global-header-display":"","ast-banner-title-visibility":"","ast-main-header-display":"","ast-hfb-above-header-display":"","ast-hfb-below-header-display":"","ast-hfb-mobile-header-display":"","site-post-title":"","ast-breadcrumbs-content":"","ast-featured-img":"","footer-sml-layout":"","theme-transparent-header-meta":"","adv-header-id-meta":"","stick-header-meta":"","header-above-stick-meta":"","header-main-stick-meta":"","header-below-stick-meta":"","astra-migrate-meta-layouts":"default","ast-page-background-enabled":"default","ast-page-background-meta":{"desktop":{"background-color":"var(--ast-global-color-4)","background-image":"","background-repeat":"repeat","background-position":"center center","background-size":"auto","background-attachment":"scroll","background-type":"","background-media":"","overlay-type":"","overlay-color":"","overlay-opacity":"","overlay-gradient":""},"tablet":{"background-color":"","background-image":"","background-repeat":"repeat","background-position":"center center","background-size":"auto","background-attachment":"scroll","background-type":"","background-media":"","overlay-type":"","overlay-color":"","overlay-opacity":"","overlay-gradient":""},"mobile":{"background-color":"","background-image":"","background-repeat":"repeat","background-position":"center center","background-size":"auto","background-attachment":"scroll","background-type":"","background-media":"","overlay-type":"","overlay-color":"","overlay-opacity":"","overlay-gradient":""}},"ast-content-background-meta":{"desktop":{"background-color":"var(--ast-global-color-5)","background-image":"","background-repeat":"repeat","background-position":"center center","background-size":"auto","background-attachment":"scroll","background-type":"","background-media":"","overlay-type":"","overlay-color":"","overlay-opacity":"","overlay-gradient":""},"tablet":{"background-color":"var(--ast-global-color-5)","background-image":"","background-repeat":"repeat","background-position":"center center","background-size":"auto","background-attachment":"scroll","background-type":"","background-media":"","overlay-type":"","overlay-color":"","overlay-opacity":"","overlay-gradient":""},"mobile":{"background-color":"var(--ast-global-color-5)","background-image":"","background-repeat":"repeat","background-position":"center center","background-size":"auto","background-attachment":"scroll","background-type":"","background-media":"","overlay-type":"","overlay-color":"","overlay-opacity":"","overlay-gradient":""}},"footnotes":""},"categories":[369,31,471],"tags":[],"class_list":["post-4913","post","type-post","status-publish","format-standard","hentry","category-2017-18","category-afa","category-noticies-afa"],"post_mailing_queue_ids":[],"_links":{"self":[{"href":"https:\/\/agora.xtec.cat\/ielesvinyes\/wp-json\/wp\/v2\/posts\/4913","targetHints":{"allow":["GET"]}}],"collection":[{"href":"https:\/\/agora.xtec.cat\/ielesvinyes\/wp-json\/wp\/v2\/posts"}],"about":[{"href":"https:\/\/agora.xtec.cat\/ielesvinyes\/wp-json\/wp\/v2\/types\/post"}],"author":[{"embeddable":true,"href":"https:\/\/agora.xtec.cat\/ielesvinyes\/wp-json\/wp\/v2\/users\/52"}],"replies":[{"embeddable":true,"href":"https:\/\/agora.xtec.cat\/ielesvinyes\/wp-json\/wp\/v2\/comments?post=4913"}],"version-history":[{"count":1,"href":"https:\/\/agora.xtec.cat\/ielesvinyes\/wp-json\/wp\/v2\/posts\/4913\/revisions"}],"predecessor-version":[{"id":5389,"href":"https:\/\/agora.xtec.cat\/ielesvinyes\/wp-json\/wp\/v2\/posts\/4913\/revisions\/5389"}],"wp:attachment":[{"href":"https:\/\/agora.xtec.cat\/ielesvinyes\/wp-json\/wp\/v2\/media?parent=4913"}],"wp:term":[{"taxonomy":"category","embeddable":true,"href":"https:\/\/agora.xtec.cat\/ielesvinyes\/wp-json\/wp\/v2\/categories?post=4913"},{"taxonomy":"post_tag","embeddable":true,"href":"https:\/\/agora.xtec.cat\/ielesvinyes\/wp-json\/wp\/v2\/tags?post=4913"}],"curies":[{"name":"wp","href":"https:\/\/api.w.org\/{rel}","templated":true}]}}