{"id":4912,"date":"2017-02-27T20:19:17","date_gmt":"2017-02-27T19:19:17","guid":{"rendered":"http:\/\/ampa.ielesvinyes.net\/stage1\/?p=3489"},"modified":"2020-02-03T18:31:47","modified_gmt":"2020-02-03T17:31:47","slug":"portes-obertes-2017-dilluns-6-de-marc","status":"publish","type":"post","link":"https:\/\/agora.xtec.cat\/ielesvinyes\/afa\/portes-obertes-2017-dilluns-6-de-marc\/","title":{"rendered":"PORTES OBERTES 2017: Dilluns 6 de mar\u00e7"},"content":{"rendered":"<p><strong>Tota la Comunitat Educativa <\/strong><em>(professors\/es, mestres, alumnes i fam\u00edlies)<\/em><strong>, estem enllestint els \u00faltims preparatius per obrir les portes de l\u2019Institut-Escola Les Vinyes.<\/strong><\/p>\n<p><a href=\"http:\/\/ampa.ielesvinyes.net\/stage1\/wp-content\/uploads\/2017\/03\/PPOO_2017-cartell-escoles-bressol.jpg\"><img loading=\"lazy\" decoding=\"async\" class=\"wp-image-3490 alignleft\" src=\"http:\/\/ampa.ielesvinyes.net\/stage1\/wp-content\/uploads\/2017\/03\/PPOO_2017-cartell-escoles-bressol.jpg\" alt=\"\" width=\"236\" height=\"334\" \/><\/a><\/p>\n<p style=\"text-align: justify;\">El proper dilluns 6\u00a0de mar\u00e7 obrim les portes del nostre Centre a totes les fam\u00edlies que vulgueu venir a con\u00e8ixer el nostre Projecte Educatiu, les nostres instal\u00b7lacions i la nostra comunitat educativa.<\/p>\n<p style=\"text-align: justify;\">L\u2019AMPA, com cada any, participar\u00e0 activament d&#8217;aquesta jornada, mostrant\u00a0el treball que fem\u00a0des de l\u2019entitat, els\u00a0diferents serveis i\u00a0activitats que oferim, i en\u00a0quins\u00a0projectes invertim les quotes de les fam\u00edlies i les subvencions p\u00fabliques.<\/p>\n<p style=\"text-align: center;\"><em>(Podeu consultar el <a href=\"http:\/\/ampa.ielesvinyes.net\/stage1\/wp-content\/uploads\/2017\/02\/Tr\u00edptic-disseny-2017.pdf\" target=\"_blank\" rel=\"noopener noreferrer\">tr\u00edptic informatiu<\/a> del Centre \u00a0<a href=\"http:\/\/ampa.ielesvinyes.net\/stage1\/wp-content\/uploads\/2017\/02\/Tr\u00edptic-disseny-2017.pdf\" target=\"_blank\" rel=\"noopener noreferrer\"><img loading=\"lazy\" decoding=\"async\" class=\"alignnone\" title=\"Forma de Pagament\" src=\"http:\/\/ampa.ielesvinyes.net\/stage1\/wp-content\/uploads\/2012\/02\/pdf.jpg\" alt=\"\" width=\"25\" height=\"24\" \/><\/a>\u00a0)<\/em><\/p>\n<p style=\"text-align: center;\"><em>(Podeu consultar el <a href=\"http:\/\/ampa.ielesvinyes.net\/stage1\/wp-content\/uploads\/2017\/02\/D\u00edptic_AMPA_2017_portes_obertes-1.pdf\" target=\"_blank\" rel=\"noopener noreferrer\">d\u00edptic informatiu<\/a><a href=\"http:\/\/ampa.ielesvinyes.net\/stage1\/wp-content\/uploads\/2016\/03\/D\u00edptic_AMPA_2016_portes_obertes-Versi\u00f3-WEB.pdf\" target=\"_blank\" rel=\"noopener noreferrer\">\u00a0<\/a>de l\u2019AMPA\u00a0<a href=\"http:\/\/ampa.ielesvinyes.net\/stage1\/wp-content\/uploads\/2017\/02\/D\u00edptic_AMPA_2017_portes_obertes-1.pdf\" target=\"_blank\" rel=\"noopener noreferrer\"><img loading=\"lazy\" decoding=\"async\" class=\"alignnone\" title=\"Forma de Pagament\" src=\"http:\/\/ampa.ielesvinyes.net\/stage1\/wp-content\/uploads\/2012\/02\/pdf.jpg\" alt=\"\" width=\"25\" height=\"24\" \/><\/a>\u00a0)<\/em><\/p>\n<p style=\"text-align: center;\"><em>A gencat.cat\u00a0\u00a0podeu consultar\u00a0el <a href=\"http:\/\/queestudiar.gencat.cat\/ca\/preinscripcio\/estudis\/obligatoris\/calendari\/\">calendari de preinscripcions 2017-2018<\/a>\u00a0 i la\u00a0<a href=\"http:\/\/queestudiar.gencat.cat\/ca\/preinscripcio\/estudis\/obligatoris\/documentacio\/\">documentaci\u00f3<\/a>\u00a0necess\u00e0ria.<\/em><\/p>\n<h2 style=\"text-align: center;\"><span style=\"color: #ff6600;\"><strong>US ESPEREM !!!<\/strong><\/span><\/h2>\n","protected":false},"excerpt":{"rendered":"<p>Tota la Comunitat Educativa (professors\/es, mestres, alumnes i fam\u00edlies), estem enllestint els \u00faltims preparatius per obrir les portes de l\u2019Institut-Escola Les Vinyes. El proper dilluns 6\u00a0de mar\u00e7 obrim les portes del nostre Centre a totes les fam\u00edlies que vulgueu venir a con\u00e8ixer el nostre Projecte Educatiu, les nostres instal\u00b7lacions i la nostra comunitat educativa. L\u2019AMPA, [&hellip;]<\/p>\n","protected":false},"author":52,"featured_media":0,"comment_status":"open","ping_status":"closed","sticky":false,"template":"","format":"standard","meta":{"_bbp_topic_count":0,"_bbp_reply_count":0,"_bbp_total_topic_count":0,"_bbp_total_reply_count":0,"_bbp_voice_count":0,"_bbp_anonymous_reply_count":0,"_bbp_topic_count_hidden":0,"_bbp_reply_count_hidden":0,"_bbp_forum_subforum_count":0,"site-sidebar-layout":"default","site-content-layout":"","ast-site-content-layout":"","site-content-style":"default","site-sidebar-style":"default","ast-global-header-display":"","ast-banner-title-visibility":"","ast-main-header-display":"","ast-hfb-above-header-display":"","ast-hfb-below-header-display":"","ast-hfb-mobile-header-display":"","site-post-title":"","ast-breadcrumbs-content":"","ast-featured-img":"","footer-sml-layout":"","theme-transparent-header-meta":"","adv-header-id-meta":"","stick-header-meta":"","header-above-stick-meta":"","header-main-stick-meta":"","header-below-stick-meta":"","astra-migrate-meta-layouts":"default","ast-page-background-enabled":"default","ast-page-background-meta":{"desktop":{"background-color":"var(--ast-global-color-4)","background-image":"","background-repeat":"repeat","background-position":"center center","background-size":"auto","background-attachment":"scroll","background-type":"","background-media":"","overlay-type":"","overlay-color":"","overlay-opacity":"","overlay-gradient":""},"tablet":{"background-color":"","background-image":"","background-repeat":"repeat","background-position":"center center","background-size":"auto","background-attachment":"scroll","background-type":"","background-media":"","overlay-type":"","overlay-color":"","overlay-opacity":"","overlay-gradient":""},"mobile":{"background-color":"","background-image":"","background-repeat":"repeat","background-position":"center center","background-size":"auto","background-attachment":"scroll","background-type":"","background-media":"","overlay-type":"","overlay-color":"","overlay-opacity":"","overlay-gradient":""}},"ast-content-background-meta":{"desktop":{"background-color":"var(--ast-global-color-5)","background-image":"","background-repeat":"repeat","background-position":"center center","background-size":"auto","background-attachment":"scroll","background-type":"","background-media":"","overlay-type":"","overlay-color":"","overlay-opacity":"","overlay-gradient":""},"tablet":{"background-color":"var(--ast-global-color-5)","background-image":"","background-repeat":"repeat","background-position":"center center","background-size":"auto","background-attachment":"scroll","background-type":"","background-media":"","overlay-type":"","overlay-color":"","overlay-opacity":"","overlay-gradient":""},"mobile":{"background-color":"var(--ast-global-color-5)","background-image":"","background-repeat":"repeat","background-position":"center center","background-size":"auto","background-attachment":"scroll","background-type":"","background-media":"","overlay-type":"","overlay-color":"","overlay-opacity":"","overlay-gradient":""}},"footnotes":""},"categories":[113,31,471],"tags":[],"class_list":["post-4912","post","type-post","status-publish","format-standard","hentry","category-2016-17","category-afa","category-noticies-afa"],"post_mailing_queue_ids":[],"_links":{"self":[{"href":"https:\/\/agora.xtec.cat\/ielesvinyes\/wp-json\/wp\/v2\/posts\/4912","targetHints":{"allow":["GET"]}}],"collection":[{"href":"https:\/\/agora.xtec.cat\/ielesvinyes\/wp-json\/wp\/v2\/posts"}],"about":[{"href":"https:\/\/agora.xtec.cat\/ielesvinyes\/wp-json\/wp\/v2\/types\/post"}],"author":[{"embeddable":true,"href":"https:\/\/agora.xtec.cat\/ielesvinyes\/wp-json\/wp\/v2\/users\/52"}],"replies":[{"embeddable":true,"href":"https:\/\/agora.xtec.cat\/ielesvinyes\/wp-json\/wp\/v2\/comments?post=4912"}],"version-history":[{"count":1,"href":"https:\/\/agora.xtec.cat\/ielesvinyes\/wp-json\/wp\/v2\/posts\/4912\/revisions"}],"predecessor-version":[{"id":5396,"href":"https:\/\/agora.xtec.cat\/ielesvinyes\/wp-json\/wp\/v2\/posts\/4912\/revisions\/5396"}],"wp:attachment":[{"href":"https:\/\/agora.xtec.cat\/ielesvinyes\/wp-json\/wp\/v2\/media?parent=4912"}],"wp:term":[{"taxonomy":"category","embeddable":true,"href":"https:\/\/agora.xtec.cat\/ielesvinyes\/wp-json\/wp\/v2\/categories?post=4912"},{"taxonomy":"post_tag","embeddable":true,"href":"https:\/\/agora.xtec.cat\/ielesvinyes\/wp-json\/wp\/v2\/tags?post=4912"}],"curies":[{"name":"wp","href":"https:\/\/api.w.org\/{rel}","templated":true}]}}