{"id":4911,"date":"2017-03-03T19:59:49","date_gmt":"2017-03-03T18:59:49","guid":{"rendered":"http:\/\/ampa.ielesvinyes.net\/stage1\/?p=3485"},"modified":"2020-02-03T18:31:15","modified_gmt":"2020-02-03T17:31:15","slug":"jornada-formativa-educacio-emocional-a-ladolescencia","status":"publish","type":"post","link":"https:\/\/agora.xtec.cat\/ielesvinyes\/afa\/jornada-formativa-educacio-emocional-a-ladolescencia\/","title":{"rendered":"JORNADA FORMATIVA: Educaci\u00f3 emocional a l&#8217;adolesc\u00e8ncia"},"content":{"rendered":"<p>Benvolgudes fam\u00edlies,<\/p>\n<p>Ens plau comunicar-vos que les AMPA de l&#8217;Institut Castellbisbal i de \u00a0l&#8217;Institut-Escola Les Vinyes\u00a0hem treballat conjuntament per organitzar una xerrada per a pares i mares de nois i noies adolescents.<\/p>\n<p>La pon\u00e8ncia anir\u00e0 a c\u00e0rrec de <b>Milos Salgueda<\/b>, professional de la FAPAES i tindr\u00e0 lloc el proper<span style=\"color: #ff6600;\"><strong><span style=\"font-size: large;\"> dimarts 7 de mar\u00e7 a les 19:30h<\/span><\/strong><\/span><span style=\"color: #000000;\"><span style=\"font-size: large;\"> a la sala d&#8217;actes de l&#8217;Ajuntament<\/span>.\u00a0<\/span><\/p>\n<p>Parlarem de qu\u00e8 \u00e9s l&#8217;educaci\u00f3 emocional, per a qu\u00e8 serveix, qu\u00e8 i com podem fer els pares i mares davant els canvis emocionals dels nostres fills i filles. Tamb\u00e9 parlarem de com podem potenciar l&#8217;autoestima i ajudar-los a entendre qu\u00e8 \u00e9s el que els hi passa.<\/p>\n<blockquote>\n<p style=\"text-align: center;\"><span style=\"color: #3366ff;\"><b><span style=\"font-size: large;\">No hi falteu, us hi esperem!<\/span><\/b><\/span><\/p>\n<p style=\"text-align: center;\"><a href=\"http:\/\/ampa.ielesvinyes.net\/stage1\/wp-content\/uploads\/2017\/03\/Jornada-Formativa-Educaci\u00f3-emocional-adolescencia.jpg\"><img loading=\"lazy\" decoding=\"async\" class=\"size-full wp-image-3486 aligncenter\" src=\"http:\/\/ampa.ielesvinyes.net\/stage1\/wp-content\/uploads\/2017\/03\/Jornada-Formativa-Educaci\u00f3-emocional-adolescencia.jpg\" alt=\"\" width=\"672\" height=\"950\" \/><\/a><\/p>\n<\/blockquote>\n","protected":false},"excerpt":{"rendered":"<p>Benvolgudes fam\u00edlies, Ens plau comunicar-vos que les AMPA de l&#8217;Institut Castellbisbal i de \u00a0l&#8217;Institut-Escola Les Vinyes\u00a0hem treballat conjuntament per organitzar una xerrada per a pares i mares de nois i noies adolescents. La pon\u00e8ncia anir\u00e0 a c\u00e0rrec de Milos Salgueda, professional de la FAPAES i tindr\u00e0 lloc el proper dimarts 7 de mar\u00e7 a les [&hellip;]<\/p>\n","protected":false},"author":52,"featured_media":0,"comment_status":"open","ping_status":"closed","sticky":false,"template":"","format":"standard","meta":{"_bbp_topic_count":0,"_bbp_reply_count":0,"_bbp_total_topic_count":0,"_bbp_total_reply_count":0,"_bbp_voice_count":0,"_bbp_anonymous_reply_count":0,"_bbp_topic_count_hidden":0,"_bbp_reply_count_hidden":0,"_bbp_forum_subforum_count":0,"site-sidebar-layout":"default","site-content-layout":"","ast-site-content-layout":"","site-content-style":"default","site-sidebar-style":"default","ast-global-header-display":"","ast-banner-title-visibility":"","ast-main-header-display":"","ast-hfb-above-header-display":"","ast-hfb-below-header-display":"","ast-hfb-mobile-header-display":"","site-post-title":"","ast-breadcrumbs-content":"","ast-featured-img":"","footer-sml-layout":"","theme-transparent-header-meta":"","adv-header-id-meta":"","stick-header-meta":"","header-above-stick-meta":"","header-main-stick-meta":"","header-below-stick-meta":"","astra-migrate-meta-layouts":"default","ast-page-background-enabled":"default","ast-page-background-meta":{"desktop":{"background-color":"var(--ast-global-color-4)","background-image":"","background-repeat":"repeat","background-position":"center center","background-size":"auto","background-attachment":"scroll","background-type":"","background-media":"","overlay-type":"","overlay-color":"","overlay-opacity":"","overlay-gradient":""},"tablet":{"background-color":"","background-image":"","background-repeat":"repeat","background-position":"center center","background-size":"auto","background-attachment":"scroll","background-type":"","background-media":"","overlay-type":"","overlay-color":"","overlay-opacity":"","overlay-gradient":""},"mobile":{"background-color":"","background-image":"","background-repeat":"repeat","background-position":"center center","background-size":"auto","background-attachment":"scroll","background-type":"","background-media":"","overlay-type":"","overlay-color":"","overlay-opacity":"","overlay-gradient":""}},"ast-content-background-meta":{"desktop":{"background-color":"var(--ast-global-color-5)","background-image":"","background-repeat":"repeat","background-position":"center center","background-size":"auto","background-attachment":"scroll","background-type":"","background-media":"","overlay-type":"","overlay-color":"","overlay-opacity":"","overlay-gradient":""},"tablet":{"background-color":"var(--ast-global-color-5)","background-image":"","background-repeat":"repeat","background-position":"center center","background-size":"auto","background-attachment":"scroll","background-type":"","background-media":"","overlay-type":"","overlay-color":"","overlay-opacity":"","overlay-gradient":""},"mobile":{"background-color":"var(--ast-global-color-5)","background-image":"","background-repeat":"repeat","background-position":"center center","background-size":"auto","background-attachment":"scroll","background-type":"","background-media":"","overlay-type":"","overlay-color":"","overlay-opacity":"","overlay-gradient":""}},"footnotes":""},"categories":[113,31,471],"tags":[],"class_list":["post-4911","post","type-post","status-publish","format-standard","hentry","category-2016-17","category-afa","category-noticies-afa"],"post_mailing_queue_ids":[],"_links":{"self":[{"href":"https:\/\/agora.xtec.cat\/ielesvinyes\/wp-json\/wp\/v2\/posts\/4911","targetHints":{"allow":["GET"]}}],"collection":[{"href":"https:\/\/agora.xtec.cat\/ielesvinyes\/wp-json\/wp\/v2\/posts"}],"about":[{"href":"https:\/\/agora.xtec.cat\/ielesvinyes\/wp-json\/wp\/v2\/types\/post"}],"author":[{"embeddable":true,"href":"https:\/\/agora.xtec.cat\/ielesvinyes\/wp-json\/wp\/v2\/users\/52"}],"replies":[{"embeddable":true,"href":"https:\/\/agora.xtec.cat\/ielesvinyes\/wp-json\/wp\/v2\/comments?post=4911"}],"version-history":[{"count":1,"href":"https:\/\/agora.xtec.cat\/ielesvinyes\/wp-json\/wp\/v2\/posts\/4911\/revisions"}],"predecessor-version":[{"id":5395,"href":"https:\/\/agora.xtec.cat\/ielesvinyes\/wp-json\/wp\/v2\/posts\/4911\/revisions\/5395"}],"wp:attachment":[{"href":"https:\/\/agora.xtec.cat\/ielesvinyes\/wp-json\/wp\/v2\/media?parent=4911"}],"wp:term":[{"taxonomy":"category","embeddable":true,"href":"https:\/\/agora.xtec.cat\/ielesvinyes\/wp-json\/wp\/v2\/categories?post=4911"},{"taxonomy":"post_tag","embeddable":true,"href":"https:\/\/agora.xtec.cat\/ielesvinyes\/wp-json\/wp\/v2\/tags?post=4911"}],"curies":[{"name":"wp","href":"https:\/\/api.w.org\/{rel}","templated":true}]}}