{"id":4907,"date":"2016-08-02T20:21:33","date_gmt":"2016-08-02T18:21:33","guid":{"rendered":"http:\/\/ampa.ielesvinyes.net\/stage1\/?p=3334"},"modified":"2020-02-03T18:36:57","modified_gmt":"2020-02-03T17:36:57","slug":"informacions-importants-curs-2016-2017","status":"publish","type":"post","link":"https:\/\/agora.xtec.cat\/ielesvinyes\/afa\/informacions-importants-curs-2016-2017\/","title":{"rendered":"Informacions importants curs 2016 \/ 2017"},"content":{"rendered":"<h5 style=\"text-align: justify;\"><span style=\"color: #800080;\"><strong><u>ACOLLIDA DE TARDA SETEMBRE<\/u><\/strong><\/span><\/h5>\n<p style=\"text-align: justify;\"><a href=\"http:\/\/ampa.ielesvinyes.net\/stage1\/wp-content\/uploads\/2015\/07\/acollida-de-tarda.jpg\"><img loading=\"lazy\" decoding=\"async\" class=\" wp-image-2518 alignleft\" src=\"http:\/\/ampa.ielesvinyes.net\/stage1\/wp-content\/uploads\/2015\/07\/acollida-de-tarda.jpg\" alt=\"acollida de tarda\" width=\"183\" height=\"183\" \/><\/a>Us adjuntem formulari de sol\u00b7licitud pel <strong>Servei d\u2019Acollida de Tarda<\/strong> <strong>(16:30 a 17:30)<\/strong> que s\u2019oferir\u00e0 <strong>durant la segona\u00a0quinzena del mes de setembre<\/strong> <strong>(del 12 al 30 de setembre)<\/strong>, per alumnes d\u2019Infantil i Prim\u00e0ria.<\/p>\n<p style=\"text-align: justify;\"><strong>Si esteu interessats en gaudir d\u2019aquest servei,<\/strong> heu\u00a0d\u2019omplir el formulari d\u2019inscripci\u00f3 i ens l\u2019heu de\u00a0fer arribar<strong> abans del 8 de setembre.<\/strong><\/p>\n<p style=\"text-align: justify;\"><strong>Podeu descarregar el formulari al seg\u00fcent enlla\u00e7 \u00a0<em><a href=\"http:\/\/ampa.ielesvinyes.net\/stage1\/wp-content\/uploads\/2016\/09\/ACOLLIDA-TARDA-del-12-al-30-de-SETEMBRE-2016-2017.pdf\" target=\"_blank\" rel=\"noopener noreferrer\"><img loading=\"lazy\" decoding=\"async\" class=\"alignnone\" title=\"Forma de Pagament\" src=\"http:\/\/ampa.ielesvinyes.net\/stage1\/wp-content\/uploads\/2012\/02\/pdf.jpg\" width=\"25\" height=\"24\" \/><\/a><\/em>\u00a0\u00a0<\/strong><em>(Envieu-nos-ho al correu de la comissi\u00f3 d\u2019Acollida i Menjador de l\u2019AMPA <\/em>\u00a0<a href=\"mailto:menjador.ampa@ielesvinyes.net\">menjador.ampa@ielesvinyes.net<\/a> o d<em>eixeu-lo a la b\u00fastia de l\u2019AMPA, situada a consergeria, a partir de 1 de setembre)<\/em><\/p>\n<h5 style=\"text-align: justify;\"><span style=\"color: #800080;\"><strong><u>ACOLLIDA DE MATINS CURS \u201816-17<\/u><\/strong><\/span><\/h5>\n<p style=\"text-align: justify;\"><a href=\"http:\/\/ampa.ielesvinyes.net\/stage1\/wp-content\/uploads\/2016\/07\/acollida-matinal.jpg\"><img loading=\"lazy\" decoding=\"async\" class=\" wp-image-3341 alignleft\" src=\"http:\/\/ampa.ielesvinyes.net\/stage1\/wp-content\/uploads\/2016\/07\/acollida-matinal.jpg\" alt=\"acollida matinal\" width=\"173\" height=\"174\" \/><\/a>Us adjuntem formulari de sol\u00b7licitud pel <strong>Servei d\u2019Acollida de Mat\u00ed<\/strong> <strong>(7:45h a 9h)<\/strong> que s\u2019ofererir\u00e0 durant el curs pels alumnes d\u2019Infantil i Prim\u00e0ria.<\/p>\n<p style=\"text-align: justify;\"><strong>Si esteu interessats en gaudir d\u2019aquest servei,<\/strong> heu\u00a0d\u2019omplir el formulari d\u2019inscripci\u00f3 i ens l\u2019heu de\u00a0fer arribar<strong> abans del 8 de setembre.<\/strong><\/p>\n<p style=\"text-align: justify;\"><strong>Podeu descarregar el formulari al seg\u00fcent enlla\u00e7 <em><a href=\"http:\/\/ampa.ielesvinyes.net\/stage1\/wp-content\/uploads\/2016\/09\/ACOLLIDA-MATINAL-2016-2017.pdf\" target=\"_blank\" rel=\"noopener noreferrer\"><img loading=\"lazy\" decoding=\"async\" class=\"alignnone\" title=\"Forma de Pagament\" src=\"http:\/\/ampa.ielesvinyes.net\/stage1\/wp-content\/uploads\/2012\/02\/pdf.jpg\" width=\"25\" height=\"24\" \/><\/a><\/em>\u00a0\u00a0<\/strong><em>(Envieu-nos-ho al correu de la comissi\u00f3 d\u2019Acollida i Menjador de l\u2019 AMPA <\/em><em>\u00a0<\/em><a href=\"mailto:menjador.ampa@ielesvinyes.net\"><em>menjador.ampa@ielesvinyes.net<\/em><\/a> <strong><em>o d<\/em><\/strong><em>eixeu-lo a la b\u00fastia de l\u2019AMPA, situada a consergeria,a partir de 1 de setembre)<\/em><\/p>\n<h5 style=\"text-align: justify;\"><span style=\"color: #800080;\"><strong><u>EXTRAESCOLARS CURS \u201916-17<\/u><\/strong><\/span><span style=\"color: #99cc00;\"><strong> (Infantil\/Prim\u00e0ria i ESO)<\/strong><\/span><\/h5>\n<p style=\"text-align: justify;\"><a href=\"http:\/\/ampa.ielesvinyes.net\/stage1\/wp-content\/uploads\/2016\/07\/EXTRAESCOLARS.jpg\"><img loading=\"lazy\" decoding=\"async\" class=\"wp-image-3342 alignleft\" src=\"http:\/\/ampa.ielesvinyes.net\/stage1\/wp-content\/uploads\/2016\/07\/EXTRAESCOLARS.jpg\" alt=\"EXTRAESCOLARS\" width=\"182\" height=\"174\" \/><\/a>Us adjuntem la informaci\u00f3 amb les propostes d\u2019<em><strong>ACTIVITATS EXTRAESCOLARS<\/strong><\/em>\u00a0<strong><em>\u201916-17<\/em><\/strong><em>.<\/em> Aquest curs s\u2019oferir\u00e0 un ventall nou d\u2019activitats per poder donar una varietat m\u00e9s amplia i diversa amb propostes diferents. Tamb\u00e9 s\u2019oferir\u00e0 servei d\u2019acollida de tarda durant tot el curs, per Infantil i Prim\u00e0ria, en franges de mitja hora i fins les 18h.<\/p>\n<p style=\"text-align: justify;\"><strong>Les activitats comen\u00e7aran el dia 1 d&#8217;Octubre.<\/strong>\u00a0El per\u00edode d&#8217;inscripcions s&#8217;obrir\u00e0 a partir del 19 de setembre. A inici de curs ja us farem arribar el full corresponent per poder fer la inscripci\u00f3.<\/p>\n<p style=\"text-align: justify;\"><span style=\"color: #99cc00;\"><strong>INFANTIL I PRIM\u00c0RIA:<\/strong><\/span> Enguany, l&#8217;horari de les activitats ser\u00e0 de 16&#8217;30h a 17&#8217;45h \u00f3 a 18h depenent de l\u2019activitat escollida.\u00a0<strong>Al seg\u00fcent enlla\u00e7<em>\u00a0<\/em>trobareu tota la informaci\u00f3 necess\u00e0ria:<\/strong> activitats, dies,\u00a0preus&#8230;<a href=\"http:\/\/ampa.ielesvinyes.net\/stage1\/wp-content\/uploads\/2016\/08\/EXTRAESCOLARS-CURS-2016-17_-DEF-1.pdf\" target=\"_blank\" rel=\"noopener noreferrer\"><img loading=\"lazy\" decoding=\"async\" class=\"alignnone\" src=\"http:\/\/ampa.ielesvinyes.net\/stage1\/wp-content\/uploads\/2012\/02\/pdf.jpg\" width=\"25\" height=\"24\" \/><\/a><\/p>\n<p style=\"text-align: justify;\"><span style=\"color: #99cc00;\"><strong>ESO:<\/strong>\u00a0<strong><span style=\"color: #000000;\">L&#8217;horari de les activitats proposades ser\u00e0 de<\/span><\/strong><\/span>\u00a015&#8217;30h a 16&#8217;30h.\u00a0<strong>Al seg\u00fcent enlla\u00e7<em>\u00a0<\/em>trobareu tota la informaci\u00f3 necess\u00e0ria:<\/strong> activitats, dies,\u00a0preus&#8230;<a href=\"http:\/\/ampa.ielesvinyes.net\/stage1\/wp-content\/uploads\/2016\/08\/EXTRAESCOLARS-CURS-2016-17_ESO.pdf\" target=\"_blank\" rel=\"noopener noreferrer\"><img loading=\"lazy\" decoding=\"async\" class=\"alignnone\" src=\"http:\/\/ampa.ielesvinyes.net\/stage1\/wp-content\/uploads\/2012\/02\/pdf.jpg\" width=\"25\" height=\"24\" \/><\/a><\/p>\n<h5 style=\"text-align: justify;\"><span style=\"color: #800080;\"><strong><u>ROBA<\/u><\/strong><\/span><\/h5>\n<p style=\"text-align: justify;\"><a href=\"http:\/\/ampa.ielesvinyes.net\/stage1\/wp-content\/uploads\/2016\/07\/roba-vinyes-2.jpg\"><img loading=\"lazy\" decoding=\"async\" class=\"wp-image-3343 alignleft\" src=\"http:\/\/ampa.ielesvinyes.net\/stage1\/wp-content\/uploads\/2016\/07\/roba-vinyes-2.jpg\" alt=\"roba vinyes - 2\" width=\"182\" height=\"220\" \/><\/a>En commemoraci\u00f3 del 5\u00e8 aniversari del nostre Institut-Escola, enguany el disseny de la roba ha variat i a partir d\u2019aquest curs la roba ser\u00e0 dels colors corporatius del centre, el color verd pistatxo i el lila. La roba de color blau que s\u2019havia utilitzat fins ara es podr\u00e0 seguir utilitzant sense cap inconvenient.<\/p>\n<p style=\"text-align: justify;\">Com a novetat, informar que a \u00a0partir d\u2019aquest curs es far\u00e0 una nova comanda de roba al \u00a0mes de gener.\u00a0 Si alg\u00fa no va fer comanda al juny, i necessita roba, la podr\u00e0 fer al gener.<\/p>\n<p style=\"text-align: justify;\"><strong>Les comandes del juny ja estan cursades i ens arribaran durant el mes de setembre, de\u00a0seguida que ens arribin farem l\u2019entrega als vostres fills. Important, per poder fer entrega de la comanda cal que estigui liquidada la quota de l\u2019AMPA.<\/strong><\/p>\n<h5 style=\"text-align: justify;\"><span style=\"color: #800080;\"><strong><u>INSCRIPCI\u00d3 SOCIS\u00a0 i\u00a0 SERVEIS<\/u><\/strong><\/span><\/h5>\n<p style=\"text-align: justify;\"><a href=\"http:\/\/ampa.ielesvinyes.net\/stage1\/wp-content\/uploads\/2016\/07\/CENS3.jpg\"><img loading=\"lazy\" decoding=\"async\" class=\"wp-image-3344 alignleft\" src=\"http:\/\/ampa.ielesvinyes.net\/stage1\/wp-content\/uploads\/2016\/07\/CENS3.jpg\" alt=\"CENS3\" width=\"184\" height=\"162\" \/><\/a>Us recordem que per renovar l\u2019inscripci\u00f3 de soci a l\u2019AMPA, cada curs heu d\u2019omplir la\u00a0 inscripci\u00f3 de soci i fer l\u2019ingr\u00e9s\u00a0 corresponent de la quota anual (25\u20ac per\u00a0fam\u00edlia).<\/p>\n<p style=\"text-align: justify;\">Si encara no heu fet l\u2019ingr\u00e9s de la quota, cal que ompliu el full d\u2019inscripci\u00f3 de soci i ens el feu arribar grapat juntament amb el comprovant de l\u2019ingr\u00e9s, <strong>abans del 8 de setembre<\/strong> a la b\u00fastia de l\u2019AMPA.<\/p>\n<p style=\"text-align: justify;\"><strong>Podeu descarregar el full d\u2019inscripci\u00f3 al seg\u00fcent enlla\u00e7 \u00a0<a href=\"http:\/\/ampa.ielesvinyes.net\/stage1\/wp-content\/uploads\/2015\/02\/9.-INSCRIPCI%C3%93-I-ACTUALITZACI%C3%93-DADES-SOCI_LOPD_2016-IBAN.pdf\"><em><img loading=\"lazy\" decoding=\"async\" title=\"Forma de Pagament\" src=\"http:\/\/ampa.ielesvinyes.net\/stage1\/wp-content\/uploads\/2012\/02\/pdf.jpg\" alt=\"\" width=\"25\" height=\"24\" \/><\/em><\/a><\/strong><\/p>\n<p style=\"text-align: justify;\">En el full d\u2019inscripci\u00f3 trobareu el <strong>n\u00ba de compte<\/strong> de l\u2019AMPA a on fer l\u2019ingr\u00e9s de la quota.<\/p>\n<blockquote>\n<p style=\"text-align: justify;\"><span style=\"color: #000000;\"><strong>Us recordem que per poder fer \u00fas dels serveis que ofereix l\u2019AMPA<\/strong> (acollida mat\u00ed, roba, extraescolars i acollida de tarda) <strong>cal ser soci de l\u2019AMPA.<\/strong><\/span><\/p>\n<\/blockquote>\n<p>&nbsp;<\/p>\n<h2><span style=\"color: #3366ff;\"><strong>B\u00e9 doncs aix\u00f2 \u00e9s tot!\u00a0<img loading=\"lazy\" decoding=\"async\" class=\"alignright\" src=\"http:\/\/3.bp.blogspot.com\/-vnNJRmKGt5o\/TfXg3c6O0TI\/AAAAAAAAANM\/haDBGMplVNQ\/s320\/sol1.bmp\" width=\"158\" height=\"147\" \/><\/strong><\/span><\/h2>\n<p><strong>Ara nom\u00e9s ens queda desitjar-vos que passeu unes bones vacances en companyia dels vostres fills i fam\u00edlia! <\/strong><\/p>\n<h5><strong>Bon estiu a tots!! Ens retrobem al setembre!<\/strong><\/h5>\n<h3 style=\"text-align: center;\"><strong>I recordeu&#8230; <span style=\"color: #ff6600;\">Tots i Totes Som AMPA!!\u00a0\u00a0<\/span><\/strong><\/h3>\n","protected":false},"excerpt":{"rendered":"<p>ACOLLIDA DE TARDA SETEMBRE Us adjuntem formulari de sol\u00b7licitud pel Servei d\u2019Acollida de Tarda (16:30 a 17:30) que s\u2019oferir\u00e0 durant la segona\u00a0quinzena del mes de setembre (del 12 al 30 de setembre), per alumnes d\u2019Infantil i Prim\u00e0ria. Si esteu interessats en gaudir d\u2019aquest servei, heu\u00a0d\u2019omplir el formulari d\u2019inscripci\u00f3 i ens l\u2019heu de\u00a0fer arribar abans del [&hellip;]<\/p>\n","protected":false},"author":52,"featured_media":0,"comment_status":"open","ping_status":"closed","sticky":false,"template":"","format":"standard","meta":{"_bbp_topic_count":0,"_bbp_reply_count":0,"_bbp_total_topic_count":0,"_bbp_total_reply_count":0,"_bbp_voice_count":0,"_bbp_anonymous_reply_count":0,"_bbp_topic_count_hidden":0,"_bbp_reply_count_hidden":0,"_bbp_forum_subforum_count":0,"site-sidebar-layout":"default","site-content-layout":"","ast-site-content-layout":"","site-content-style":"default","site-sidebar-style":"default","ast-global-header-display":"","ast-banner-title-visibility":"","ast-main-header-display":"","ast-hfb-above-header-display":"","ast-hfb-below-header-display":"","ast-hfb-mobile-header-display":"","site-post-title":"","ast-breadcrumbs-content":"","ast-featured-img":"","footer-sml-layout":"","theme-transparent-header-meta":"","adv-header-id-meta":"","stick-header-meta":"","header-above-stick-meta":"","header-main-stick-meta":"","header-below-stick-meta":"","astra-migrate-meta-layouts":"default","ast-page-background-enabled":"default","ast-page-background-meta":{"desktop":{"background-color":"var(--ast-global-color-4)","background-image":"","background-repeat":"repeat","background-position":"center center","background-size":"auto","background-attachment":"scroll","background-type":"","background-media":"","overlay-type":"","overlay-color":"","overlay-opacity":"","overlay-gradient":""},"tablet":{"background-color":"","background-image":"","background-repeat":"repeat","background-position":"center center","background-size":"auto","background-attachment":"scroll","background-type":"","background-media":"","overlay-type":"","overlay-color":"","overlay-opacity":"","overlay-gradient":""},"mobile":{"background-color":"","background-image":"","background-repeat":"repeat","background-position":"center center","background-size":"auto","background-attachment":"scroll","background-type":"","background-media":"","overlay-type":"","overlay-color":"","overlay-opacity":"","overlay-gradient":""}},"ast-content-background-meta":{"desktop":{"background-color":"var(--ast-global-color-5)","background-image":"","background-repeat":"repeat","background-position":"center center","background-size":"auto","background-attachment":"scroll","background-type":"","background-media":"","overlay-type":"","overlay-color":"","overlay-opacity":"","overlay-gradient":""},"tablet":{"background-color":"var(--ast-global-color-5)","background-image":"","background-repeat":"repeat","background-position":"center center","background-size":"auto","background-attachment":"scroll","background-type":"","background-media":"","overlay-type":"","overlay-color":"","overlay-opacity":"","overlay-gradient":""},"mobile":{"background-color":"var(--ast-global-color-5)","background-image":"","background-repeat":"repeat","background-position":"center center","background-size":"auto","background-attachment":"scroll","background-type":"","background-media":"","overlay-type":"","overlay-color":"","overlay-opacity":"","overlay-gradient":""}},"footnotes":""},"categories":[113,31,471],"tags":[],"class_list":["post-4907","post","type-post","status-publish","format-standard","hentry","category-2016-17","category-afa","category-noticies-afa"],"post_mailing_queue_ids":[],"_links":{"self":[{"href":"https:\/\/agora.xtec.cat\/ielesvinyes\/wp-json\/wp\/v2\/posts\/4907","targetHints":{"allow":["GET"]}}],"collection":[{"href":"https:\/\/agora.xtec.cat\/ielesvinyes\/wp-json\/wp\/v2\/posts"}],"about":[{"href":"https:\/\/agora.xtec.cat\/ielesvinyes\/wp-json\/wp\/v2\/types\/post"}],"author":[{"embeddable":true,"href":"https:\/\/agora.xtec.cat\/ielesvinyes\/wp-json\/wp\/v2\/users\/52"}],"replies":[{"embeddable":true,"href":"https:\/\/agora.xtec.cat\/ielesvinyes\/wp-json\/wp\/v2\/comments?post=4907"}],"version-history":[{"count":1,"href":"https:\/\/agora.xtec.cat\/ielesvinyes\/wp-json\/wp\/v2\/posts\/4907\/revisions"}],"predecessor-version":[{"id":5406,"href":"https:\/\/agora.xtec.cat\/ielesvinyes\/wp-json\/wp\/v2\/posts\/4907\/revisions\/5406"}],"wp:attachment":[{"href":"https:\/\/agora.xtec.cat\/ielesvinyes\/wp-json\/wp\/v2\/media?parent=4907"}],"wp:term":[{"taxonomy":"category","embeddable":true,"href":"https:\/\/agora.xtec.cat\/ielesvinyes\/wp-json\/wp\/v2\/categories?post=4907"},{"taxonomy":"post_tag","embeddable":true,"href":"https:\/\/agora.xtec.cat\/ielesvinyes\/wp-json\/wp\/v2\/tags?post=4907"}],"curies":[{"name":"wp","href":"https:\/\/api.w.org\/{rel}","templated":true}]}}