{"id":4906,"date":"2016-05-21T10:23:52","date_gmt":"2016-05-21T08:23:52","guid":{"rendered":"http:\/\/ampa.ielesvinyes.net\/stage1\/?p=3299"},"modified":"2020-02-03T18:38:16","modified_gmt":"2020-02-03T17:38:16","slug":"casalet-destiu-durant-la-jornada-intensiva","status":"publish","type":"post","link":"https:\/\/agora.xtec.cat\/ielesvinyes\/afa\/casalet-destiu-durant-la-jornada-intensiva\/","title":{"rendered":"CASALET D&#8217;ESTIU (durant la Jornada Intensiva)"},"content":{"rendered":"<p style=\"text-align: justify;\">S&#8217;acosta el mes de juny &#8230; i com cada any &#8230; la<span style=\"color: #3366ff;\"><strong>\u00a0J<\/strong><strong>ornada Intensiva<\/strong><\/span>.<\/p>\n<h6 style=\"text-align: justify;\">Recordar-vos que l&#8217;horari lectiu<span style=\"color: #ff6600;\"><strong>\u00a0<\/strong><strong>del 6 al 21 de juny ser\u00e0 de 9h a 13h<\/strong>.<\/span><\/h6>\n<p style=\"text-align: justify;\"><span style=\"text-decoration: underline;\">Les fam\u00edlies que utilitzin el servei de menjador<\/span> i que necessitin allargar la jornada escolar dels seus fills fins a l&#8217;horari habitual, podran gaudir del Casalet que &#8220;7iTria&#8221; <span style=\"color: #808080;\"><em>(empresa que ens gestiona l&#8217;acollida i el menjador)<\/em> <\/span>ens ofereix.<\/p>\n<p style=\"text-align: justify;\">Les franges hor\u00e0ries ofertades s\u00f3n:<\/p>\n<p style=\"text-align: center;\"><strong>De 15:30h a 16:30h &#8211;&gt; Preus: Fix: 18 \u20ac i Espor\u00e0dic: 2 \u20ac<\/strong><\/p>\n<p style=\"text-align: center;\"><strong>De 15:30h a 17:30h\u00a0&#8211;&gt; Preus: Fix: 34 \u20ac i Espor\u00e0dic: 4 \u20ac<\/strong><\/p>\n<p style=\"text-align: justify;\">Les fam\u00edlies interessades cal que omplin el full d&#8217;inscripci\u00f3 que adjuntem i que el lliurin a la coordinadora del menjador, la N\u00faria Masoliver. La podeu trobar tots els matins en l&#8217;horari d&#8217;acollida, de 7:45 a 9h, o a partir de les 9h a consergeria.<\/p>\n<p style=\"text-align: justify;\">Si no podeu imprimir el full d&#8217;inscripci\u00f3, podeu demanar-li c\u00f2pies impreses a la N\u00faria.<\/p>\n<p style=\"text-align: justify;\">Per raons de gesti\u00f3, la data l\u00edmit d&#8217;entrega d&#8217;inscripcions ser\u00e0 el\u00a0<strong><u>proper divendres 27 de maig<\/u><\/strong>.<\/p>\n<p style=\"text-align: justify;\">Gr\u00e0cies per la vostra col\u00b7laboraci\u00f3.<\/p>\n<p style=\"text-align: center;\"><a href=\"http:\/\/ampa.ielesvinyes.net\/stage1\/wp-content\/uploads\/2016\/05\/221-FULL-INSCRIPCIO-CASALET-1.pdf\">Full inscripci\u00f3 Casalet Estiu &#8220;7iTria&#8221;\u00a0<\/a>\u00a0<em><a href=\"http:\/\/ampa.ielesvinyes.net\/stage1\/wp-content\/uploads\/2016\/05\/221-FULL-INSCRIPCIO-CASALET-1.pdf\" target=\"_blank\" rel=\"noopener noreferrer\"><img loading=\"lazy\" decoding=\"async\" title=\"Forma de Pagament\" src=\"http:\/\/ampa.ielesvinyes.net\/stage1\/wp-content\/uploads\/2012\/02\/pdf.jpg\" alt=\"\" width=\"25\" height=\"24\" \/><\/a><\/em><\/p>\n<p style=\"text-align: center;\"><span style=\"color: #993366;\"><a style=\"color: #993366;\" href=\"http:\/\/ampa.ielesvinyes.net\/stage1\/wp-content\/uploads\/2016\/05\/Planing-casalet.pdf\">Programa d&#8217;activitats previstes<\/a><\/span> \u00a0<em><a href=\"http:\/\/ampa.ielesvinyes.net\/stage1\/wp-content\/uploads\/2016\/05\/Planing-casalet.pdf\" target=\"_blank\" rel=\"noopener noreferrer\"><img loading=\"lazy\" decoding=\"async\" title=\"Forma de Pagament\" src=\"http:\/\/ampa.ielesvinyes.net\/stage1\/wp-content\/uploads\/2012\/02\/pdf.jpg\" alt=\"\" width=\"25\" height=\"24\" \/><\/a><\/em><\/p>\n","protected":false},"excerpt":{"rendered":"<p>S&#8217;acosta el mes de juny &#8230; i com cada any &#8230; la\u00a0Jornada Intensiva. Recordar-vos que l&#8217;horari lectiu\u00a0del 6 al 21 de juny ser\u00e0 de 9h a 13h. Les fam\u00edlies que utilitzin el servei de menjador i que necessitin allargar la jornada escolar dels seus fills fins a l&#8217;horari habitual, podran gaudir del Casalet que &#8220;7iTria&#8221; [&hellip;]<\/p>\n","protected":false},"author":52,"featured_media":0,"comment_status":"open","ping_status":"closed","sticky":false,"template":"","format":"standard","meta":{"_bbp_topic_count":0,"_bbp_reply_count":0,"_bbp_total_topic_count":0,"_bbp_total_reply_count":0,"_bbp_voice_count":0,"_bbp_anonymous_reply_count":0,"_bbp_topic_count_hidden":0,"_bbp_reply_count_hidden":0,"_bbp_forum_subforum_count":0,"site-sidebar-layout":"default","site-content-layout":"","ast-site-content-layout":"","site-content-style":"default","site-sidebar-style":"default","ast-global-header-display":"","ast-banner-title-visibility":"","ast-main-header-display":"","ast-hfb-above-header-display":"","ast-hfb-below-header-display":"","ast-hfb-mobile-header-display":"","site-post-title":"","ast-breadcrumbs-content":"","ast-featured-img":"","footer-sml-layout":"","theme-transparent-header-meta":"","adv-header-id-meta":"","stick-header-meta":"","header-above-stick-meta":"","header-main-stick-meta":"","header-below-stick-meta":"","astra-migrate-meta-layouts":"default","ast-page-background-enabled":"default","ast-page-background-meta":{"desktop":{"background-color":"var(--ast-global-color-4)","background-image":"","background-repeat":"repeat","background-position":"center center","background-size":"auto","background-attachment":"scroll","background-type":"","background-media":"","overlay-type":"","overlay-color":"","overlay-opacity":"","overlay-gradient":""},"tablet":{"background-color":"","background-image":"","background-repeat":"repeat","background-position":"center center","background-size":"auto","background-attachment":"scroll","background-type":"","background-media":"","overlay-type":"","overlay-color":"","overlay-opacity":"","overlay-gradient":""},"mobile":{"background-color":"","background-image":"","background-repeat":"repeat","background-position":"center center","background-size":"auto","background-attachment":"scroll","background-type":"","background-media":"","overlay-type":"","overlay-color":"","overlay-opacity":"","overlay-gradient":""}},"ast-content-background-meta":{"desktop":{"background-color":"var(--ast-global-color-5)","background-image":"","background-repeat":"repeat","background-position":"center center","background-size":"auto","background-attachment":"scroll","background-type":"","background-media":"","overlay-type":"","overlay-color":"","overlay-opacity":"","overlay-gradient":""},"tablet":{"background-color":"var(--ast-global-color-5)","background-image":"","background-repeat":"repeat","background-position":"center center","background-size":"auto","background-attachment":"scroll","background-type":"","background-media":"","overlay-type":"","overlay-color":"","overlay-opacity":"","overlay-gradient":""},"mobile":{"background-color":"var(--ast-global-color-5)","background-image":"","background-repeat":"repeat","background-position":"center center","background-size":"auto","background-attachment":"scroll","background-type":"","background-media":"","overlay-type":"","overlay-color":"","overlay-opacity":"","overlay-gradient":""}},"footnotes":""},"categories":[112,31,471],"tags":[],"class_list":["post-4906","post","type-post","status-publish","format-standard","hentry","category-2015-16","category-afa","category-noticies-afa"],"post_mailing_queue_ids":[],"_links":{"self":[{"href":"https:\/\/agora.xtec.cat\/ielesvinyes\/wp-json\/wp\/v2\/posts\/4906","targetHints":{"allow":["GET"]}}],"collection":[{"href":"https:\/\/agora.xtec.cat\/ielesvinyes\/wp-json\/wp\/v2\/posts"}],"about":[{"href":"https:\/\/agora.xtec.cat\/ielesvinyes\/wp-json\/wp\/v2\/types\/post"}],"author":[{"embeddable":true,"href":"https:\/\/agora.xtec.cat\/ielesvinyes\/wp-json\/wp\/v2\/users\/52"}],"replies":[{"embeddable":true,"href":"https:\/\/agora.xtec.cat\/ielesvinyes\/wp-json\/wp\/v2\/comments?post=4906"}],"version-history":[{"count":1,"href":"https:\/\/agora.xtec.cat\/ielesvinyes\/wp-json\/wp\/v2\/posts\/4906\/revisions"}],"predecessor-version":[{"id":5408,"href":"https:\/\/agora.xtec.cat\/ielesvinyes\/wp-json\/wp\/v2\/posts\/4906\/revisions\/5408"}],"wp:attachment":[{"href":"https:\/\/agora.xtec.cat\/ielesvinyes\/wp-json\/wp\/v2\/media?parent=4906"}],"wp:term":[{"taxonomy":"category","embeddable":true,"href":"https:\/\/agora.xtec.cat\/ielesvinyes\/wp-json\/wp\/v2\/categories?post=4906"},{"taxonomy":"post_tag","embeddable":true,"href":"https:\/\/agora.xtec.cat\/ielesvinyes\/wp-json\/wp\/v2\/tags?post=4906"}],"curies":[{"name":"wp","href":"https:\/\/api.w.org\/{rel}","templated":true}]}}