{"id":4902,"date":"2015-11-18T11:00:00","date_gmt":"2015-11-18T10:00:00","guid":{"rendered":"http:\/\/ampa.ielesvinyes.net\/stage1\/?p=3066"},"modified":"2020-02-03T18:50:05","modified_gmt":"2020-02-03T17:50:05","slug":"solidaritat-amb-els-refugiats-sirians","status":"publish","type":"post","link":"https:\/\/agora.xtec.cat\/ielesvinyes\/afa\/solidaritat-amb-els-refugiats-sirians\/","title":{"rendered":"Solidaritat amb els Refugiats Sirians"},"content":{"rendered":"<blockquote>\n<h3 style=\"text-align: center;\"><span style=\"color: #ff6600;\"><strong>CAMPANYA DE RECOLLIDA DE ROBA PER AJUDAR ALS REFUGIATS SIRIANS<\/strong><\/span><\/h3>\n<p style=\"text-align: center;\"><strong>DEL 19 AL 26 DE NOVEMBRE<\/strong><\/p>\n<\/blockquote>\n<p style=\"text-align: justify;\">Totes les AMPA dels centres educatius de Castellbisbal ens hem unit per realitzar aquesta<br \/>\ncampanya conjunta d\u2019Ajuda als Refugiats Sirians.<img loading=\"lazy\" decoding=\"async\" class=\"wp-image-3089 alignright\" src=\"http:\/\/ampa.ielesvinyes.net\/stage1\/wp-content\/uploads\/2015\/11\/Recollida-roba-AMPAs.jpg\" alt=\"Recollida roba AMPAs\" width=\"277\" height=\"416\" \/><\/p>\n<p style=\"text-align: justify;\"><strong>La roba que recollim la vendrem el diumenge 29 de<br \/>\nnovembre\u00a0<\/strong>al <a href=\"http:\/\/www.castellbisbal.cat\/actualitat\/agenda\/mercat-dintercanvi-i-de-segona-ma.html\" target=\"_blank\" rel=\"noopener noreferrer\">Mercat d\u2019Intercanvi i de Segona M\u00e0<\/a>,<strong> de 10h a 14h a la pla\u00e7a de l\u2019esgl\u00e9sia<\/strong>.<\/p>\n<p style=\"text-align: justify;\">Tots els diners que obtinguem els donarem al <strong><a href=\"http:\/\/www.fonscatala.org\/\" target=\"_blank\" rel=\"noopener noreferrer\">Fons Catal\u00e0 de Cooperaci\u00f3 per a projectes d\u2019ajuda als refugiats<\/a><\/strong>.<\/p>\n<p style=\"text-align: justify;\">Els punts de recollida de la roba s\u00f3n els centres educatius, podeu deixar les vostres bosses a la consergeria de Les Vinyes.<\/p>\n<p style=\"text-align: center;\"><strong>Important!<\/strong> La roba ha d\u2019estar neta i en bones condicions.<\/p>\n<p style=\"text-align: justify;\"><span style=\"color: #ff6600;\"><strong>ENS AJUDES? <\/strong><\/span><\/p>\n<p style=\"text-align: justify;\">Necessitem voluntaris per a:<\/p>\n<ul style=\"text-align: justify;\">\n<li>Fer selecci\u00f3 de roba i classificaci\u00f3, a l\u2019Espai de la Pla\u00e7a <span style=\"text-decoration: underline;\">dissabte 28 de 10h a 14h<\/span>.<\/li>\n<li>Vendre la roba a la parada del Mercat d\u2019Intercanvi i de Segona M\u00e0, a la pla\u00e7a de l\u2019esgl\u00e9sia <span style=\"text-decoration: underline;\">diumenge 29 de 9:30h a 14:30h<\/span>.<\/li>\n<\/ul>\n<p style=\"text-align: justify;\">Els voluntaris que vinguin tindran l\u2019oportunitat de ser els primer de comprar la roba i fer la millor tria!<\/p>\n<p style=\"text-align: justify;\">Envieu un mail a l\u2019AMPA indicant les vostres dades,\u00a0 quin dia i en quines franges hor\u00e0ries us va b\u00e9 donar un cop de m\u00e0, i ens posarem en contacte. <strong>MOLTES GR\u00c0CIES!!<\/strong><\/p>\n<p style=\"text-align: justify;\"><span style=\"color: #ff6600;\"><strong>Vols m\u00e9s informaci\u00f3?<img loading=\"lazy\" decoding=\"async\" class=\"wp-image-3090 alignright\" src=\"http:\/\/ampa.ielesvinyes.net\/stage1\/wp-content\/uploads\/2015\/11\/Acte-solidari-4t-ESO.jpg\" alt=\"Acte solidari 4t ESO\" width=\"281\" height=\"398\" \/><br \/>\n<\/strong><\/span><\/p>\n<p style=\"text-align: justify;\">Avui, de 17h a 19h, a la pla\u00e7a de l\u2019esgl\u00e9sia es celebrar\u00e0 un \u201c<strong>Acte Solidari de\u00a0Sensibilitzaci\u00f3\u201d organitzat per l\u2019alumnat de quart d\u2019ESO de Les Vinyes<\/strong>, per ajudar a comprendre la situaci\u00f3 i la crisi dels refugiats, alhora que es donaran a con\u00e8ixer les diverses iniciatives solid\u00e0ries que s\u2019han posat en marxa per atendre les necessitats d\u2019aquestes persones.<\/p>\n<p style=\"text-align: justify;\"><img loading=\"lazy\" decoding=\"async\" class=\"alignleft\" src=\"https:\/\/g.twimg.com\/Twitter_logo_blue.png\" alt=\"\" width=\"52\" height=\"43\" \/>Podeu seguir-los a <span style=\"color: #3366ff;\"><strong>Twitter <\/strong><span style=\"color: #000000;\">cercant el perfil<\/span><\/span>\u00a0<strong>@Acte_SolidariLV<\/strong> i\/o deixar els vostres comentaris amb el hashtag <strong>#LesVinyesSolid\u00e0ria<\/strong><\/p>\n","protected":false},"excerpt":{"rendered":"<p>CAMPANYA DE RECOLLIDA DE ROBA PER AJUDAR ALS REFUGIATS SIRIANS DEL 19 AL 26 DE NOVEMBRE Totes les AMPA dels centres educatius de Castellbisbal ens hem unit per realitzar aquesta campanya conjunta d\u2019Ajuda als Refugiats Sirians. La roba que recollim la vendrem el diumenge 29 de novembre\u00a0al Mercat d\u2019Intercanvi i de Segona M\u00e0, de 10h [&hellip;]<\/p>\n","protected":false},"author":52,"featured_media":0,"comment_status":"open","ping_status":"closed","sticky":false,"template":"","format":"standard","meta":{"_bbp_topic_count":0,"_bbp_reply_count":0,"_bbp_total_topic_count":0,"_bbp_total_reply_count":0,"_bbp_voice_count":0,"_bbp_anonymous_reply_count":0,"_bbp_topic_count_hidden":0,"_bbp_reply_count_hidden":0,"_bbp_forum_subforum_count":0,"site-sidebar-layout":"default","site-content-layout":"","ast-site-content-layout":"","site-content-style":"default","site-sidebar-style":"default","ast-global-header-display":"","ast-banner-title-visibility":"","ast-main-header-display":"","ast-hfb-above-header-display":"","ast-hfb-below-header-display":"","ast-hfb-mobile-header-display":"","site-post-title":"","ast-breadcrumbs-content":"","ast-featured-img":"","footer-sml-layout":"","theme-transparent-header-meta":"","adv-header-id-meta":"","stick-header-meta":"","header-above-stick-meta":"","header-main-stick-meta":"","header-below-stick-meta":"","astra-migrate-meta-layouts":"default","ast-page-background-enabled":"default","ast-page-background-meta":{"desktop":{"background-color":"var(--ast-global-color-4)","background-image":"","background-repeat":"repeat","background-position":"center center","background-size":"auto","background-attachment":"scroll","background-type":"","background-media":"","overlay-type":"","overlay-color":"","overlay-opacity":"","overlay-gradient":""},"tablet":{"background-color":"","background-image":"","background-repeat":"repeat","background-position":"center center","background-size":"auto","background-attachment":"scroll","background-type":"","background-media":"","overlay-type":"","overlay-color":"","overlay-opacity":"","overlay-gradient":""},"mobile":{"background-color":"","background-image":"","background-repeat":"repeat","background-position":"center center","background-size":"auto","background-attachment":"scroll","background-type":"","background-media":"","overlay-type":"","overlay-color":"","overlay-opacity":"","overlay-gradient":""}},"ast-content-background-meta":{"desktop":{"background-color":"var(--ast-global-color-5)","background-image":"","background-repeat":"repeat","background-position":"center center","background-size":"auto","background-attachment":"scroll","background-type":"","background-media":"","overlay-type":"","overlay-color":"","overlay-opacity":"","overlay-gradient":""},"tablet":{"background-color":"var(--ast-global-color-5)","background-image":"","background-repeat":"repeat","background-position":"center center","background-size":"auto","background-attachment":"scroll","background-type":"","background-media":"","overlay-type":"","overlay-color":"","overlay-opacity":"","overlay-gradient":""},"mobile":{"background-color":"var(--ast-global-color-5)","background-image":"","background-repeat":"repeat","background-position":"center center","background-size":"auto","background-attachment":"scroll","background-type":"","background-media":"","overlay-type":"","overlay-color":"","overlay-opacity":"","overlay-gradient":""}},"footnotes":""},"categories":[112,31,471],"tags":[],"class_list":["post-4902","post","type-post","status-publish","format-standard","hentry","category-2015-16","category-afa","category-noticies-afa"],"post_mailing_queue_ids":[],"_links":{"self":[{"href":"https:\/\/agora.xtec.cat\/ielesvinyes\/wp-json\/wp\/v2\/posts\/4902","targetHints":{"allow":["GET"]}}],"collection":[{"href":"https:\/\/agora.xtec.cat\/ielesvinyes\/wp-json\/wp\/v2\/posts"}],"about":[{"href":"https:\/\/agora.xtec.cat\/ielesvinyes\/wp-json\/wp\/v2\/types\/post"}],"author":[{"embeddable":true,"href":"https:\/\/agora.xtec.cat\/ielesvinyes\/wp-json\/wp\/v2\/users\/52"}],"replies":[{"embeddable":true,"href":"https:\/\/agora.xtec.cat\/ielesvinyes\/wp-json\/wp\/v2\/comments?post=4902"}],"version-history":[{"count":1,"href":"https:\/\/agora.xtec.cat\/ielesvinyes\/wp-json\/wp\/v2\/posts\/4902\/revisions"}],"predecessor-version":[{"id":5423,"href":"https:\/\/agora.xtec.cat\/ielesvinyes\/wp-json\/wp\/v2\/posts\/4902\/revisions\/5423"}],"wp:attachment":[{"href":"https:\/\/agora.xtec.cat\/ielesvinyes\/wp-json\/wp\/v2\/media?parent=4902"}],"wp:term":[{"taxonomy":"category","embeddable":true,"href":"https:\/\/agora.xtec.cat\/ielesvinyes\/wp-json\/wp\/v2\/categories?post=4902"},{"taxonomy":"post_tag","embeddable":true,"href":"https:\/\/agora.xtec.cat\/ielesvinyes\/wp-json\/wp\/v2\/tags?post=4902"}],"curies":[{"name":"wp","href":"https:\/\/api.w.org\/{rel}","templated":true}]}}