{"id":4899,"date":"2015-10-02T10:59:53","date_gmt":"2015-10-02T08:59:53","guid":{"rendered":"http:\/\/ampa.ielesvinyes.net\/stage1\/?p=2857"},"modified":"2020-02-03T20:23:09","modified_gmt":"2020-02-03T19:23:09","slug":"tenim-reforc-a-p3","status":"publish","type":"post","link":"https:\/\/agora.xtec.cat\/ielesvinyes\/afa\/tenim-reforc-a-p3\/","title":{"rendered":"TENIM REFOR\u00c7 A P3!!"},"content":{"rendered":"<p style=\"text-align: justify;\"><img loading=\"lazy\" decoding=\"async\" class=\" wp-image-2917 alignleft\" src=\"http:\/\/ampa.ielesvinyes.net\/stage1\/wp-content\/uploads\/2015\/09\/mestra-refor\u00e7.jpg\" alt=\"mestra + refor\u00e7\" width=\"333\" height=\"241\" \/>El passat mes de maig vam presentar una inst\u00e0ncia conjunta amb totes les AMPA de les escoles del municipi, sol\u00b7licitant al Departament de Serveis Territorials (Dpt. SSTT) que els diferents centres educatius de Castellbisbal que no comptessin amb els serveis d\u2019un\/a <strong>TEI<span style=\"color: #3366ff;\">*<\/span><\/strong>, poguessin compartir aquest recurs en el proper curs 2015-2016. La inst\u00e0ncia tamb\u00e9 va ser recolzada per l\u2019Ajuntament.<\/p>\n<blockquote>\n<p style=\"text-align: justify;\"><span style=\"color: #3366ff;\"><strong>TEI<\/strong> (T\u00e8cnic d\u2019Educaci\u00f3 Infantil): \u00c9s el treballador\/a que col\u00b7labora amb el mestre\/a de P3 en el proc\u00e9s educatiu de l\u2019alumnat, principalment en el desenvolupament d\u2019h\u00e0bits d\u2019autonomia i en l\u2019atenci\u00f3 a les necessitats b\u00e0siques dels infants.<\/span><\/p>\n<\/blockquote>\n<p style=\"text-align: justify;\">Es d\u00f3na la situaci\u00f3 que aquest personal de refor\u00e7 est\u00e0 a tots els centres amb dues l\u00ednies de P3 per\u00f2 no als centres que nom\u00e9s disposen d\u2019una l\u00ednia, com \u00e9s el cas de l\u2019Escola Benviure i de l\u2019Institut-Escola Les Vinyes. L\u2019argument de la petici\u00f3 conjunta que vam presentar, contemplava la possibilitat de tenir un\/una TEI compartida als\u00a0dos centres que nom\u00e9s disposen d\u2019una l\u00ednia, ja que a nivell econ\u00f2mic al Departament li suposaria el mateix cost que si les dues aules estiguessin al mateix centre, amb la difer\u00e8ncia que llavors estarien obligats.<\/p>\n<p style=\"text-align: justify;\">Durant el mes juny ens vam assabentar, mitjan\u00e7ant la direcci\u00f3 del nostre centre, que la petici\u00f3 no seria acceptada per part del Dpt. SSTT.\u00a0De moment, per\u00f2, no hem rebut cap resposta oficial al respecte.<\/p>\n<p style=\"text-align: justify;\">La Regidoria\u00a0d\u2019Educaci\u00f3 de l\u2019Ajuntament, per\u00f2, entenent la import\u00e0ncia de tenir aquest refor\u00e7 a l\u2019aula, va iniciar un estudi econ\u00f2mic per saber si podia fer front d\u2019alguna manera a aquesta petici\u00f3 i poder cobrir aquesta demanda.<\/p>\n<p style=\"text-align: justify;\">Paral\u00b7lelament, i mentre esper\u00e0vem resposta, la Junta de la nostra AMPA va aprovar fer front a la despesa d\u2019un monitor de refor\u00e7 per suplir la figura de la TEI.<\/p>\n<p style=\"text-align: justify;\"><strong>A finals de juliol vam rebre <\/strong><strong>bones not\u00edcies!!!<\/strong> L\u2019Ajuntament destinar\u00e0 5.000\u20ac, a repartir entre l\u2019Escola Benviure i l\u2019Institut-Escola Les Vinyes, per contractar personal de refor\u00e7. En el nostre cas, la contractaci\u00f3\u00a0d&#8217;aquest refor\u00e7 es preveu fins a finals de gener del 2016.<\/p>\n<p style=\"text-align: justify;\">Aquesta subvenci\u00f3 de 2.500\u20ac es preveu ampliable a altres centres que es puguin veure afectats per la mateixa problem\u00e0tica en un futur.<\/p>\n<p style=\"text-align: justify;\"><strong>Des de l\u2019AMPA de l&#8217;IE Les Vinyes volem agrair a la Regidoria\u00a0d\u2019Educaci\u00f3 l\u2019inter\u00e8s mostrat i l\u2019esfor\u00e7 econ\u00f2mic realitzat per fer front a aquesta demanda tan necess\u00e0ria.<\/strong><\/p>\n","protected":false},"excerpt":{"rendered":"<p>El passat mes de maig vam presentar una inst\u00e0ncia conjunta amb totes les AMPA de les escoles del municipi, sol\u00b7licitant al Departament de Serveis Territorials (Dpt. SSTT) que els diferents centres educatius de Castellbisbal que no comptessin amb els serveis d\u2019un\/a TEI*, poguessin compartir aquest recurs en el proper curs 2015-2016. La inst\u00e0ncia tamb\u00e9 va [&hellip;]<\/p>\n","protected":false},"author":52,"featured_media":0,"comment_status":"open","ping_status":"closed","sticky":false,"template":"","format":"standard","meta":{"_bbp_topic_count":0,"_bbp_reply_count":0,"_bbp_total_topic_count":0,"_bbp_total_reply_count":0,"_bbp_voice_count":0,"_bbp_anonymous_reply_count":0,"_bbp_topic_count_hidden":0,"_bbp_reply_count_hidden":0,"_bbp_forum_subforum_count":0,"site-sidebar-layout":"default","site-content-layout":"","ast-site-content-layout":"","site-content-style":"default","site-sidebar-style":"default","ast-global-header-display":"","ast-banner-title-visibility":"","ast-main-header-display":"","ast-hfb-above-header-display":"","ast-hfb-below-header-display":"","ast-hfb-mobile-header-display":"","site-post-title":"","ast-breadcrumbs-content":"","ast-featured-img":"","footer-sml-layout":"","theme-transparent-header-meta":"","adv-header-id-meta":"","stick-header-meta":"","header-above-stick-meta":"","header-main-stick-meta":"","header-below-stick-meta":"","astra-migrate-meta-layouts":"default","ast-page-background-enabled":"default","ast-page-background-meta":{"desktop":{"background-color":"var(--ast-global-color-4)","background-image":"","background-repeat":"repeat","background-position":"center center","background-size":"auto","background-attachment":"scroll","background-type":"","background-media":"","overlay-type":"","overlay-color":"","overlay-opacity":"","overlay-gradient":""},"tablet":{"background-color":"","background-image":"","background-repeat":"repeat","background-position":"center center","background-size":"auto","background-attachment":"scroll","background-type":"","background-media":"","overlay-type":"","overlay-color":"","overlay-opacity":"","overlay-gradient":""},"mobile":{"background-color":"","background-image":"","background-repeat":"repeat","background-position":"center center","background-size":"auto","background-attachment":"scroll","background-type":"","background-media":"","overlay-type":"","overlay-color":"","overlay-opacity":"","overlay-gradient":""}},"ast-content-background-meta":{"desktop":{"background-color":"var(--ast-global-color-5)","background-image":"","background-repeat":"repeat","background-position":"center center","background-size":"auto","background-attachment":"scroll","background-type":"","background-media":"","overlay-type":"","overlay-color":"","overlay-opacity":"","overlay-gradient":""},"tablet":{"background-color":"var(--ast-global-color-5)","background-image":"","background-repeat":"repeat","background-position":"center center","background-size":"auto","background-attachment":"scroll","background-type":"","background-media":"","overlay-type":"","overlay-color":"","overlay-opacity":"","overlay-gradient":""},"mobile":{"background-color":"var(--ast-global-color-5)","background-image":"","background-repeat":"repeat","background-position":"center center","background-size":"auto","background-attachment":"scroll","background-type":"","background-media":"","overlay-type":"","overlay-color":"","overlay-opacity":"","overlay-gradient":""}},"footnotes":""},"categories":[112,31,471],"tags":[],"class_list":["post-4899","post","type-post","status-publish","format-standard","hentry","category-2015-16","category-afa","category-noticies-afa"],"post_mailing_queue_ids":[],"_links":{"self":[{"href":"https:\/\/agora.xtec.cat\/ielesvinyes\/wp-json\/wp\/v2\/posts\/4899","targetHints":{"allow":["GET"]}}],"collection":[{"href":"https:\/\/agora.xtec.cat\/ielesvinyes\/wp-json\/wp\/v2\/posts"}],"about":[{"href":"https:\/\/agora.xtec.cat\/ielesvinyes\/wp-json\/wp\/v2\/types\/post"}],"author":[{"embeddable":true,"href":"https:\/\/agora.xtec.cat\/ielesvinyes\/wp-json\/wp\/v2\/users\/52"}],"replies":[{"embeddable":true,"href":"https:\/\/agora.xtec.cat\/ielesvinyes\/wp-json\/wp\/v2\/comments?post=4899"}],"version-history":[{"count":1,"href":"https:\/\/agora.xtec.cat\/ielesvinyes\/wp-json\/wp\/v2\/posts\/4899\/revisions"}],"predecessor-version":[{"id":5472,"href":"https:\/\/agora.xtec.cat\/ielesvinyes\/wp-json\/wp\/v2\/posts\/4899\/revisions\/5472"}],"wp:attachment":[{"href":"https:\/\/agora.xtec.cat\/ielesvinyes\/wp-json\/wp\/v2\/media?parent=4899"}],"wp:term":[{"taxonomy":"category","embeddable":true,"href":"https:\/\/agora.xtec.cat\/ielesvinyes\/wp-json\/wp\/v2\/categories?post=4899"},{"taxonomy":"post_tag","embeddable":true,"href":"https:\/\/agora.xtec.cat\/ielesvinyes\/wp-json\/wp\/v2\/tags?post=4899"}],"curies":[{"name":"wp","href":"https:\/\/api.w.org\/{rel}","templated":true}]}}