{"id":4898,"date":"2015-09-16T17:50:25","date_gmt":"2015-09-16T15:50:25","guid":{"rendered":"http:\/\/ampa.ielesvinyes.net\/stage1\/?p=2832"},"modified":"2020-03-05T19:19:36","modified_gmt":"2020-03-05T18:19:36","slug":"extraescolar-de-cant-coral","status":"publish","type":"post","link":"https:\/\/agora.xtec.cat\/ielesvinyes\/afa\/extraescolar-de-cant-coral\/","title":{"rendered":"Extraescolar de CANT CORAL"},"content":{"rendered":"<p id=\"yui_3_16_0_1_1442416102864_2127\" class=\"yiv5907262857MsoNormal\" style=\"text-align: justify;\"><span id=\"yui_3_16_0_1_1442416102864_2126\"><img loading=\"lazy\" decoding=\"async\" class=\"wp-image-2843 alignnone\" src=\"http:\/\/ampa.ielesvinyes.net\/stage1\/wp-content\/uploads\/2015\/09\/CANT-CORAL-2.jpg\" alt=\"CANT CORAL 2\" width=\"229\" height=\"153\" \/>\u00a0 \u00a0 \u00a0 \u00a0 \u00a0\u00a0<img loading=\"lazy\" decoding=\"async\" class=\"alignnone wp-image-2838\" src=\"http:\/\/ampa.ielesvinyes.net\/stage1\/wp-content\/uploads\/2015\/09\/LOGO-ESCOLA-M\u00daSICA.jpg\" alt=\"LOGO ESCOLA M\u00daSICA\" width=\"340\" height=\"115\" \/><\/span><\/p>\n<p class=\"yiv5907262857MsoNormal\" style=\"text-align: justify;\"><span id=\"yui_3_16_0_1_1442416102864_2126\">Des del curs 2014-15, l&#8217;AMPA ofereix, conjuntament amb l&#8217;Escola Municipal de\u00a0M\u00fasica Miquel Blanch, l&#8217;activitat extra-escolar de\u00a0<\/span><b id=\"yui_3_16_0_1_1442416102864_2129\"><span id=\"yui_3_16_0_1_1442416102864_2128\">Cant\u00a0Coral<\/span><\/b>\u00a0per als alumnes de Prim\u00e0ria (1r, 2n i 3r).<span id=\"yui_3_16_0_1_1442416102864_2135\" style=\"color: #ffffff;\"><span id=\"yui_3_16_0_1_1442416102864_2134\">.<\/span><\/span><\/p>\n<p class=\"yiv5907262857MsoNormal\" style=\"text-align: justify;\"><span id=\"yui_3_16_0_1_1442416102864_2135\"><span id=\"yui_3_16_0_1_1442416102864_2134\">Poden apuntar-se\u00a0tant alumnes que ja cursen estudis musicals com tots aquells nens i nenes que hi vulguin participar. L&#8217;horari establert est\u00e0 pensat perqu\u00e8 puguin\u00a0assistir\u00a0els alumnes que es queden al menjador i\u00a0els que dinen a casa. El dia d&#8217;aquesta activitat ser\u00e0:<\/span><\/span><\/p>\n<h4 class=\"yiv5907262857MsoNormal\" style=\"text-align: center;\"><span style=\"color: #ff6600;\"><strong>DIMARTS de 14:10 a 14:55<\/strong><\/span><\/h4>\n<p id=\"yui_3_16_0_1_1442416102864_2137\" class=\"yiv5907262857MsoNormal\" style=\"text-align: justify;\"><span id=\"yui_3_16_0_1_1442416102864_2136\">L&#8217;activitat estar\u00e0 condu\u00efda per en Daniel Turr\u00f3, professor de l&#8217;Escola de M\u00fasica, amb un m\u00e0xim de 20 alumnes al grup. Les sessions s\u00f3n de 45 minuts un cop per setmana.<\/span><\/p>\n<p id=\"yui_3_16_0_1_1442416102864_2157\" class=\"yiv5907262857MsoNormal\" style=\"text-align: justify;\"><span id=\"yui_3_16_0_1_1442416102864_2156\">El <strong>preu de l&#8217;activitat s\u00f3n 10 euros mensuals<\/strong> (m\u00e9s un pagament inicial de 5 euros en concepte de material). Els alumnes que ja estan matriculats a l&#8217;escola de m\u00fasica tenen aquesta activitat inclosa dins la quota.<\/span><\/p>\n<p id=\"yui_3_16_0_1_1442416102864_2141\" class=\"yiv5907262857MsoNormal\" style=\"text-align: justify;\"><b id=\"yui_3_16_0_1_1442416102864_2140\"><span id=\"yui_3_16_0_1_1442416102864_2139\">L\u2019activitat comen\u00e7ar\u00e0 dimarts 22 de setembre<\/span><\/b> i seguir\u00e0 el calendari de l\u2019escola de m\u00fasica.<\/p>\n<p id=\"yui_3_16_0_1_1442416102864_2143\" class=\"yiv5907262857MsoNormal\" style=\"text-align: justify;\"><span id=\"yui_3_16_0_1_1442416102864_2142\">Qui estigui interessat cal que ompli el full de matr\u00edcula i el porti a l\u2019Escola de M\u00fasica <strong>aquesta setmana<\/strong>. El full de matr\u00edcula el podeu descarregar al seg\u00fcent enlla\u00e7 \u00a0<strong><a href=\"https:\/\/www.castellbisbal.cat\/seu-electronica\/tramits-i-gestions\/tramits-per-a-ciutadans\/id-1362-2014-04-29-preinscripcio-i-matriculacio-a-lescola-de-musica.html\" target=\"_blank\" rel=\"noopener noreferrer\"><img loading=\"lazy\" decoding=\"async\" class=\" wp-image-1043 alignnone\" src=\"http:\/\/ampa.ielesvinyes.net\/stage1\/wp-content\/uploads\/2012\/02\/external-link-98445_640.png\" alt=\"external-link-98445_640\" width=\"23\" height=\"25\" \/><\/a><\/strong>\u00a0, o<\/span><span id=\"yui_3_16_0_1_1442416102864_2147\">\u00a0b\u00e9 el podeu anar a buscar a la secretaria de l\u2019Escola de M\u00fasica.<\/span><\/p>\n<blockquote>\n<p id=\"yui_3_16_0_1_1442416102864_2149\" class=\"yiv5907262857MsoNormal\" style=\"text-align: justify;\"><span id=\"yui_3_16_0_1_1442416102864_2150\"><br \/>\n<span style=\"color: #993366;\">La veu \u00e9s l&#8217;instrument\u00a0musical\u00a0que tots\u00a0fem servir\u00a0des de que naixem. Parlar, cantar, expressar&#8230; la fem servir constantment i\u00a0cada dia. L&#8217;objectiu del Cant Coral \u00e9s, doncs, aprofitar aquest instrument &#8220;natural&#8221; per gaudir de fer m\u00fasica en grup alhora que aprenem a fer un \u00fas saludable de les cordes vocals, tot aix\u00f2 en un ambient dist\u00e8s i una din\u00e0mica l\u00fadica i participativa.\u00a0<\/span><\/span><\/p>\n<p id=\"yui_3_16_0_1_1442416102864_2152\" class=\"yiv5907262857MsoNormal\" style=\"text-align: justify;\"><span id=\"yui_3_16_0_1_1442416102864_2151\" style=\"color: #993366;\">La pr\u00e0ctica del Cant Coral pot\u00a0ajudar\u00a0a millorar la dicci\u00f3, la pron\u00fancia i afavoreix l&#8217;aprenentatge d&#8217;altres idiomes.\u00a0A trav\u00e9s de can\u00e7ons, exercicis de respiraci\u00f3 i relaxaci\u00f3, jocs amb moviment i d&#8217;o\u00efda, aprendrem a tenir cura i fer un bon \u00fas de la nostra veu i ens endinsarem en la pr\u00e0ctica musical.<\/span><\/p>\n<\/blockquote>\n","protected":false},"excerpt":{"rendered":"<p>\u00a0 \u00a0 \u00a0 \u00a0 \u00a0\u00a0 Des del curs 2014-15, l&#8217;AMPA ofereix, conjuntament amb l&#8217;Escola Municipal de\u00a0M\u00fasica Miquel Blanch, l&#8217;activitat extra-escolar de\u00a0Cant\u00a0Coral\u00a0per als alumnes de Prim\u00e0ria (1r, 2n i 3r).. Poden apuntar-se\u00a0tant alumnes que ja cursen estudis musicals com tots aquells nens i nenes que hi vulguin participar. L&#8217;horari establert est\u00e0 pensat perqu\u00e8 puguin\u00a0assistir\u00a0els alumnes que [&hellip;]<\/p>\n","protected":false},"author":52,"featured_media":0,"comment_status":"open","ping_status":"closed","sticky":false,"template":"","format":"standard","meta":{"_bbp_topic_count":0,"_bbp_reply_count":0,"_bbp_total_topic_count":0,"_bbp_total_reply_count":0,"_bbp_voice_count":0,"_bbp_anonymous_reply_count":0,"_bbp_topic_count_hidden":0,"_bbp_reply_count_hidden":0,"_bbp_forum_subforum_count":0,"site-sidebar-layout":"default","site-content-layout":"","ast-site-content-layout":"","site-content-style":"default","site-sidebar-style":"default","ast-global-header-display":"","ast-banner-title-visibility":"","ast-main-header-display":"","ast-hfb-above-header-display":"","ast-hfb-below-header-display":"","ast-hfb-mobile-header-display":"","site-post-title":"","ast-breadcrumbs-content":"","ast-featured-img":"","footer-sml-layout":"","theme-transparent-header-meta":"","adv-header-id-meta":"","stick-header-meta":"","header-above-stick-meta":"","header-main-stick-meta":"","header-below-stick-meta":"","astra-migrate-meta-layouts":"default","ast-page-background-enabled":"default","ast-page-background-meta":{"desktop":{"background-color":"var(--ast-global-color-4)","background-image":"","background-repeat":"repeat","background-position":"center center","background-size":"auto","background-attachment":"scroll","background-type":"","background-media":"","overlay-type":"","overlay-color":"","overlay-opacity":"","overlay-gradient":""},"tablet":{"background-color":"","background-image":"","background-repeat":"repeat","background-position":"center center","background-size":"auto","background-attachment":"scroll","background-type":"","background-media":"","overlay-type":"","overlay-color":"","overlay-opacity":"","overlay-gradient":""},"mobile":{"background-color":"","background-image":"","background-repeat":"repeat","background-position":"center center","background-size":"auto","background-attachment":"scroll","background-type":"","background-media":"","overlay-type":"","overlay-color":"","overlay-opacity":"","overlay-gradient":""}},"ast-content-background-meta":{"desktop":{"background-color":"var(--ast-global-color-5)","background-image":"","background-repeat":"repeat","background-position":"center center","background-size":"auto","background-attachment":"scroll","background-type":"","background-media":"","overlay-type":"","overlay-color":"","overlay-opacity":"","overlay-gradient":""},"tablet":{"background-color":"var(--ast-global-color-5)","background-image":"","background-repeat":"repeat","background-position":"center center","background-size":"auto","background-attachment":"scroll","background-type":"","background-media":"","overlay-type":"","overlay-color":"","overlay-opacity":"","overlay-gradient":""},"mobile":{"background-color":"var(--ast-global-color-5)","background-image":"","background-repeat":"repeat","background-position":"center center","background-size":"auto","background-attachment":"scroll","background-type":"","background-media":"","overlay-type":"","overlay-color":"","overlay-opacity":"","overlay-gradient":""}},"footnotes":""},"categories":[112,31,471],"tags":[],"class_list":["post-4898","post","type-post","status-publish","format-standard","hentry","category-2015-16","category-afa","category-noticies-afa"],"post_mailing_queue_ids":[],"_links":{"self":[{"href":"https:\/\/agora.xtec.cat\/ielesvinyes\/wp-json\/wp\/v2\/posts\/4898","targetHints":{"allow":["GET"]}}],"collection":[{"href":"https:\/\/agora.xtec.cat\/ielesvinyes\/wp-json\/wp\/v2\/posts"}],"about":[{"href":"https:\/\/agora.xtec.cat\/ielesvinyes\/wp-json\/wp\/v2\/types\/post"}],"author":[{"embeddable":true,"href":"https:\/\/agora.xtec.cat\/ielesvinyes\/wp-json\/wp\/v2\/users\/52"}],"replies":[{"embeddable":true,"href":"https:\/\/agora.xtec.cat\/ielesvinyes\/wp-json\/wp\/v2\/comments?post=4898"}],"version-history":[{"count":1,"href":"https:\/\/agora.xtec.cat\/ielesvinyes\/wp-json\/wp\/v2\/posts\/4898\/revisions"}],"predecessor-version":[{"id":6180,"href":"https:\/\/agora.xtec.cat\/ielesvinyes\/wp-json\/wp\/v2\/posts\/4898\/revisions\/6180"}],"wp:attachment":[{"href":"https:\/\/agora.xtec.cat\/ielesvinyes\/wp-json\/wp\/v2\/media?parent=4898"}],"wp:term":[{"taxonomy":"category","embeddable":true,"href":"https:\/\/agora.xtec.cat\/ielesvinyes\/wp-json\/wp\/v2\/categories?post=4898"},{"taxonomy":"post_tag","embeddable":true,"href":"https:\/\/agora.xtec.cat\/ielesvinyes\/wp-json\/wp\/v2\/tags?post=4898"}],"curies":[{"name":"wp","href":"https:\/\/api.w.org\/{rel}","templated":true}]}}