{"id":4897,"date":"2015-09-16T14:45:40","date_gmt":"2015-09-16T12:45:40","guid":{"rendered":"http:\/\/ampa.ielesvinyes.net\/stage1\/?p=2823"},"modified":"2020-03-05T19:20:10","modified_gmt":"2020-03-05T18:20:10","slug":"servei-de-menjador-eso-novetats","status":"publish","type":"post","link":"https:\/\/agora.xtec.cat\/ielesvinyes\/afa\/servei-de-menjador-eso-novetats\/","title":{"rendered":"Servei de Menjador ESO &#8211; Novetats!"},"content":{"rendered":"<p style=\"text-align: justify;\"><img loading=\"lazy\" decoding=\"async\" class=\"wp-image-2824 aligncenter\" src=\"http:\/\/ampa.ielesvinyes.net\/stage1\/wp-content\/uploads\/2015\/09\/nous-preus-eso.jpg\" alt=\"nous preus eso\" width=\"327\" height=\"145\" \/><\/p>\n<p style=\"text-align: justify;\">Finalment, i gr\u00e0cies a la bona predisposici\u00f3 de l&#8217;empresa que gestiona el servei (7iTria), s&#8217;ha arribat a l&#8217;acord d&#8217;unificar els preus del servei de menjador per a aquest curs.<\/p>\n<p style=\"text-align: justify;\">Per tant, <strong>els preus que vam publicar al juliol s&#8217;han modificat. Els preus actuals s\u00f3n:<\/strong><\/p>\n<ul>\n<li style=\"text-align: justify;\">Preu del servei <strong>FIX: <span style=\"color: #ff6600;\">6,25 \u20ac\/dia<\/span><\/strong><\/li>\n<li style=\"text-align: justify;\">Preu del servei <strong>EVENTUAL: <span style=\"color: #ff6600;\">6,80 \u20ac\/dia<\/span><\/strong><\/li>\n<\/ul>\n<p style=\"text-align: justify;\">Els<strong> usuaris fixos que per qualsevol motiu no puguin assistir al menjador<\/strong>, hauran d&#8217;avisar a la persona encarregada de la gesti\u00f3 del menjador abans de les 10h del mat\u00ed, i se&#8217;ls retornar\u00e0 la part de l&#8217;import corresponent al dinar del dia (2,00 \u20ac en concepte d&#8217;absentisme). En cas de no avisar, no se&#8217;ls far\u00e0 la devoluci\u00f3 d&#8217;aquest import.<\/p>\n<p style=\"text-align: justify;\">El <strong>servei de monitoratge<\/strong> que s&#8217;ofereix als usuaris\u00a0de l&#8217;ESO ser\u00e0 d&#8217;una hora, siguin els usuaris que siguin.<\/p>\n<blockquote>\n<p style=\"text-align: center;\"><strong><em><span style=\"color: #993366;\">Us recordem que les fam\u00edlies nombroses que presentin la documentaci\u00f3 oportuna, es beneficiaran d&#8217;un 10% de descompte en l&#8217;import del Servei FIX<\/span><\/em><\/strong><\/p>\n<\/blockquote>\n","protected":false},"excerpt":{"rendered":"<p>Finalment, i gr\u00e0cies a la bona predisposici\u00f3 de l&#8217;empresa que gestiona el servei (7iTria), s&#8217;ha arribat a l&#8217;acord d&#8217;unificar els preus del servei de menjador per a aquest curs. Per tant, els preus que vam publicar al juliol s&#8217;han modificat. Els preus actuals s\u00f3n: Preu del servei FIX: 6,25 \u20ac\/dia Preu del servei EVENTUAL: 6,80 [&hellip;]<\/p>\n","protected":false},"author":52,"featured_media":0,"comment_status":"open","ping_status":"closed","sticky":false,"template":"","format":"standard","meta":{"_bbp_topic_count":0,"_bbp_reply_count":0,"_bbp_total_topic_count":0,"_bbp_total_reply_count":0,"_bbp_voice_count":0,"_bbp_anonymous_reply_count":0,"_bbp_topic_count_hidden":0,"_bbp_reply_count_hidden":0,"_bbp_forum_subforum_count":0,"site-sidebar-layout":"default","site-content-layout":"","ast-site-content-layout":"","site-content-style":"default","site-sidebar-style":"default","ast-global-header-display":"","ast-banner-title-visibility":"","ast-main-header-display":"","ast-hfb-above-header-display":"","ast-hfb-below-header-display":"","ast-hfb-mobile-header-display":"","site-post-title":"","ast-breadcrumbs-content":"","ast-featured-img":"","footer-sml-layout":"","theme-transparent-header-meta":"","adv-header-id-meta":"","stick-header-meta":"","header-above-stick-meta":"","header-main-stick-meta":"","header-below-stick-meta":"","astra-migrate-meta-layouts":"default","ast-page-background-enabled":"default","ast-page-background-meta":{"desktop":{"background-color":"var(--ast-global-color-4)","background-image":"","background-repeat":"repeat","background-position":"center center","background-size":"auto","background-attachment":"scroll","background-type":"","background-media":"","overlay-type":"","overlay-color":"","overlay-opacity":"","overlay-gradient":""},"tablet":{"background-color":"","background-image":"","background-repeat":"repeat","background-position":"center center","background-size":"auto","background-attachment":"scroll","background-type":"","background-media":"","overlay-type":"","overlay-color":"","overlay-opacity":"","overlay-gradient":""},"mobile":{"background-color":"","background-image":"","background-repeat":"repeat","background-position":"center center","background-size":"auto","background-attachment":"scroll","background-type":"","background-media":"","overlay-type":"","overlay-color":"","overlay-opacity":"","overlay-gradient":""}},"ast-content-background-meta":{"desktop":{"background-color":"var(--ast-global-color-5)","background-image":"","background-repeat":"repeat","background-position":"center center","background-size":"auto","background-attachment":"scroll","background-type":"","background-media":"","overlay-type":"","overlay-color":"","overlay-opacity":"","overlay-gradient":""},"tablet":{"background-color":"var(--ast-global-color-5)","background-image":"","background-repeat":"repeat","background-position":"center center","background-size":"auto","background-attachment":"scroll","background-type":"","background-media":"","overlay-type":"","overlay-color":"","overlay-opacity":"","overlay-gradient":""},"mobile":{"background-color":"var(--ast-global-color-5)","background-image":"","background-repeat":"repeat","background-position":"center center","background-size":"auto","background-attachment":"scroll","background-type":"","background-media":"","overlay-type":"","overlay-color":"","overlay-opacity":"","overlay-gradient":""}},"footnotes":""},"categories":[112,31,471],"tags":[],"class_list":["post-4897","post","type-post","status-publish","format-standard","hentry","category-2015-16","category-afa","category-noticies-afa"],"post_mailing_queue_ids":[],"_links":{"self":[{"href":"https:\/\/agora.xtec.cat\/ielesvinyes\/wp-json\/wp\/v2\/posts\/4897","targetHints":{"allow":["GET"]}}],"collection":[{"href":"https:\/\/agora.xtec.cat\/ielesvinyes\/wp-json\/wp\/v2\/posts"}],"about":[{"href":"https:\/\/agora.xtec.cat\/ielesvinyes\/wp-json\/wp\/v2\/types\/post"}],"author":[{"embeddable":true,"href":"https:\/\/agora.xtec.cat\/ielesvinyes\/wp-json\/wp\/v2\/users\/52"}],"replies":[{"embeddable":true,"href":"https:\/\/agora.xtec.cat\/ielesvinyes\/wp-json\/wp\/v2\/comments?post=4897"}],"version-history":[{"count":1,"href":"https:\/\/agora.xtec.cat\/ielesvinyes\/wp-json\/wp\/v2\/posts\/4897\/revisions"}],"predecessor-version":[{"id":6182,"href":"https:\/\/agora.xtec.cat\/ielesvinyes\/wp-json\/wp\/v2\/posts\/4897\/revisions\/6182"}],"wp:attachment":[{"href":"https:\/\/agora.xtec.cat\/ielesvinyes\/wp-json\/wp\/v2\/media?parent=4897"}],"wp:term":[{"taxonomy":"category","embeddable":true,"href":"https:\/\/agora.xtec.cat\/ielesvinyes\/wp-json\/wp\/v2\/categories?post=4897"},{"taxonomy":"post_tag","embeddable":true,"href":"https:\/\/agora.xtec.cat\/ielesvinyes\/wp-json\/wp\/v2\/tags?post=4897"}],"curies":[{"name":"wp","href":"https:\/\/api.w.org\/{rel}","templated":true}]}}