{"id":4884,"date":"2013-04-15T05:29:49","date_gmt":"2013-04-15T03:29:49","guid":{"rendered":"http:\/\/ampa.ielesvinyes.net\/stage1\/?p=481"},"modified":"2022-09-28T07:05:42","modified_gmt":"2022-09-28T05:05:42","slug":"sant-jordi-2013","status":"publish","type":"post","link":"https:\/\/agora.xtec.cat\/ielesvinyes\/afa\/sant-jordi-2013\/","title":{"rendered":"Proposta Sant Jordi 2013"},"content":{"rendered":"<p style=\"text-align: justify;\"><a href=\"http:\/\/ampa.ielesvinyes.net\/stage1\/wp-content\/uploads\/2013\/04\/jordi13.gif\"><img loading=\"lazy\" decoding=\"async\" class=\"alignleft size-thumbnail wp-image-483\" src=\"http:\/\/ampa.ielesvinyes.net\/stage1\/wp-content\/uploads\/2013\/04\/jordi13-150x150.gif\" alt=\"jordi13\" width=\"150\" height=\"150\" \/><\/a>S&#8217;apropa Sant Jordi 2013\u00a0i \u00e9s per aix\u00f2 que necessitem la vostra col\u00b7laboraci\u00f3\u00a0<em id=\"__mceDel\">pel dia 23 d\u2019abril.<\/em><\/p>\n<p style=\"text-align: justify;\"><strong>Necessitem mares i pares que portin, volunt\u00e0riament, pastissos, pa de pessic o coques.<\/strong><br \/>\nPer tal de saber amb quina quantitat comptarem, us agrair\u00edem que us apunt\u00e9ssiu al llistat que trobareu a la\u00a0porta de la vostra classe. Pot ser tant pel torn de mat\u00ed com pel torn de tarda, com millor us vagi.<\/p>\n<p style=\"text-align: justify;\">Tamb\u00e9 oferirem tallers de manualitats per les mares o pares que estigueu interessats, en\u00a0horari d\u2019escola, mentre els nens\/es estan a classe. Les manualitats elaborades es vendran\u00a0a la \u201cparadeta\u201d que estar\u00e0 ubicada al pati a l\u2019hora de recollida habitual.<\/p>\n<p style=\"text-align: justify;\"><strong>Si alg\u00fa sap fer alguna manualitat relacionada amb els s\u00edmbols t\u00edpics del Sant Jordi<\/strong> (anells de\u00a0filferro en forma de rosa, fermall de feltre, etc. ),<strong> us agrair\u00edem que tamb\u00e9 us apunt\u00e9ssiu al llistat de\u00a0la vostra classe.<\/strong><\/p>\n<p style=\"text-align: justify;\">La setmana que ve, us informarem del dia i hora en que es far\u00e0 cada taller.<\/p>\n<h4><span style=\"color: #ff6600;\">ANIMEU-VOS !<\/span><\/h4>\n","protected":false},"excerpt":{"rendered":"<p>S&#8217;apropa Sant Jordi 2013\u00a0i \u00e9s per aix\u00f2 que necessitem la vostra col\u00b7laboraci\u00f3\u00a0pel dia 23 d\u2019abril. Necessitem mares i pares que portin, volunt\u00e0riament, pastissos, pa de pessic o coques. Per tal de saber amb quina quantitat comptarem, us agrair\u00edem que us apunt\u00e9ssiu al llistat que trobareu a la\u00a0porta de la vostra classe. Pot ser tant pel [&hellip;]<\/p>\n","protected":false},"author":52,"featured_media":0,"comment_status":"open","ping_status":"closed","sticky":false,"template":"","format":"standard","meta":{"_bbp_topic_count":0,"_bbp_reply_count":0,"_bbp_total_topic_count":0,"_bbp_total_reply_count":0,"_bbp_voice_count":0,"_bbp_anonymous_reply_count":0,"_bbp_topic_count_hidden":0,"_bbp_reply_count_hidden":0,"_bbp_forum_subforum_count":0,"site-sidebar-layout":"default","site-content-layout":"","ast-site-content-layout":"","site-content-style":"default","site-sidebar-style":"default","ast-global-header-display":"","ast-banner-title-visibility":"","ast-main-header-display":"","ast-hfb-above-header-display":"","ast-hfb-below-header-display":"","ast-hfb-mobile-header-display":"","site-post-title":"","ast-breadcrumbs-content":"","ast-featured-img":"","footer-sml-layout":"","theme-transparent-header-meta":"","adv-header-id-meta":"","stick-header-meta":"","header-above-stick-meta":"","header-main-stick-meta":"","header-below-stick-meta":"","astra-migrate-meta-layouts":"default","ast-page-background-enabled":"default","ast-page-background-meta":{"desktop":{"background-color":"var(--ast-global-color-4)","background-image":"","background-repeat":"repeat","background-position":"center center","background-size":"auto","background-attachment":"scroll","background-type":"","background-media":"","overlay-type":"","overlay-color":"","overlay-opacity":"","overlay-gradient":""},"tablet":{"background-color":"","background-image":"","background-repeat":"repeat","background-position":"center center","background-size":"auto","background-attachment":"scroll","background-type":"","background-media":"","overlay-type":"","overlay-color":"","overlay-opacity":"","overlay-gradient":""},"mobile":{"background-color":"","background-image":"","background-repeat":"repeat","background-position":"center center","background-size":"auto","background-attachment":"scroll","background-type":"","background-media":"","overlay-type":"","overlay-color":"","overlay-opacity":"","overlay-gradient":""}},"ast-content-background-meta":{"desktop":{"background-color":"var(--ast-global-color-5)","background-image":"","background-repeat":"repeat","background-position":"center center","background-size":"auto","background-attachment":"scroll","background-type":"","background-media":"","overlay-type":"","overlay-color":"","overlay-opacity":"","overlay-gradient":""},"tablet":{"background-color":"var(--ast-global-color-5)","background-image":"","background-repeat":"repeat","background-position":"center center","background-size":"auto","background-attachment":"scroll","background-type":"","background-media":"","overlay-type":"","overlay-color":"","overlay-opacity":"","overlay-gradient":""},"mobile":{"background-color":"var(--ast-global-color-5)","background-image":"","background-repeat":"repeat","background-position":"center center","background-size":"auto","background-attachment":"scroll","background-type":"","background-media":"","overlay-type":"","overlay-color":"","overlay-opacity":"","overlay-gradient":""}},"footnotes":""},"categories":[109,31,471],"tags":[],"class_list":["post-4884","post","type-post","status-publish","format-standard","hentry","category-2012-13","category-afa","category-noticies-afa"],"post_mailing_queue_ids":[],"_links":{"self":[{"href":"https:\/\/agora.xtec.cat\/ielesvinyes\/wp-json\/wp\/v2\/posts\/4884","targetHints":{"allow":["GET"]}}],"collection":[{"href":"https:\/\/agora.xtec.cat\/ielesvinyes\/wp-json\/wp\/v2\/posts"}],"about":[{"href":"https:\/\/agora.xtec.cat\/ielesvinyes\/wp-json\/wp\/v2\/types\/post"}],"author":[{"embeddable":true,"href":"https:\/\/agora.xtec.cat\/ielesvinyes\/wp-json\/wp\/v2\/users\/52"}],"replies":[{"embeddable":true,"href":"https:\/\/agora.xtec.cat\/ielesvinyes\/wp-json\/wp\/v2\/comments?post=4884"}],"version-history":[{"count":1,"href":"https:\/\/agora.xtec.cat\/ielesvinyes\/wp-json\/wp\/v2\/posts\/4884\/revisions"}],"predecessor-version":[{"id":5452,"href":"https:\/\/agora.xtec.cat\/ielesvinyes\/wp-json\/wp\/v2\/posts\/4884\/revisions\/5452"}],"wp:attachment":[{"href":"https:\/\/agora.xtec.cat\/ielesvinyes\/wp-json\/wp\/v2\/media?parent=4884"}],"wp:term":[{"taxonomy":"category","embeddable":true,"href":"https:\/\/agora.xtec.cat\/ielesvinyes\/wp-json\/wp\/v2\/categories?post=4884"},{"taxonomy":"post_tag","embeddable":true,"href":"https:\/\/agora.xtec.cat\/ielesvinyes\/wp-json\/wp\/v2\/tags?post=4884"}],"curies":[{"name":"wp","href":"https:\/\/api.w.org\/{rel}","templated":true}]}}