{"id":4883,"date":"2013-03-22T05:41:29","date_gmt":"2013-03-22T04:41:29","guid":{"rendered":"http:\/\/ampa.ielesvinyes.net\/stage1\/?p=476"},"modified":"2022-09-28T07:05:53","modified_gmt":"2022-09-28T05:05:53","slug":"jornada-per-a-lexit-educatiu","status":"publish","type":"post","link":"https:\/\/agora.xtec.cat\/ielesvinyes\/afa\/jornada-per-a-lexit-educatiu\/","title":{"rendered":"Jornada per a l&#8217;\u00e8xit educatiu"},"content":{"rendered":"<p style=\"text-align: justify;\"><span style=\"color: #333333;\"><span style=\"font-family: 'Trebuchet MS';\"><a href=\"http:\/\/ampa.ielesvinyes.net\/stage1\/wp-content\/uploads\/2013\/03\/cartell_MontcadaReixac_digital.jpg\"><img loading=\"lazy\" decoding=\"async\" class=\"alignleft size-medium wp-image-477\" src=\"http:\/\/ampa.ielesvinyes.net\/stage1\/wp-content\/uploads\/2013\/03\/cartell_MontcadaReixac_digital-211x300.jpg\" alt=\"cartell_MontcadaReixac_digital\" width=\"211\" height=\"300\" \/><\/a>Dissabte<\/span><\/span><span style=\"color: #333333;\"><span style=\"font-family: 'Times New Roman';\"><span style=\"font-size: large;\"><b>\u00a0<\/b><\/span><\/span><\/span><span style=\"color: #333333;\"><span style=\"font-family: 'Trebuchet MS';\"><b>6 d&#8217;abril<\/b><\/span><\/span><span style=\"color: #333333;\"><span style=\"font-family: 'Trebuchet MS';\">, el\u00a0<\/span><\/span><span style=\"color: #333333;\"><span style=\"font-family: 'Trebuchet MS';\"><b>Projecte CLAU<\/b><\/span><\/span><span style=\"color: #333333;\"><span style=\"font-family: 'Times New Roman';\"><span style=\"font-size: large;\"><b>\u00a0<\/b><\/span><\/span><\/span><span style=\"color: #333333;\"><span style=\"font-family: 'Trebuchet MS';\">es presenta a Montcada i Reixac (<\/span><\/span><span style=\"color: #333333;\"><span style=\"font-family: 'Trebuchet MS';\"><b>Centre Cultural KURSAAL. C.\/ Masia, 39)<\/b><\/span><\/span><span style=\"color: #333333;\"><span style=\"font-family: 'Times New Roman';\"><span style=\"font-size: large;\"><b>\u00a0<\/b><\/span><\/span><\/span><span style=\"color: #333333;\"><span style=\"font-family: 'Trebuchet MS';\">.\u00a0<\/span><\/span><b><\/b><\/p>\n<p style=\"text-align: justify;\"><span style=\"color: #333333;\"><span style=\"font-family: 'Trebuchet MS';\">La <strong>FaPaC<\/strong> us convida a vosaltres, a tots els membres de la vostra AMPA, a les fam\u00edlies del vostre centre i per suposat a l\u2019equip docent del vostre centre i a totes les organitzacions i associacions de la vostra comunitat educativa a la Jornada\u00a0<\/span><\/span><span style=\"color: #333333;\"><span style=\"font-family: 'Times New Roman';\"><span style=\"font-size: large;\"><b>\u201c<\/b><\/span><\/span><\/span><span style=\"color: #333333;\"><span style=\"font-family: 'Trebuchet MS';\"><b>La participaci\u00f3 de les fam\u00edlies, clau per a l&#8217;\u00e8xit educatiu\u201d<\/b><\/span><\/span><span style=\"color: #333333;\"><span style=\"font-family: 'Trebuchet MS';\">. En la qual es podran con\u00e8ixer els resultats de les actuacions educatives d&#8217;\u00e8xit recollides als resultats finals de la recerca de m\u00e9s rang cient\u00edfic i amb m\u00e9s recursos sobre educaci\u00f3 escolar realitzat a la Uni\u00f3 Europea, INCLUD-ED (2006-2011). Aquesta recerca va ser seleccionada pel VI Programa Marc de la Comissi\u00f3 Europea per presentar les solucions als problemes educatius de la Uni\u00f3 Europea. El projecte, coordinat pel CREA (Centre Especial de Recerca en Teories i Pr\u00e0ctiques Superadores de Desigualtats), ha durat 5 anys (2006-2011) i hi han participat 15 universitats i 14 pa\u00efsos europeus.<\/span><\/span><b><\/b><\/p>\n<p style=\"text-align: justify;\"><span style=\"color: #333333;\"><span style=\"font-family: 'Trebuchet MS';\">L\u2019assist\u00e8ncia en aquestes jornades per part de les fam\u00edlies aut\u00f2ctones o immigrades, persones adultes del barri i l\u2019\u00e8quip docent \u00e9s important, ja que ens permetr\u00e0 saber sobre les activitats d\u2019\u00e8xit a tota la comunitat i ens permet treballar per arribar a l\u2019\u00e8xit educatiu de tots els nostres nens, nenes i joves. Per aquest motiu, us adjuntem en aquest e-mail el cartell de les jornades i el programa, per tal de que feu difusi\u00f3 i impliqueu al m\u00e0xim de persones possibles, per tal de que puguin venir. D\u2019aquesta manera podem aconseguir que el nostre alumnat arribi a l\u2019\u00e8xit.<\/span><\/span><span style=\"color: #000000;\"><span style=\"font-family: 'Times New Roman';\"><span style=\"font-size: large;\"><b><br \/>\n<\/b><\/span><\/span><\/span><\/p>\n<p style=\"text-align: justify;\"><span style=\"color: #333333;\"><span style=\"font-family: 'Trebuchet MS';\"><span style=\"font-size: x-large;\"><b>PROGRAMA\u00a0<\/b><\/span><\/span><\/span><span style=\"color: #333333;\"><span style=\"font-family: 'Trebuchet MS';\">(PROVISIONAL)\u00a0<\/span><\/span><a href=\"http:\/\/www.fapac.cat\/webfm_send\/2272\" target=\"_blank\" rel=\"noopener noreferrer\"><span style=\"color: #660000;\"><span style=\"font-family: 'Trebuchet MS';\"><b>aqu\u00ed<\/b><\/span><\/span><\/a><span style=\"color: #333333;\"><span style=\"font-family: 'Trebuchet MS';\">:<\/span><\/span><\/p>\n<p style=\"text-align: justify;\"><span style=\"color: #333333;\"><span style=\"font-family: 'Trebuchet MS';\"><b>9.45h \u00a0Inscripcions<\/b><\/span><\/span><br \/>\n<span style=\"color: #000000;\"><span style=\"font-family: 'Times New Roman';\"><span style=\"font-size: large;\"><b><span style=\"color: #333333;\"><span style=\"font-family: 'Trebuchet MS';\">10.00h<\/span><\/span><span style=\"color: #333333;\">\u00a0<\/span><span style=\"color: #333333;\"><span style=\"font-family: 'Trebuchet MS';\">Presentaci\u00f3 de la jornada.<\/span><\/span><\/b><\/span><\/span><\/span><br \/>\n<span style=\"color: #333333;\"><span style=\"font-family: 'Trebuchet MS';\">Sra. Teresa Boada, presidenta Territorial de Barcelona comarques de FaPaC.<\/span><\/span><br \/>\n<span style=\"color: #333333;\"><span style=\"font-family: 'Trebuchet MS';\"><b>10.45h Contribucions cient\u00edfiques sobre l\u2019\u00e8xit educatiu<\/b><\/span><\/span><br \/>\n<span style=\"color: #333333;\"><span style=\"font-family: 'Trebuchet MS';\">Dr. Ram\u00f3n Flecha, Catedr\u00e0tic de la Universitat de Barcelona, Doctor Honoris causa per la Universitat de Timisoara i investigador principal de l\u2019INCLUD-ED (2006-2011)<\/span><\/span><br \/>\n<span style=\"color: #333333;\"><span style=\"font-family: 'Trebuchet MS';\"><b>11.15h Debat<\/b><\/span><\/span><br \/>\n<span style=\"color: #333333;\"><span style=\"font-family: 'Trebuchet MS';\"><b>11.45h Descans<\/b><\/span><\/span><br \/>\n<span style=\"color: #333333;\"><span style=\"font-family: 'Trebuchet MS';\"><b>12.15h Taula rodona: Actuacions educatives d\u2019\u00e8xit.<\/b><\/span><\/span><br \/>\n<span style=\"color: #333333;\"><span style=\"font-family: 'Trebuchet MS';\">Persones de diferents centres educatius compartiran com estan aplicant les actuacions educatives d\u2019\u00e8xit.<\/span><\/span><br \/>\n<span style=\"color: #333333;\"><span style=\"font-family: 'Trebuchet MS';\"><b>13.15h Debat<\/b><\/span><\/span><br \/>\n<span style=\"color: #333333;\"><span style=\"font-family: 'Trebuchet MS';\"><b>13.30h Clausura<\/b><\/span><\/span><br \/>\n<span style=\"color: #000000;\"><span style=\"font-family: 'Times New Roman';\"><span style=\"font-size: large;\"><b><br \/>\n<\/b><\/span><\/span><\/span><span style=\"color: #333333;\"><span style=\"font-family: 'Trebuchet MS';\"><b>Inscripcions a les Jornades:\u00a0<\/b><\/span><\/span><span style=\"color: #000000;\"><span style=\"font-family: 'Times New Roman';\"><span style=\"font-size: large;\"><b><br \/>\n<\/b><\/span><\/span><\/span><span style=\"color: #1155cc;\"><span style=\"font-family: 'Trebuchet MS';\"><b><a href=\"https:\/\/docs.google.com\/a\/fapac.cat\/spreadsheet\/viewform?formkey=dFJaN1AzcmxpLW11UXlyODlkT1FBYmc6MQ\" target=\"_blank\" rel=\"noopener noreferrer\">https:\/\/docs.google.com\/a\/fapac.cat\/spreadsheet\/viewform?formkey=dFJaN1AzcmxpLW11UXlyODlkT1FBYmc6MQ<\/a><\/b><\/span><\/span><span style=\"color: #000000;\"><span style=\"font-family: 'Times New Roman';\"><span style=\"font-size: large;\"><b><br \/>\n<\/b><\/span><\/span><\/span><span style=\"color: #333333;\"><span style=\"font-family: 'Trebuchet MS';\"><b>M\u00e9s informaci\u00f3 de les Jornades:\u00a0<\/b><\/span><\/span><span style=\"color: #1155cc;\"><span style=\"font-family: 'Trebuchet MS';\"><b><a href=\"http:\/\/www.fapac.cat\/2013\/03\/Jornada-presentaci%C3%B3-Projecte-CLAU-Montcada-i-Reixac\" target=\"_blank\" rel=\"noopener noreferrer\">http:\/\/www.fapac.cat\/2013\/03\/Jornada-presentaci%C3%B3-Projecte-CLAU-Montcada-i-Reixac<\/a><\/b><\/span><\/span><span style=\"color: #000000;\"><span style=\"font-family: 'Times New Roman';\"><span style=\"font-size: large;\"><b><br \/>\n<\/b><\/span><\/span><\/span><span style=\"color: #333333;\"><span style=\"font-family: 'Trebuchet MS';\"><b>M\u00e9s informaci\u00f3 del projecte: \u00a0<\/b><\/span><\/span><span style=\"color: #1155cc;\"><span style=\"font-family: 'Trebuchet MS';\"><b><a href=\"http:\/\/www.fapac.cat\/2013\/03\/Jornada-presentaci%C3%B3-Projecte-CLAU-Montcada-i-Reixac\" target=\"_blank\" rel=\"noopener noreferrer\">http:\/\/www.fapac.cat\/2013\/03\/Jornada-presentaci%C3%B3-Projecte-CLAU-Montcada-i-Reixac<\/a><\/b><\/span><\/span><span style=\"color: #000000;\"><span style=\"font-family: 'Times New Roman';\"><span style=\"font-size: large;\"><b><br \/>\n<\/b><\/span><\/span><\/span><\/p>\n","protected":false},"excerpt":{"rendered":"<p>Dissabte\u00a06 d&#8217;abril, el\u00a0Projecte CLAU\u00a0es presenta a Montcada i Reixac (Centre Cultural KURSAAL. C.\/ Masia, 39)\u00a0.\u00a0 La FaPaC us convida a vosaltres, a tots els membres de la vostra AMPA, a les fam\u00edlies del vostre centre i per suposat a l\u2019equip docent del vostre centre i a totes les organitzacions i associacions de la vostra comunitat [&hellip;]<\/p>\n","protected":false},"author":52,"featured_media":0,"comment_status":"open","ping_status":"closed","sticky":false,"template":"","format":"standard","meta":{"_bbp_topic_count":0,"_bbp_reply_count":0,"_bbp_total_topic_count":0,"_bbp_total_reply_count":0,"_bbp_voice_count":0,"_bbp_anonymous_reply_count":0,"_bbp_topic_count_hidden":0,"_bbp_reply_count_hidden":0,"_bbp_forum_subforum_count":0,"site-sidebar-layout":"default","site-content-layout":"","ast-site-content-layout":"","site-content-style":"default","site-sidebar-style":"default","ast-global-header-display":"","ast-banner-title-visibility":"","ast-main-header-display":"","ast-hfb-above-header-display":"","ast-hfb-below-header-display":"","ast-hfb-mobile-header-display":"","site-post-title":"","ast-breadcrumbs-content":"","ast-featured-img":"","footer-sml-layout":"","theme-transparent-header-meta":"","adv-header-id-meta":"","stick-header-meta":"","header-above-stick-meta":"","header-main-stick-meta":"","header-below-stick-meta":"","astra-migrate-meta-layouts":"default","ast-page-background-enabled":"default","ast-page-background-meta":{"desktop":{"background-color":"var(--ast-global-color-4)","background-image":"","background-repeat":"repeat","background-position":"center center","background-size":"auto","background-attachment":"scroll","background-type":"","background-media":"","overlay-type":"","overlay-color":"","overlay-opacity":"","overlay-gradient":""},"tablet":{"background-color":"","background-image":"","background-repeat":"repeat","background-position":"center center","background-size":"auto","background-attachment":"scroll","background-type":"","background-media":"","overlay-type":"","overlay-color":"","overlay-opacity":"","overlay-gradient":""},"mobile":{"background-color":"","background-image":"","background-repeat":"repeat","background-position":"center center","background-size":"auto","background-attachment":"scroll","background-type":"","background-media":"","overlay-type":"","overlay-color":"","overlay-opacity":"","overlay-gradient":""}},"ast-content-background-meta":{"desktop":{"background-color":"var(--ast-global-color-5)","background-image":"","background-repeat":"repeat","background-position":"center center","background-size":"auto","background-attachment":"scroll","background-type":"","background-media":"","overlay-type":"","overlay-color":"","overlay-opacity":"","overlay-gradient":""},"tablet":{"background-color":"var(--ast-global-color-5)","background-image":"","background-repeat":"repeat","background-position":"center center","background-size":"auto","background-attachment":"scroll","background-type":"","background-media":"","overlay-type":"","overlay-color":"","overlay-opacity":"","overlay-gradient":""},"mobile":{"background-color":"var(--ast-global-color-5)","background-image":"","background-repeat":"repeat","background-position":"center center","background-size":"auto","background-attachment":"scroll","background-type":"","background-media":"","overlay-type":"","overlay-color":"","overlay-opacity":"","overlay-gradient":""}},"footnotes":""},"categories":[109,31,471],"tags":[],"class_list":["post-4883","post","type-post","status-publish","format-standard","hentry","category-2012-13","category-afa","category-noticies-afa"],"post_mailing_queue_ids":[],"_links":{"self":[{"href":"https:\/\/agora.xtec.cat\/ielesvinyes\/wp-json\/wp\/v2\/posts\/4883","targetHints":{"allow":["GET"]}}],"collection":[{"href":"https:\/\/agora.xtec.cat\/ielesvinyes\/wp-json\/wp\/v2\/posts"}],"about":[{"href":"https:\/\/agora.xtec.cat\/ielesvinyes\/wp-json\/wp\/v2\/types\/post"}],"author":[{"embeddable":true,"href":"https:\/\/agora.xtec.cat\/ielesvinyes\/wp-json\/wp\/v2\/users\/52"}],"replies":[{"embeddable":true,"href":"https:\/\/agora.xtec.cat\/ielesvinyes\/wp-json\/wp\/v2\/comments?post=4883"}],"version-history":[{"count":1,"href":"https:\/\/agora.xtec.cat\/ielesvinyes\/wp-json\/wp\/v2\/posts\/4883\/revisions"}],"predecessor-version":[{"id":6209,"href":"https:\/\/agora.xtec.cat\/ielesvinyes\/wp-json\/wp\/v2\/posts\/4883\/revisions\/6209"}],"wp:attachment":[{"href":"https:\/\/agora.xtec.cat\/ielesvinyes\/wp-json\/wp\/v2\/media?parent=4883"}],"wp:term":[{"taxonomy":"category","embeddable":true,"href":"https:\/\/agora.xtec.cat\/ielesvinyes\/wp-json\/wp\/v2\/categories?post=4883"},{"taxonomy":"post_tag","embeddable":true,"href":"https:\/\/agora.xtec.cat\/ielesvinyes\/wp-json\/wp\/v2\/tags?post=4883"}],"curies":[{"name":"wp","href":"https:\/\/api.w.org\/{rel}","templated":true}]}}