{"id":4876,"date":"2012-01-08T09:00:28","date_gmt":"2012-01-08T08:00:28","guid":{"rendered":"http:\/\/ampa.ielesvinyes.net\/stage1\/?p=348"},"modified":"2020-03-05T19:33:18","modified_gmt":"2020-03-05T18:33:18","slug":"es-posa-en-marxa-la-nova-web-de-lampa","status":"publish","type":"post","link":"https:\/\/agora.xtec.cat\/ielesvinyes\/afa\/es-posa-en-marxa-la-nova-web-de-lampa\/","title":{"rendered":"Es posa en marxa la WEB de l&#8217;AMPA"},"content":{"rendered":"<p style=\"text-align: justify;\"><a href=\"http:\/\/ampa.ielesvinyes.net\/stage1\/wp-content\/uploads\/2012\/01\/imagenNUEVAWEB.jpg\"><img loading=\"lazy\" decoding=\"async\" class=\" size-full wp-image-2093 aligncenter\" src=\"http:\/\/ampa.ielesvinyes.net\/stage1\/wp-content\/uploads\/2012\/01\/imagenNUEVAWEB.jpg\" alt=\"big www letters\" width=\"490\" height=\"245\" \/><\/a><\/p>\n<p style=\"text-align: justify;\">Ha arribat el dia que es posa en marxa la nova web de l&#8217;AMPA, un canal de comunicaci\u00f3 m\u00e9s actual, m\u00e9s din\u00e0mic i m\u00e9s interactiu que ens permetr\u00e0 estar connectats des de l&#8217;associaci\u00f3 amb tots els pares que formen la comunitat educativa de Les Vinyes.<\/p>\n<p style=\"text-align: justify;\">Tindr\u00e0s acc\u00e9s a tota la informaci\u00f3 general de l&#8217;AMPA, des de que \u00e9s l&#8217;AMPA, qui forma part, com s&#8217;estructura, com participar-hi, quins SERVEIS ofereix a trav\u00e9s de les diferents COMISSIONS (acollida, men\u00fas del menjador, extraescolars, roba, reutilitzaci\u00f3 de llibres, econ\u00f2mica), actes de reunions, publicacions, impresos per descarregar,&#8230;<\/p>\n<p style=\"text-align: justify;\">A la p\u00e0gina inicial\u00a0anirem afegint les NOTICIES m\u00e9s rellevants de les activitats\u00a0portades a terme per l&#8217;AMPA o tot all\u00f2 que considerem interessant, tindreu la possibilitat de participar a trav\u00e9s de COMENTARIS, ENQUESTES&#8230;<\/p>\n<p style=\"text-align: justify;\">A m\u00e9s a m\u00e9s, tamb\u00e9 es podr\u00e0 consultar a trav\u00e9s dels m\u00f2bils amb connexi\u00f3 a Internet com els smartphones, no t&#8217;ho perdis!!! Fes una ullada i participa!!!<\/p>\n<p style=\"text-align: justify;\">Aporta la teva opini\u00f3, suggeriments, etc&#8230;<\/p>\n<p style=\"text-align: justify;\">No esperis m\u00e9s!!!<\/p>\n","protected":false},"excerpt":{"rendered":"<p>Ha arribat el dia que es posa en marxa la nova web de l&#8217;AMPA, un canal de comunicaci\u00f3 m\u00e9s actual, m\u00e9s din\u00e0mic i m\u00e9s interactiu que ens permetr\u00e0 estar connectats des de l&#8217;associaci\u00f3 amb tots els pares que formen la comunitat educativa de Les Vinyes. Tindr\u00e0s acc\u00e9s a tota la informaci\u00f3 general de l&#8217;AMPA, des [&hellip;]<\/p>\n","protected":false},"author":52,"featured_media":0,"comment_status":"open","ping_status":"open","sticky":false,"template":"","format":"standard","meta":{"_bbp_topic_count":0,"_bbp_reply_count":0,"_bbp_total_topic_count":0,"_bbp_total_reply_count":0,"_bbp_voice_count":0,"_bbp_anonymous_reply_count":0,"_bbp_topic_count_hidden":0,"_bbp_reply_count_hidden":0,"_bbp_forum_subforum_count":0,"site-sidebar-layout":"default","site-content-layout":"","ast-site-content-layout":"","site-content-style":"default","site-sidebar-style":"default","ast-global-header-display":"","ast-banner-title-visibility":"","ast-main-header-display":"","ast-hfb-above-header-display":"","ast-hfb-below-header-display":"","ast-hfb-mobile-header-display":"","site-post-title":"","ast-breadcrumbs-content":"","ast-featured-img":"","footer-sml-layout":"","theme-transparent-header-meta":"","adv-header-id-meta":"","stick-header-meta":"","header-above-stick-meta":"","header-main-stick-meta":"","header-below-stick-meta":"","astra-migrate-meta-layouts":"default","ast-page-background-enabled":"default","ast-page-background-meta":{"desktop":{"background-color":"var(--ast-global-color-4)","background-image":"","background-repeat":"repeat","background-position":"center center","background-size":"auto","background-attachment":"scroll","background-type":"","background-media":"","overlay-type":"","overlay-color":"","overlay-opacity":"","overlay-gradient":""},"tablet":{"background-color":"","background-image":"","background-repeat":"repeat","background-position":"center center","background-size":"auto","background-attachment":"scroll","background-type":"","background-media":"","overlay-type":"","overlay-color":"","overlay-opacity":"","overlay-gradient":""},"mobile":{"background-color":"","background-image":"","background-repeat":"repeat","background-position":"center center","background-size":"auto","background-attachment":"scroll","background-type":"","background-media":"","overlay-type":"","overlay-color":"","overlay-opacity":"","overlay-gradient":""}},"ast-content-background-meta":{"desktop":{"background-color":"var(--ast-global-color-5)","background-image":"","background-repeat":"repeat","background-position":"center center","background-size":"auto","background-attachment":"scroll","background-type":"","background-media":"","overlay-type":"","overlay-color":"","overlay-opacity":"","overlay-gradient":""},"tablet":{"background-color":"var(--ast-global-color-5)","background-image":"","background-repeat":"repeat","background-position":"center center","background-size":"auto","background-attachment":"scroll","background-type":"","background-media":"","overlay-type":"","overlay-color":"","overlay-opacity":"","overlay-gradient":""},"mobile":{"background-color":"var(--ast-global-color-5)","background-image":"","background-repeat":"repeat","background-position":"center center","background-size":"auto","background-attachment":"scroll","background-type":"","background-media":"","overlay-type":"","overlay-color":"","overlay-opacity":"","overlay-gradient":""}},"footnotes":""},"categories":[31,471],"tags":[],"class_list":["post-4876","post","type-post","status-publish","format-standard","hentry","category-afa","category-noticies-afa"],"post_mailing_queue_ids":[],"_links":{"self":[{"href":"https:\/\/agora.xtec.cat\/ielesvinyes\/wp-json\/wp\/v2\/posts\/4876","targetHints":{"allow":["GET"]}}],"collection":[{"href":"https:\/\/agora.xtec.cat\/ielesvinyes\/wp-json\/wp\/v2\/posts"}],"about":[{"href":"https:\/\/agora.xtec.cat\/ielesvinyes\/wp-json\/wp\/v2\/types\/post"}],"author":[{"embeddable":true,"href":"https:\/\/agora.xtec.cat\/ielesvinyes\/wp-json\/wp\/v2\/users\/52"}],"replies":[{"embeddable":true,"href":"https:\/\/agora.xtec.cat\/ielesvinyes\/wp-json\/wp\/v2\/comments?post=4876"}],"version-history":[{"count":1,"href":"https:\/\/agora.xtec.cat\/ielesvinyes\/wp-json\/wp\/v2\/posts\/4876\/revisions"}],"predecessor-version":[{"id":6201,"href":"https:\/\/agora.xtec.cat\/ielesvinyes\/wp-json\/wp\/v2\/posts\/4876\/revisions\/6201"}],"wp:attachment":[{"href":"https:\/\/agora.xtec.cat\/ielesvinyes\/wp-json\/wp\/v2\/media?parent=4876"}],"wp:term":[{"taxonomy":"category","embeddable":true,"href":"https:\/\/agora.xtec.cat\/ielesvinyes\/wp-json\/wp\/v2\/categories?post=4876"},{"taxonomy":"post_tag","embeddable":true,"href":"https:\/\/agora.xtec.cat\/ielesvinyes\/wp-json\/wp\/v2\/tags?post=4876"}],"curies":[{"name":"wp","href":"https:\/\/api.w.org\/{rel}","templated":true}]}}