{"id":4849,"date":"2016-11-14T07:23:31","date_gmt":"2016-11-14T06:23:31","guid":{"rendered":"http:\/\/ampa.ielesvinyes.net\/stage1\/?p=3424"},"modified":"2020-02-03T18:34:39","modified_gmt":"2020-02-03T17:34:39","slug":"renovacio-junta-directiva-de-lampa","status":"publish","type":"post","link":"https:\/\/agora.xtec.cat\/ielesvinyes\/afa\/renovacio-junta-directiva-de-lampa\/","title":{"rendered":"Renovaci\u00f3 Junta Directiva de l&#8217;AMPA"},"content":{"rendered":"<div style=\"text-align: justify;\">Benvolgudes fam\u00edlies,<\/div>\n<div style=\"text-align: justify;\"><\/div>\n<div style=\"text-align: justify;\">\n<p style=\"text-align: justify;\">El passat dimecres dia 27 d\u2019octubre es va celebrar l\u2019Assemblea General de socis de l\u2019AMPA.<\/p>\n<p style=\"text-align: justify;\">Entre els punts tractats hi havia la renovaci\u00f3 de l\u2019actual Junta Directiva, ja que aquest any, segons els estatuts de l\u2019AMPA, s\u2019han de reelegir els c\u00e0rrecs que formaran\u00a0la nova Junta, durant els propers 3 anys.<\/p>\n<p style=\"text-align: justify;\">Es tracta d\u2019un proc\u00e9s obert a tots els pares\/mares, associats a l&#8217;AMPA del nostre Institut-Escola, per tant s&#8217;ha obert un per\u00edode de presentaci\u00f3 de candidatures que finalitzar\u00e0 el 15\u00a0de desembre, seguint el seg\u00fcent calendari:<\/p>\n<p style=\"text-align: justify;\"><strong>14 de novembre:\u00a0<\/strong>Inici de la presentaci\u00f3 de candidatures i publicaci\u00f3 del \u00a0reglament intern aprovat en assemblea<\/p>\n<\/div>\n<div style=\"text-align: justify;\">\n<p><strong>12\u00a0de desembre:<\/strong>\u00a0Termini de la presentaci\u00f3 de candidatures<\/p>\n<p><strong>13 de desembre:<\/strong> Publicaci\u00f3 de candidatures presentades, amb la relaci\u00f3 de\u00a0tots els membres que la formen<\/p>\n<p><strong>15 de desembre:<\/strong> Eleccions de candidatura conjunta:<\/p>\n<ul>\n<li><em><span style=\"text-decoration: underline;\">En cas de m\u00e9s d&#8217;una candidatura:<\/span>\u00a0En Assemblea es votar\u00e0 quina candidatura formar\u00e0\u00a0la Junta Directiva durant els propers 3 anys. L<\/em>&#8216;elecci\u00f3 de la Junta ser\u00e0 per acord de la majoria relativa dels vots emesos <em>(m\u00e9s vots a favor que en contra), omplint la papereta corresponent i dipositant el vot de manera an\u00f2nima.<\/em><\/li>\n<\/ul>\n<ul>\n<li><span style=\"text-decoration: underline;\"><em>En cas d&#8217;una \u00fanica candidatura conjunta:<\/em><\/span>\u00a0En Assemblea es ratificar\u00e0 l&#8217;\u00fanica candidatura\u00a0que s&#8217;ha presentat \u00a0per formar la futura\u00a0Junta Directiva dels propers 3 anys.<\/li>\n<\/ul>\n<blockquote>\n<p style=\"text-align: center;\"><span style=\"color: #239bcf;\">L&#8217; Assemblea es realitzar\u00e0 el <\/span><\/p>\n<p style=\"text-align: center;\"><span style=\"color: #239bcf;\"><strong>15 de desembre a les 20h, <\/strong><\/span><\/p>\n<p style=\"text-align: center;\"><span style=\"color: #239bcf;\">a la biblioteca de Les Vinyes. <\/span><\/p>\n<\/blockquote>\n<\/div>\n<div style=\"text-align: justify;\"><\/div>\n<div style=\"text-align: justify;\">Si esteu pensant en presentar una candidatura, i no heu rebut el reglament <span style=\"color: #808080;\"><em>(aprovat en l&#8217;assemblea de socis del passat 27 d&#8217;octubre)<\/em><\/span> per con\u00e8ixer\u00a0com presentar les vostres candidatures, ens el podeu demanar per correu electr\u00f2nic, aix\u00ed com\u00a0l&#8217;impr\u00e8s que cal omplir i presentar en consergeria, abans del 12\u00a0de desembre.<\/div>\n<blockquote>\n<div style=\"text-align: center;\"><strong><span style=\"color: #ff6600;\">Tots els socis\/s\u00f2cies esteu convocats a l&#8217;Assemblea. Veniu a dir la vostra!!!<\/span><\/strong><\/div>\n<\/blockquote>\n","protected":false},"excerpt":{"rendered":"<p>Benvolgudes fam\u00edlies, El passat dimecres dia 27 d\u2019octubre es va celebrar l\u2019Assemblea General de socis de l\u2019AMPA. Entre els punts tractats hi havia la renovaci\u00f3 de l\u2019actual Junta Directiva, ja que aquest any, segons els estatuts de l\u2019AMPA, s\u2019han de reelegir els c\u00e0rrecs que formaran\u00a0la nova Junta, durant els propers 3 anys. Es tracta d\u2019un [&hellip;]<\/p>\n","protected":false},"author":52,"featured_media":0,"comment_status":"open","ping_status":"closed","sticky":false,"template":"","format":"standard","meta":{"_bbp_topic_count":0,"_bbp_reply_count":0,"_bbp_total_topic_count":0,"_bbp_total_reply_count":0,"_bbp_voice_count":0,"_bbp_anonymous_reply_count":0,"_bbp_topic_count_hidden":0,"_bbp_reply_count_hidden":0,"_bbp_forum_subforum_count":0,"site-sidebar-layout":"default","site-content-layout":"","ast-site-content-layout":"","site-content-style":"default","site-sidebar-style":"default","ast-global-header-display":"","ast-banner-title-visibility":"","ast-main-header-display":"","ast-hfb-above-header-display":"","ast-hfb-below-header-display":"","ast-hfb-mobile-header-display":"","site-post-title":"","ast-breadcrumbs-content":"","ast-featured-img":"","footer-sml-layout":"","theme-transparent-header-meta":"","adv-header-id-meta":"","stick-header-meta":"","header-above-stick-meta":"","header-main-stick-meta":"","header-below-stick-meta":"","astra-migrate-meta-layouts":"default","ast-page-background-enabled":"default","ast-page-background-meta":{"desktop":{"background-color":"var(--ast-global-color-4)","background-image":"","background-repeat":"repeat","background-position":"center center","background-size":"auto","background-attachment":"scroll","background-type":"","background-media":"","overlay-type":"","overlay-color":"","overlay-opacity":"","overlay-gradient":""},"tablet":{"background-color":"","background-image":"","background-repeat":"repeat","background-position":"center center","background-size":"auto","background-attachment":"scroll","background-type":"","background-media":"","overlay-type":"","overlay-color":"","overlay-opacity":"","overlay-gradient":""},"mobile":{"background-color":"","background-image":"","background-repeat":"repeat","background-position":"center center","background-size":"auto","background-attachment":"scroll","background-type":"","background-media":"","overlay-type":"","overlay-color":"","overlay-opacity":"","overlay-gradient":""}},"ast-content-background-meta":{"desktop":{"background-color":"var(--ast-global-color-5)","background-image":"","background-repeat":"repeat","background-position":"center center","background-size":"auto","background-attachment":"scroll","background-type":"","background-media":"","overlay-type":"","overlay-color":"","overlay-opacity":"","overlay-gradient":""},"tablet":{"background-color":"var(--ast-global-color-5)","background-image":"","background-repeat":"repeat","background-position":"center center","background-size":"auto","background-attachment":"scroll","background-type":"","background-media":"","overlay-type":"","overlay-color":"","overlay-opacity":"","overlay-gradient":""},"mobile":{"background-color":"var(--ast-global-color-5)","background-image":"","background-repeat":"repeat","background-position":"center center","background-size":"auto","background-attachment":"scroll","background-type":"","background-media":"","overlay-type":"","overlay-color":"","overlay-opacity":"","overlay-gradient":""}},"footnotes":""},"categories":[113,31,471],"tags":[],"class_list":["post-4849","post","type-post","status-publish","format-standard","hentry","category-2016-17","category-afa","category-noticies-afa"],"post_mailing_queue_ids":[],"_links":{"self":[{"href":"https:\/\/agora.xtec.cat\/ielesvinyes\/wp-json\/wp\/v2\/posts\/4849","targetHints":{"allow":["GET"]}}],"collection":[{"href":"https:\/\/agora.xtec.cat\/ielesvinyes\/wp-json\/wp\/v2\/posts"}],"about":[{"href":"https:\/\/agora.xtec.cat\/ielesvinyes\/wp-json\/wp\/v2\/types\/post"}],"author":[{"embeddable":true,"href":"https:\/\/agora.xtec.cat\/ielesvinyes\/wp-json\/wp\/v2\/users\/52"}],"replies":[{"embeddable":true,"href":"https:\/\/agora.xtec.cat\/ielesvinyes\/wp-json\/wp\/v2\/comments?post=4849"}],"version-history":[{"count":1,"href":"https:\/\/agora.xtec.cat\/ielesvinyes\/wp-json\/wp\/v2\/posts\/4849\/revisions"}],"predecessor-version":[{"id":5402,"href":"https:\/\/agora.xtec.cat\/ielesvinyes\/wp-json\/wp\/v2\/posts\/4849\/revisions\/5402"}],"wp:attachment":[{"href":"https:\/\/agora.xtec.cat\/ielesvinyes\/wp-json\/wp\/v2\/media?parent=4849"}],"wp:term":[{"taxonomy":"category","embeddable":true,"href":"https:\/\/agora.xtec.cat\/ielesvinyes\/wp-json\/wp\/v2\/categories?post=4849"},{"taxonomy":"post_tag","embeddable":true,"href":"https:\/\/agora.xtec.cat\/ielesvinyes\/wp-json\/wp\/v2\/tags?post=4849"}],"curies":[{"name":"wp","href":"https:\/\/api.w.org\/{rel}","templated":true}]}}