{"id":4844,"date":"2015-12-02T08:55:22","date_gmt":"2015-12-02T07:55:22","guid":{"rendered":"http:\/\/ampa.ielesvinyes.net\/stage1\/?p=3118"},"modified":"2020-02-03T18:45:11","modified_gmt":"2020-02-03T17:45:11","slug":"col%c2%b7laboracio-en-tres-projectes-socials-amb-un-sol-gest","status":"publish","type":"post","link":"https:\/\/agora.xtec.cat\/ielesvinyes\/afa\/col%c2%b7laboracio-en-tres-projectes-socials-amb-un-sol-gest\/","title":{"rendered":"Col\u00b7laboraci\u00f3 en tres projectes socials amb un sol gest!"},"content":{"rendered":"<p style=\"text-align: justify;\">Com ja us vam anar informant fa uns dies, aquest diumenge ha tingut lloc el <a href=\"http:\/\/www.castellbisbal.cat\/actualitat\/2015-11-30-el-mercat-dintercanvi-ha-registrat-prop-de-470-transaccions.html\" target=\"_blank\" rel=\"noopener noreferrer\">Mercat d&#8217;Intercanvi i Segona M\u00e0<\/a>, organitzat pel nostre\u00a0ajuntament.<\/p>\n<p style=\"text-align: justify;\">Enguany <strong>les AMPA de Castellbisbal ens hem unit per solidaritzar-nos amb els refugiats sirians<\/strong>, i gr\u00e0cies a la bona resposta per part de molt\u00edssimes fam\u00edlies del municipi, vam aconseguir reunir una bona quantitat\u00a0de\u00a0peces de roba. Tanta que, finalment, no es va poder vendre tota i s&#8217;ha decidit destinar-la a altres projectes socials.<\/p>\n<p style=\"text-align: justify;\"><img loading=\"lazy\" decoding=\"async\" class=\"size-full wp-image-3120 aligncenter\" src=\"http:\/\/ampa.ielesvinyes.net\/stage1\/wp-content\/uploads\/2015\/12\/mercat-roba-solidaria.jpg\" alt=\"mercat roba solidaria\" width=\"1328\" height=\"489\" \/><\/p>\n<p style=\"text-align: justify;\"><span style=\"color: #ff6600;\"><strong>Quants diners es van recollir diumenge?<\/strong><\/span> En total <span style=\"color: #008000;\"><strong>402\u20ac<\/strong><\/span> que seran enviats a l&#8217;organitzaci\u00f3 <a href=\"http:\/\/www.fonscatala.org\/\" target=\"_blank\" rel=\"noopener noreferrer\">&#8220;Fons Catal\u00e0 de Cooperaci\u00f3&#8221;<\/a> <strong>per finan\u00e7ar projectes d&#8217;ajuda als refugiats sirians<\/strong>.<\/p>\n<p style=\"text-align: justify;\"><span style=\"color: #ff6600;\"><strong>On anir\u00e0 a parar la roba que no es va vendre?<\/strong><\/span> Anir\u00e0 a dos projectes socials, vinculats amb el nostre municipi:<\/p>\n<ul>\n<li style=\"text-align: justify;\"><strong>La roba d&#8217;hivern s&#8217;entregar\u00e0 a l&#8217; <a href=\"http:\/\/www.castellbisbal.cat\/actualitat\/entra-en-funcionament-larmari-solidari.html\" target=\"_blank\" rel=\"noopener noreferrer\">&#8220;Armari Solidari&#8221;<\/a><\/strong>, projecte gestionat pels departaments de Serveis Socials, Medi Ambient i Solidaritat de l&#8217;ajuntament local.<\/li>\n<\/ul>\n<ul>\n<li style=\"text-align: justify;\"><strong>La roba d&#8217;estiu es donar\u00e0 a la <a href=\"http:\/\/www.engrunes.org\/\" target=\"_blank\" rel=\"noopener noreferrer\">&#8220;Fundaci\u00f3 Engrunes&#8221;<\/a><\/strong>,\u00a0que t\u00e9 com a objectiu lluitar contra la pobresa i l&#8217;exclusi\u00f3 social a trav\u00e9s de la inserci\u00f3 laboral i social de persones marginades o excloses, i que actualment gestiona la <a href=\"http:\/\/www.castellbisbal.cat\/castellbisbal\/guia-del-municipi\/guia-dequipaments\/deixalleria.html\" target=\"_blank\" rel=\"noopener noreferrer\">Deixalleria de Castellbisbal<\/a>.<\/li>\n<\/ul>\n<p style=\"text-align: justify;\">Com ja veieu, un petit gest per part de tots nosaltres ha fet possible col\u00b7laborar amb tres iniciatives socials molt importants.<\/p>\n<p style=\"text-align: justify;\"><strong>Gr\u00e0cies a totes les fam\u00edlies<\/strong> que ens heu fet arribar roba, complements,&#8230; i <strong>a tots els voluntaris<\/strong> que vau triar, endre\u00e7ar, vendre, muntar i desmuntar paradeta,&#8230;<\/p>\n<p style=\"text-align: justify;\"><strong>Agrair tamb\u00e9 la implicaci\u00f3 de l&#8217;ajuntament<\/strong> donant suport a tota la campanya.<\/p>\n<p style=\"text-align: center;\"><span style=\"color: #008000;\"><strong>Un cop m\u00e9s, sense tota la col\u00b7laboraci\u00f3 rebuda, aix\u00f2 no hagu\u00e9s estat possible.<\/strong><\/span><\/p>\n","protected":false},"excerpt":{"rendered":"<p>Com ja us vam anar informant fa uns dies, aquest diumenge ha tingut lloc el Mercat d&#8217;Intercanvi i Segona M\u00e0, organitzat pel nostre\u00a0ajuntament. Enguany les AMPA de Castellbisbal ens hem unit per solidaritzar-nos amb els refugiats sirians, i gr\u00e0cies a la bona resposta per part de molt\u00edssimes fam\u00edlies del municipi, vam aconseguir reunir una bona [&hellip;]<\/p>\n","protected":false},"author":52,"featured_media":0,"comment_status":"open","ping_status":"closed","sticky":false,"template":"","format":"standard","meta":{"_bbp_topic_count":0,"_bbp_reply_count":0,"_bbp_total_topic_count":0,"_bbp_total_reply_count":0,"_bbp_voice_count":0,"_bbp_anonymous_reply_count":0,"_bbp_topic_count_hidden":0,"_bbp_reply_count_hidden":0,"_bbp_forum_subforum_count":0,"site-sidebar-layout":"default","site-content-layout":"","ast-site-content-layout":"","site-content-style":"default","site-sidebar-style":"default","ast-global-header-display":"","ast-banner-title-visibility":"","ast-main-header-display":"","ast-hfb-above-header-display":"","ast-hfb-below-header-display":"","ast-hfb-mobile-header-display":"","site-post-title":"","ast-breadcrumbs-content":"","ast-featured-img":"","footer-sml-layout":"","theme-transparent-header-meta":"","adv-header-id-meta":"","stick-header-meta":"","header-above-stick-meta":"","header-main-stick-meta":"","header-below-stick-meta":"","astra-migrate-meta-layouts":"default","ast-page-background-enabled":"default","ast-page-background-meta":{"desktop":{"background-color":"var(--ast-global-color-4)","background-image":"","background-repeat":"repeat","background-position":"center center","background-size":"auto","background-attachment":"scroll","background-type":"","background-media":"","overlay-type":"","overlay-color":"","overlay-opacity":"","overlay-gradient":""},"tablet":{"background-color":"","background-image":"","background-repeat":"repeat","background-position":"center center","background-size":"auto","background-attachment":"scroll","background-type":"","background-media":"","overlay-type":"","overlay-color":"","overlay-opacity":"","overlay-gradient":""},"mobile":{"background-color":"","background-image":"","background-repeat":"repeat","background-position":"center center","background-size":"auto","background-attachment":"scroll","background-type":"","background-media":"","overlay-type":"","overlay-color":"","overlay-opacity":"","overlay-gradient":""}},"ast-content-background-meta":{"desktop":{"background-color":"var(--ast-global-color-5)","background-image":"","background-repeat":"repeat","background-position":"center center","background-size":"auto","background-attachment":"scroll","background-type":"","background-media":"","overlay-type":"","overlay-color":"","overlay-opacity":"","overlay-gradient":""},"tablet":{"background-color":"var(--ast-global-color-5)","background-image":"","background-repeat":"repeat","background-position":"center center","background-size":"auto","background-attachment":"scroll","background-type":"","background-media":"","overlay-type":"","overlay-color":"","overlay-opacity":"","overlay-gradient":""},"mobile":{"background-color":"var(--ast-global-color-5)","background-image":"","background-repeat":"repeat","background-position":"center center","background-size":"auto","background-attachment":"scroll","background-type":"","background-media":"","overlay-type":"","overlay-color":"","overlay-opacity":"","overlay-gradient":""}},"footnotes":""},"categories":[112,31,471],"tags":[],"class_list":["post-4844","post","type-post","status-publish","format-standard","hentry","category-2015-16","category-afa","category-noticies-afa"],"post_mailing_queue_ids":[],"_links":{"self":[{"href":"https:\/\/agora.xtec.cat\/ielesvinyes\/wp-json\/wp\/v2\/posts\/4844","targetHints":{"allow":["GET"]}}],"collection":[{"href":"https:\/\/agora.xtec.cat\/ielesvinyes\/wp-json\/wp\/v2\/posts"}],"about":[{"href":"https:\/\/agora.xtec.cat\/ielesvinyes\/wp-json\/wp\/v2\/types\/post"}],"author":[{"embeddable":true,"href":"https:\/\/agora.xtec.cat\/ielesvinyes\/wp-json\/wp\/v2\/users\/52"}],"replies":[{"embeddable":true,"href":"https:\/\/agora.xtec.cat\/ielesvinyes\/wp-json\/wp\/v2\/comments?post=4844"}],"version-history":[{"count":1,"href":"https:\/\/agora.xtec.cat\/ielesvinyes\/wp-json\/wp\/v2\/posts\/4844\/revisions"}],"predecessor-version":[{"id":5418,"href":"https:\/\/agora.xtec.cat\/ielesvinyes\/wp-json\/wp\/v2\/posts\/4844\/revisions\/5418"}],"wp:attachment":[{"href":"https:\/\/agora.xtec.cat\/ielesvinyes\/wp-json\/wp\/v2\/media?parent=4844"}],"wp:term":[{"taxonomy":"category","embeddable":true,"href":"https:\/\/agora.xtec.cat\/ielesvinyes\/wp-json\/wp\/v2\/categories?post=4844"},{"taxonomy":"post_tag","embeddable":true,"href":"https:\/\/agora.xtec.cat\/ielesvinyes\/wp-json\/wp\/v2\/tags?post=4844"}],"curies":[{"name":"wp","href":"https:\/\/api.w.org\/{rel}","templated":true}]}}