{"id":4843,"date":"2015-11-25T12:52:17","date_gmt":"2015-11-25T11:52:17","guid":{"rendered":"http:\/\/ampa.ielesvinyes.net\/stage1\/?p=3102"},"modified":"2020-02-03T18:47:42","modified_gmt":"2020-02-03T17:47:42","slug":"avui-revolucionem-les-aules","status":"publish","type":"post","link":"https:\/\/agora.xtec.cat\/ielesvinyes\/afa\/avui-revolucionem-les-aules\/","title":{"rendered":"Avui revolucionem les aules!!!"},"content":{"rendered":"<p style=\"text-align: justify;\">Avui, a petici\u00f3 de l&#8217;AMPA, l&#8217;organitzaci\u00f3 del Centre est\u00e0 una mica alterada&#8230;<\/p>\n<p style=\"text-align: justify;\">Com ja sabeu, <strong>avui hem fet les fotos pel &#8220;Calendari 2016&#8221;<\/strong>. Enguany les fotos\u00a0estaran organitzades per\u00a0mes de naixement, de manera que podrem veure quin mes de l&#8217;any tenim m\u00e9s aniversaris&#8230;<\/p>\n<p style=\"text-align: justify;\"><strong>Volem agrair a tot el Centre<\/strong> <strong>la col\u00b7laboraci\u00f3 que avui han tingut\u00a0amb l&#8217;AMPA<\/strong>, per deixar-nos interrompre la programaci\u00f3 prevista i per ajudar-nos a formar els grups que han de sortir en cada mes del calendari. <strong>I gr\u00e0cies als alumnes d&#8217;ESO<\/strong> per encarregar-vos d&#8217;anar a recollir i tenir cura\u00a0dels m\u00e9s petits del Centre. Ens encanta veure com els cuideu!<\/p>\n<p style=\"text-align: justify;\"><img loading=\"lazy\" decoding=\"async\" class=\"size-full wp-image-3107 aligncenter\" src=\"http:\/\/ampa.ielesvinyes.net\/stage1\/wp-content\/uploads\/2015\/11\/revoluci\u00f3-als-passadissosi.jpg\" alt=\"revoluci\u00f3 als passadissosi\" width=\"3331\" height=\"2005\" \/><\/p>\n<p style=\"text-align: justify;\">I, tamb\u00e9 volem agrair als dos fot\u00f2grafs que faran possible tenir un bon record, i amb qualitat, de tots els alumnes, mestres i professors d&#8217;aquest curs.<\/p>\n<p><img loading=\"lazy\" decoding=\"async\" class=\"size-full wp-image-3106 aligncenter\" src=\"http:\/\/ampa.ielesvinyes.net\/stage1\/wp-content\/uploads\/2015\/11\/fot\u00f2grafs-calendari.jpg\" alt=\"fot\u00f2grafs calendari\" width=\"3331\" height=\"2005\" \/><\/p>\n<h6><span style=\"color: #ff6600;\"><strong>Quan podreu comprar el calendari?<\/strong><\/span><\/h6>\n<p style=\"text-align: justify;\">Aquest any, vindr\u00e0 despr\u00e9s de reis. <strong>Al\u00a0gener<\/strong>, nom\u00e9s\u00a0tornar de vacances, <strong>podreu adquirir tants com\u00a0vulgueu!<\/strong><\/p>\n<p style=\"text-align: justify;\">Si voleu reservar el vostre per no quedar-vos sense, envieu-nos un correu a <span style=\"color: #0000ff;\">ampa@ielesvinyes.net<\/span> indicant: nom alumne, curs i quants en voleu.<\/p>\n<h2 style=\"text-align: center;\"><span style=\"color: #800080;\"><strong>No us quedeu sense!<\/strong><\/span><\/h2>\n<p>&nbsp;<\/p>\n","protected":false},"excerpt":{"rendered":"<p>Avui, a petici\u00f3 de l&#8217;AMPA, l&#8217;organitzaci\u00f3 del Centre est\u00e0 una mica alterada&#8230; Com ja sabeu, avui hem fet les fotos pel &#8220;Calendari 2016&#8221;. Enguany les fotos\u00a0estaran organitzades per\u00a0mes de naixement, de manera que podrem veure quin mes de l&#8217;any tenim m\u00e9s aniversaris&#8230; Volem agrair a tot el Centre la col\u00b7laboraci\u00f3 que avui han tingut\u00a0amb l&#8217;AMPA, [&hellip;]<\/p>\n","protected":false},"author":52,"featured_media":0,"comment_status":"open","ping_status":"closed","sticky":false,"template":"","format":"standard","meta":{"_bbp_topic_count":0,"_bbp_reply_count":0,"_bbp_total_topic_count":0,"_bbp_total_reply_count":0,"_bbp_voice_count":0,"_bbp_anonymous_reply_count":0,"_bbp_topic_count_hidden":0,"_bbp_reply_count_hidden":0,"_bbp_forum_subforum_count":0,"site-sidebar-layout":"default","site-content-layout":"","ast-site-content-layout":"","site-content-style":"default","site-sidebar-style":"default","ast-global-header-display":"","ast-banner-title-visibility":"","ast-main-header-display":"","ast-hfb-above-header-display":"","ast-hfb-below-header-display":"","ast-hfb-mobile-header-display":"","site-post-title":"","ast-breadcrumbs-content":"","ast-featured-img":"","footer-sml-layout":"","theme-transparent-header-meta":"","adv-header-id-meta":"","stick-header-meta":"","header-above-stick-meta":"","header-main-stick-meta":"","header-below-stick-meta":"","astra-migrate-meta-layouts":"default","ast-page-background-enabled":"default","ast-page-background-meta":{"desktop":{"background-color":"var(--ast-global-color-4)","background-image":"","background-repeat":"repeat","background-position":"center center","background-size":"auto","background-attachment":"scroll","background-type":"","background-media":"","overlay-type":"","overlay-color":"","overlay-opacity":"","overlay-gradient":""},"tablet":{"background-color":"","background-image":"","background-repeat":"repeat","background-position":"center center","background-size":"auto","background-attachment":"scroll","background-type":"","background-media":"","overlay-type":"","overlay-color":"","overlay-opacity":"","overlay-gradient":""},"mobile":{"background-color":"","background-image":"","background-repeat":"repeat","background-position":"center center","background-size":"auto","background-attachment":"scroll","background-type":"","background-media":"","overlay-type":"","overlay-color":"","overlay-opacity":"","overlay-gradient":""}},"ast-content-background-meta":{"desktop":{"background-color":"var(--ast-global-color-5)","background-image":"","background-repeat":"repeat","background-position":"center center","background-size":"auto","background-attachment":"scroll","background-type":"","background-media":"","overlay-type":"","overlay-color":"","overlay-opacity":"","overlay-gradient":""},"tablet":{"background-color":"var(--ast-global-color-5)","background-image":"","background-repeat":"repeat","background-position":"center center","background-size":"auto","background-attachment":"scroll","background-type":"","background-media":"","overlay-type":"","overlay-color":"","overlay-opacity":"","overlay-gradient":""},"mobile":{"background-color":"var(--ast-global-color-5)","background-image":"","background-repeat":"repeat","background-position":"center center","background-size":"auto","background-attachment":"scroll","background-type":"","background-media":"","overlay-type":"","overlay-color":"","overlay-opacity":"","overlay-gradient":""}},"footnotes":""},"categories":[112,31,471],"tags":[],"class_list":["post-4843","post","type-post","status-publish","format-standard","hentry","category-2015-16","category-afa","category-noticies-afa"],"post_mailing_queue_ids":[],"_links":{"self":[{"href":"https:\/\/agora.xtec.cat\/ielesvinyes\/wp-json\/wp\/v2\/posts\/4843","targetHints":{"allow":["GET"]}}],"collection":[{"href":"https:\/\/agora.xtec.cat\/ielesvinyes\/wp-json\/wp\/v2\/posts"}],"about":[{"href":"https:\/\/agora.xtec.cat\/ielesvinyes\/wp-json\/wp\/v2\/types\/post"}],"author":[{"embeddable":true,"href":"https:\/\/agora.xtec.cat\/ielesvinyes\/wp-json\/wp\/v2\/users\/52"}],"replies":[{"embeddable":true,"href":"https:\/\/agora.xtec.cat\/ielesvinyes\/wp-json\/wp\/v2\/comments?post=4843"}],"version-history":[{"count":1,"href":"https:\/\/agora.xtec.cat\/ielesvinyes\/wp-json\/wp\/v2\/posts\/4843\/revisions"}],"predecessor-version":[{"id":5420,"href":"https:\/\/agora.xtec.cat\/ielesvinyes\/wp-json\/wp\/v2\/posts\/4843\/revisions\/5420"}],"wp:attachment":[{"href":"https:\/\/agora.xtec.cat\/ielesvinyes\/wp-json\/wp\/v2\/media?parent=4843"}],"wp:term":[{"taxonomy":"category","embeddable":true,"href":"https:\/\/agora.xtec.cat\/ielesvinyes\/wp-json\/wp\/v2\/categories?post=4843"},{"taxonomy":"post_tag","embeddable":true,"href":"https:\/\/agora.xtec.cat\/ielesvinyes\/wp-json\/wp\/v2\/tags?post=4843"}],"curies":[{"name":"wp","href":"https:\/\/api.w.org\/{rel}","templated":true}]}}