{"id":4842,"date":"2015-11-20T11:20:58","date_gmt":"2015-11-20T10:20:58","guid":{"rendered":"http:\/\/ampa.ielesvinyes.net\/stage1\/?p=3063"},"modified":"2020-02-03T18:49:16","modified_gmt":"2020-02-03T17:49:16","slug":"propostes-de-cap-de-setmana","status":"publish","type":"post","link":"https:\/\/agora.xtec.cat\/ielesvinyes\/afa\/propostes-de-cap-de-setmana\/","title":{"rendered":"Propostes de cap de setmana&#8230;"},"content":{"rendered":"<h2 style=\"text-align: center;\"><span style=\"text-decoration: underline; color: #ff6600;\"><strong>Festa dels Drets de l&#8217;Infant<\/strong><\/span><\/h2>\n<p style=\"text-align: center;\"><strong>Dissabte 21\u00a0de\u00a0nove<span id=\"yui_3_16_0_1_1447748213347_2541\">mbre del<\/span>\u00a02015<\/strong><\/p>\n<p><a href=\"http:\/\/ampa.ielesvinyes.net\/stage1\/wp-content\/uploads\/2015\/11\/151119-Festa-dels-Drets-dels-Infants.jpg\"><img loading=\"lazy\" decoding=\"async\" class=\"wp-image-3092 aligncenter\" src=\"http:\/\/ampa.ielesvinyes.net\/stage1\/wp-content\/uploads\/2015\/11\/151119-Festa-dels-Drets-dels-Infants.jpg\" alt=\"151119-Festa dels Drets dels Infants\" width=\"299\" height=\"405\" \/><\/a><\/p>\n<h4 style=\"text-align: center;\"><\/h4>\n<p>&nbsp;<\/p>\n<h2 style=\"text-align: center;\"><span style=\"text-decoration: underline; color: #ff6600;\"><strong>6\u00e8 Festival Cultural de la Inf\u00e0ncia<\/strong><\/span><\/h2>\n<p style=\"text-align: center;\"><strong>Dissabte\u00a028 i\u00a0diumenge 29\u00a0de\u00a0nove<span id=\"yui_3_16_0_1_1447748213347_2541\">mbre del<\/span>\u00a02015<img loading=\"lazy\" decoding=\"async\" class=\" wp-image-3095 alignright\" src=\"http:\/\/ampa.ielesvinyes.net\/stage1\/wp-content\/uploads\/2015\/11\/festival-cultural-infancia.jpg\" alt=\"festival cultural infancia\" width=\"263\" height=\"368\" \/><br \/>\n<\/strong><\/p>\n<p style=\"text-align: justify;\"><span id=\"yui_3_16_0_1_1447748213347_2538\">Un esdeveniment cultural per les fam\u00edlies que vincula\u00a0<\/span>els infants amb els adults de la m\u00e0 de la literatura, la creativitat i la m\u00fasica.<\/p>\n<p style=\"text-align: justify;\"><span id=\"yui_3_16_0_1_1447748213347_4381\">Una ambientaci\u00f3 que convida a relaxar-se, a vincular-se pares i fills, a bussejar entre els m\u00e9s de 2.000 llibres especialment seleccionats i poder trobar hist\u00f2ries incre\u00efbles..<\/span>.Mentre<span id=\"yui_3_16_0_1_1447748213347_4380\">\u00a0sentim com van sonant les notes dels concerts que ens transporten, els il\u00b7lustradors pinten murals en viu o escriptors creen la seva pr\u00f2xima obra amb els visitants.\u00a0<\/span><\/p>\n<p style=\"text-align: left;\"><em>M\u00e9s informaci\u00f3 a\u00a0<a href=\"http:\/\/www.institutdelainfancia.org\/\" target=\"_blank\" rel=\"noopener noreferrer\">http:\/\/www.institutdelainfancia.org\/<\/a><\/em><\/p>\n<p>&nbsp;<\/p>\n<h2 style=\"text-align: center;\"><span style=\"text-decoration: underline; color: #ff6600;\"><strong>Posa&#8217;t la Gorra<br \/>\n<\/strong><\/span><\/h2>\n<h4 style=\"text-align: center;\"><span style=\"color: #808080;\"><em>(en solidaritat amb el c\u00e0ncer infantil)<\/em><\/span><\/h4>\n<p style=\"text-align: center;\"><strong>Dissabte, 12 de\u00a0<span id=\"yui_3_16_0_1_1447748213347_2541\">desembre del<\/span>\u00a02015\u00a0<img loading=\"lazy\" decoding=\"async\" class=\" wp-image-3096 alignright\" src=\"http:\/\/ampa.ielesvinyes.net\/stage1\/wp-content\/uploads\/2015\/11\/posatlagorra2015.jpg\" alt=\"posatlagorra2015\" width=\"279\" height=\"392\" \/><\/strong><a href=\"https:\/\/gallery.mailchimp.com\/a74f6f1b138c41b0e76bef7eb\/images\/fe19c995-e54f-41dc-b78d-112bfc045f56.jpg\" target=\"_blank\" rel=\"noopener noreferrer\"><strong><br \/>\n<\/strong><\/a><\/p>\n<p style=\"text-align: center;\"><span style=\"color: #14b3b3;\"><strong>Al ZOO de Barcelona<\/strong><\/span><\/p>\n<p style=\"text-align: justify;\"><strong id=\"yui_3_16_0_1_1447748213347_3141\">Posant-nos la gorra <\/strong>els ajudem a construir un futur on realitzar aquestes inquietuds i fer<br \/>\npossible aquests somnis. <strong id=\"yui_3_16_0_1_1447748213347_3168\">Posant-nos la gorra<\/strong> els ajudem a millorar la seva qualitat de vida i la de les seves fam\u00edlies. <strong id=\"yui_3_16_0_1_1447748213347_3169\">Posant-nos la gorra<\/strong> contribu\u00efm a mantenir\u00a0 <a href=\"https:\/\/gallery.mailchimp.com\/a74f6f1b138c41b0e76bef7eb\/files\/llibret_casa_dels_xuklis_01.pdf\" target=\"_blank\" rel=\"noopener noreferrer\">La Casa dels Xuklis<\/a>, una llar que els acull quan s&#8217;han de despla\u00e7ar lluny de casa per rebre el tractament als hospitals de refer\u00e8ncia.<\/p>\n<p><em>M\u00e9s informaci\u00f3 a <a href=\"http:\/\/posatlagorra.org\/barcelona\/\" target=\"_blank\" rel=\"noopener noreferrer\">http:\/\/posatlagorra.org\/<\/a><\/em><\/p>\n","protected":false},"excerpt":{"rendered":"<p>Festa dels Drets de l&#8217;Infant Dissabte 21\u00a0de\u00a0novembre del\u00a02015 &nbsp; 6\u00e8 Festival Cultural de la Inf\u00e0ncia Dissabte\u00a028 i\u00a0diumenge 29\u00a0de\u00a0novembre del\u00a02015 Un esdeveniment cultural per les fam\u00edlies que vincula\u00a0els infants amb els adults de la m\u00e0 de la literatura, la creativitat i la m\u00fasica. Una ambientaci\u00f3 que convida a relaxar-se, a vincular-se pares i fills, a bussejar [&hellip;]<\/p>\n","protected":false},"author":52,"featured_media":0,"comment_status":"open","ping_status":"closed","sticky":false,"template":"","format":"standard","meta":{"_bbp_topic_count":0,"_bbp_reply_count":0,"_bbp_total_topic_count":0,"_bbp_total_reply_count":0,"_bbp_voice_count":0,"_bbp_anonymous_reply_count":0,"_bbp_topic_count_hidden":0,"_bbp_reply_count_hidden":0,"_bbp_forum_subforum_count":0,"site-sidebar-layout":"default","site-content-layout":"","ast-site-content-layout":"","site-content-style":"default","site-sidebar-style":"default","ast-global-header-display":"","ast-banner-title-visibility":"","ast-main-header-display":"","ast-hfb-above-header-display":"","ast-hfb-below-header-display":"","ast-hfb-mobile-header-display":"","site-post-title":"","ast-breadcrumbs-content":"","ast-featured-img":"","footer-sml-layout":"","theme-transparent-header-meta":"","adv-header-id-meta":"","stick-header-meta":"","header-above-stick-meta":"","header-main-stick-meta":"","header-below-stick-meta":"","astra-migrate-meta-layouts":"default","ast-page-background-enabled":"default","ast-page-background-meta":{"desktop":{"background-color":"var(--ast-global-color-4)","background-image":"","background-repeat":"repeat","background-position":"center center","background-size":"auto","background-attachment":"scroll","background-type":"","background-media":"","overlay-type":"","overlay-color":"","overlay-opacity":"","overlay-gradient":""},"tablet":{"background-color":"","background-image":"","background-repeat":"repeat","background-position":"center center","background-size":"auto","background-attachment":"scroll","background-type":"","background-media":"","overlay-type":"","overlay-color":"","overlay-opacity":"","overlay-gradient":""},"mobile":{"background-color":"","background-image":"","background-repeat":"repeat","background-position":"center center","background-size":"auto","background-attachment":"scroll","background-type":"","background-media":"","overlay-type":"","overlay-color":"","overlay-opacity":"","overlay-gradient":""}},"ast-content-background-meta":{"desktop":{"background-color":"var(--ast-global-color-5)","background-image":"","background-repeat":"repeat","background-position":"center center","background-size":"auto","background-attachment":"scroll","background-type":"","background-media":"","overlay-type":"","overlay-color":"","overlay-opacity":"","overlay-gradient":""},"tablet":{"background-color":"var(--ast-global-color-5)","background-image":"","background-repeat":"repeat","background-position":"center center","background-size":"auto","background-attachment":"scroll","background-type":"","background-media":"","overlay-type":"","overlay-color":"","overlay-opacity":"","overlay-gradient":""},"mobile":{"background-color":"var(--ast-global-color-5)","background-image":"","background-repeat":"repeat","background-position":"center center","background-size":"auto","background-attachment":"scroll","background-type":"","background-media":"","overlay-type":"","overlay-color":"","overlay-opacity":"","overlay-gradient":""}},"footnotes":""},"categories":[112,31,471],"tags":[],"class_list":["post-4842","post","type-post","status-publish","format-standard","hentry","category-2015-16","category-afa","category-noticies-afa"],"post_mailing_queue_ids":[],"_links":{"self":[{"href":"https:\/\/agora.xtec.cat\/ielesvinyes\/wp-json\/wp\/v2\/posts\/4842","targetHints":{"allow":["GET"]}}],"collection":[{"href":"https:\/\/agora.xtec.cat\/ielesvinyes\/wp-json\/wp\/v2\/posts"}],"about":[{"href":"https:\/\/agora.xtec.cat\/ielesvinyes\/wp-json\/wp\/v2\/types\/post"}],"author":[{"embeddable":true,"href":"https:\/\/agora.xtec.cat\/ielesvinyes\/wp-json\/wp\/v2\/users\/52"}],"replies":[{"embeddable":true,"href":"https:\/\/agora.xtec.cat\/ielesvinyes\/wp-json\/wp\/v2\/comments?post=4842"}],"version-history":[{"count":1,"href":"https:\/\/agora.xtec.cat\/ielesvinyes\/wp-json\/wp\/v2\/posts\/4842\/revisions"}],"predecessor-version":[{"id":5421,"href":"https:\/\/agora.xtec.cat\/ielesvinyes\/wp-json\/wp\/v2\/posts\/4842\/revisions\/5421"}],"wp:attachment":[{"href":"https:\/\/agora.xtec.cat\/ielesvinyes\/wp-json\/wp\/v2\/media?parent=4842"}],"wp:term":[{"taxonomy":"category","embeddable":true,"href":"https:\/\/agora.xtec.cat\/ielesvinyes\/wp-json\/wp\/v2\/categories?post=4842"},{"taxonomy":"post_tag","embeddable":true,"href":"https:\/\/agora.xtec.cat\/ielesvinyes\/wp-json\/wp\/v2\/tags?post=4842"}],"curies":[{"name":"wp","href":"https:\/\/api.w.org\/{rel}","templated":true}]}}