{"id":4838,"date":"2015-09-22T21:07:26","date_gmt":"2015-09-22T19:07:26","guid":{"rendered":"http:\/\/ampa.ielesvinyes.net\/stage1\/?p=2861"},"modified":"2020-03-05T19:19:50","modified_gmt":"2020-03-05T18:19:50","slug":"presents-al-debat-de-la-fapac","status":"publish","type":"post","link":"https:\/\/agora.xtec.cat\/ielesvinyes\/afa\/presents-al-debat-de-la-fapac\/","title":{"rendered":"Presents al &#8220;Debat de la FAPAC&#8221;"},"content":{"rendered":"<p style=\"text-align: justify;\">El passat 17 de setembre la<strong> FaPac<\/strong><span style=\"color: #3366ff;\">*<\/span> va organitzar a Barcelona el debat: <strong>\u201cL\u2019Educaci\u00f3 a la Catalunya emergent\u201d<\/strong> amb la participaci\u00f3 de representants de totes les candidatures\u00a0\u00a0 que es presenten a les properes eleccions (Junts pel S\u00ed, PSC, CUP-CC, CSQEP, PP, C\u2019s i UDC).<\/p>\n<blockquote>\n<p style=\"text-align: justify;\"><span style=\"color: #3366ff;\"><strong>FaPac<\/strong> (Federaci\u00f3 d&#8217;associacions de mares i pares d&#8217;alumnes de Catalunya)<\/span><\/p>\n<\/blockquote>\n<p style=\"text-align: justify;\">Est\u00e0vem convidades totes les ampes associades de Catalunya. L&#8217;AMPA de Les Vinyes va comptar amb la pres\u00e8ncia de dues representants: una mare d&#8217;Infantil i Prim\u00e0ria i una altra de Secund\u00e0ria. <strong>Moltes gr\u00e0cies a les dues!!<\/strong><\/p>\n<p style=\"text-align: justify;\">A continuaci\u00f3 us deixem un resum del debat:<\/p>\n<p style=\"text-align: justify;\"><img loading=\"lazy\" decoding=\"async\" class=\"size-full wp-image-2865 aligncenter\" src=\"http:\/\/ampa.ielesvinyes.net\/stage1\/wp-content\/uploads\/2015\/09\/targeta_invitacio_debat-DEF.jpg\" alt=\"targeta_invitacio_debat-DEF\" width=\"527\" height=\"377\" \/><a href=\"http:\/\/ampa.ielesvinyes.net\/stage1\/wp-content\/uploads\/2015\/09\/Anunci-Debat-FaPaC-17S-fototallada.jpg\"><br \/>\n<\/a><\/p>\n<p><em>\u00a0El debat\u00a0 proposava\u00a0 que les candidatures exposessin:<\/em><\/p>\n<ul>\n<li style=\"text-align: justify;\"><em>Com volen d&#8217;educaci\u00f3 d&#8217;aquest nou pa\u00eds?<\/em><\/li>\n<li style=\"text-align: justify;\"><em>El volen o no, el nou pa\u00eds?<\/em><\/li>\n<li style=\"text-align: justify;\"><em>Com hi serem tingudes en compte, les fam\u00edlies?<\/em><\/li>\n<li style=\"text-align: justify;\"><em>Quin balan\u00e7 fan de la darrera legislatura?<\/em><\/li>\n<\/ul>\n<p style=\"text-align: justify;\"><em>Al llarg del debat els\u00a0 pol\u00edtics\u00a0 van anar exposant\u00a0 la diferent visi\u00f3\u00a0 i\u00a0 proposta\u00a0 des de les seves candidatures vers els plantejaments del moderador sobre:<\/em><\/p>\n<p style=\"text-align: justify;\"><em><strong>1. Pressupost que pensen destinar en\u00a0Educaci\u00f3 i com abordar els canvis per atendre l\u2019augment en el sistema educatiu d\u2019alumnes: r\u00e0tios, recursos, 6a hora&#8230;<\/strong><\/em><\/p>\n<p style=\"text-align: justify;\"><em>Valoraci\u00f3 del sistema actual i propostes\u00a0sobre el que li cal al sistema educatiu. Es posicionen vers\u00a0 plantilla i formaci\u00f3 \u00a0de professorat i condicions laborals, r\u00e0tios d\u2019alumnes, compactaci\u00f3 hor\u00e0ria, recuperaci\u00f3 o no de la sisena hora, autonomia de centre&#8230;<\/em><\/p>\n<p style=\"text-align: justify;\"><em><strong>2. Igualtat d\u2019oportunitats.<\/strong><\/em><\/p>\n<p style=\"text-align: justify;\"><em>Se\u2019ls\u00a0 demana posicionament sobre mesures per evitar la concentraci\u00f3 d\u2019alumnes\u00a0 i segregaci\u00f3,\u00a0 els recursos per garantir\u00a0 3 \u00e0pats als nens amb necessitats, els barems per\u00a0 assignaci\u00f3 de beques i des d\u2019on abordar l\u2019atenci\u00f3.<\/em><\/p>\n<p style=\"text-align: justify;\"><em><strong>3. Model que proposen i posici\u00f3 sobre la llengua\/ lleng\u00fces vehiculars.<\/strong><\/em><\/p>\n<p style=\"text-align: justify;\"><em>Opinen sobre el model d\u2019immersi\u00f3 ling\u00fc\u00edstica a Catalunya, sobre la proposta de centres concertats\/ p\u00fablics i amb una, dues o m\u00e9s lleng\u00fces vehiculars segons la candidatura. Aqu\u00ed apareixen les opinions sobre instituts-escola p\u00fablics que defensen alguns partits.<\/em><\/p>\n<p style=\"text-align: justify;\"><span style=\"color: #ff6600;\"><strong>Tot el Debat va ser gravat\u00a0i el podeu\u00a0veure\u00a0a la p\u00e0gina web de la FaPac,\u00a0<\/strong><\/span><em><a href=\"http:\/\/www.fapac.cat\/\" target=\"_blank\" rel=\"noopener noreferrer\">http:\/\/www.fapac.cat\/<\/a>\u00a0\u00a0<span style=\"color: #ff6600;\"><strong>\u00a0o clicant el seg\u00fcent enlla\u00e7 \u00a0<a href=\"http:\/\/www.fapac.cat\/2015\/09\/25\/debat-fapac-17s-respostes-dels-candidats-les-eleccions\" target=\"_blank\" rel=\"noopener noreferrer\"><img loading=\"lazy\" decoding=\"async\" class=\" wp-image-1043 alignnone\" src=\"http:\/\/ampa.ielesvinyes.net\/stage1\/wp-content\/uploads\/2012\/02\/external-link-98445_640.png\" alt=\"external-link-98445_640\" width=\"23\" height=\"25\" \/><\/a><\/strong><\/span><\/em><\/p>\n","protected":false},"excerpt":{"rendered":"<p>El passat 17 de setembre la FaPac* va organitzar a Barcelona el debat: \u201cL\u2019Educaci\u00f3 a la Catalunya emergent\u201d amb la participaci\u00f3 de representants de totes les candidatures\u00a0\u00a0 que es presenten a les properes eleccions (Junts pel S\u00ed, PSC, CUP-CC, CSQEP, PP, C\u2019s i UDC). FaPac (Federaci\u00f3 d&#8217;associacions de mares i pares d&#8217;alumnes de Catalunya) Est\u00e0vem [&hellip;]<\/p>\n","protected":false},"author":52,"featured_media":0,"comment_status":"open","ping_status":"closed","sticky":false,"template":"","format":"standard","meta":{"_bbp_topic_count":0,"_bbp_reply_count":0,"_bbp_total_topic_count":0,"_bbp_total_reply_count":0,"_bbp_voice_count":0,"_bbp_anonymous_reply_count":0,"_bbp_topic_count_hidden":0,"_bbp_reply_count_hidden":0,"_bbp_forum_subforum_count":0,"site-sidebar-layout":"default","site-content-layout":"","ast-site-content-layout":"","site-content-style":"default","site-sidebar-style":"default","ast-global-header-display":"","ast-banner-title-visibility":"","ast-main-header-display":"","ast-hfb-above-header-display":"","ast-hfb-below-header-display":"","ast-hfb-mobile-header-display":"","site-post-title":"","ast-breadcrumbs-content":"","ast-featured-img":"","footer-sml-layout":"","theme-transparent-header-meta":"","adv-header-id-meta":"","stick-header-meta":"","header-above-stick-meta":"","header-main-stick-meta":"","header-below-stick-meta":"","astra-migrate-meta-layouts":"default","ast-page-background-enabled":"default","ast-page-background-meta":{"desktop":{"background-color":"var(--ast-global-color-4)","background-image":"","background-repeat":"repeat","background-position":"center center","background-size":"auto","background-attachment":"scroll","background-type":"","background-media":"","overlay-type":"","overlay-color":"","overlay-opacity":"","overlay-gradient":""},"tablet":{"background-color":"","background-image":"","background-repeat":"repeat","background-position":"center center","background-size":"auto","background-attachment":"scroll","background-type":"","background-media":"","overlay-type":"","overlay-color":"","overlay-opacity":"","overlay-gradient":""},"mobile":{"background-color":"","background-image":"","background-repeat":"repeat","background-position":"center center","background-size":"auto","background-attachment":"scroll","background-type":"","background-media":"","overlay-type":"","overlay-color":"","overlay-opacity":"","overlay-gradient":""}},"ast-content-background-meta":{"desktop":{"background-color":"var(--ast-global-color-5)","background-image":"","background-repeat":"repeat","background-position":"center center","background-size":"auto","background-attachment":"scroll","background-type":"","background-media":"","overlay-type":"","overlay-color":"","overlay-opacity":"","overlay-gradient":""},"tablet":{"background-color":"var(--ast-global-color-5)","background-image":"","background-repeat":"repeat","background-position":"center center","background-size":"auto","background-attachment":"scroll","background-type":"","background-media":"","overlay-type":"","overlay-color":"","overlay-opacity":"","overlay-gradient":""},"mobile":{"background-color":"var(--ast-global-color-5)","background-image":"","background-repeat":"repeat","background-position":"center center","background-size":"auto","background-attachment":"scroll","background-type":"","background-media":"","overlay-type":"","overlay-color":"","overlay-opacity":"","overlay-gradient":""}},"footnotes":""},"categories":[112,31,471],"tags":[],"class_list":["post-4838","post","type-post","status-publish","format-standard","hentry","category-2015-16","category-afa","category-noticies-afa"],"post_mailing_queue_ids":[],"_links":{"self":[{"href":"https:\/\/agora.xtec.cat\/ielesvinyes\/wp-json\/wp\/v2\/posts\/4838","targetHints":{"allow":["GET"]}}],"collection":[{"href":"https:\/\/agora.xtec.cat\/ielesvinyes\/wp-json\/wp\/v2\/posts"}],"about":[{"href":"https:\/\/agora.xtec.cat\/ielesvinyes\/wp-json\/wp\/v2\/types\/post"}],"author":[{"embeddable":true,"href":"https:\/\/agora.xtec.cat\/ielesvinyes\/wp-json\/wp\/v2\/users\/52"}],"replies":[{"embeddable":true,"href":"https:\/\/agora.xtec.cat\/ielesvinyes\/wp-json\/wp\/v2\/comments?post=4838"}],"version-history":[{"count":1,"href":"https:\/\/agora.xtec.cat\/ielesvinyes\/wp-json\/wp\/v2\/posts\/4838\/revisions"}],"predecessor-version":[{"id":6181,"href":"https:\/\/agora.xtec.cat\/ielesvinyes\/wp-json\/wp\/v2\/posts\/4838\/revisions\/6181"}],"wp:attachment":[{"href":"https:\/\/agora.xtec.cat\/ielesvinyes\/wp-json\/wp\/v2\/media?parent=4838"}],"wp:term":[{"taxonomy":"category","embeddable":true,"href":"https:\/\/agora.xtec.cat\/ielesvinyes\/wp-json\/wp\/v2\/categories?post=4838"},{"taxonomy":"post_tag","embeddable":true,"href":"https:\/\/agora.xtec.cat\/ielesvinyes\/wp-json\/wp\/v2\/tags?post=4838"}],"curies":[{"name":"wp","href":"https:\/\/api.w.org\/{rel}","templated":true}]}}