{"id":4832,"date":"2015-03-14T09:17:08","date_gmt":"2015-03-14T09:17:08","guid":{"rendered":"http:\/\/ampa.ielesvinyes.net\/stage1\/?p=2010"},"modified":"2020-03-05T19:29:10","modified_gmt":"2020-03-05T18:29:10","slug":"el-pec-ens-reclama","status":"publish","type":"post","link":"https:\/\/agora.xtec.cat\/ielesvinyes\/afa\/el-pec-ens-reclama\/","title":{"rendered":"El &#8220;PEC&#8221; ens reclama!!!"},"content":{"rendered":"<p style=\"text-align: justify;\"><img loading=\"lazy\" decoding=\"async\" class=\" wp-image-2012 alignleft\" src=\"http:\/\/ampa.ielesvinyes.net\/stage1\/wp-content\/uploads\/2015\/03\/imatge-pec.jpg\" alt=\"imatge pec\" width=\"311\" height=\"227\" \/>El<strong> Projecte Educatiu de Ciutat<\/strong> (PEC) serveix per definir quina \u00e9s la realitat educativa actual del nostre municipi, quines s\u00f3n les nostres potencialitats i els nostres reptes, i plantejar les <span style=\"text-decoration: underline;\">prioritats i objectius que ha de tenir Castellbisbal en mat\u00e8ria educativa.<\/span><\/p>\n<p style=\"text-align: justify;\">Partint de la idea que <strong>educar no correspon nom\u00e9s a l\u2019escola<\/strong>, sin\u00f3 que va m\u00e9s enll\u00e0, que qualsevol \u00a0ciutad\u00e0 \u00a0est\u00e0 \u00a0permanentment \u00a0en \u00a0disposici\u00f3 \u00a0de \u00a0donar \u00a0i \u00a0rebre \u00a0impulsos educatius, <strong>aquest PEC s&#8217;ha d&#8217;anar construint entre tots i totes<\/strong>, ha de ser fruit de la participaci\u00f3 de la ciutadania, tant en la definici\u00f3 de necessitats com en la discussi\u00f3 de possibles \u00a0solucions. \u00a0<span style=\"text-decoration: underline;\">Ha \u00a0d\u2019esdevenir \u00a0una \u00a0eina \u00a0\u00fatil \u00a0per \u00a0a \u00a0la \u00a0reflexi\u00f3, \u00a0el \u00a0debat, \u00a0el comprom\u00eds i el consens.<\/span><\/p>\n<p style=\"text-align: justify;\">Aquest \u00a0projecte \u00a0neix \u00a0ara \u00a0fa \u00a0un \u00a0any \u00a0de \u00a0la \u00a0<span style=\"text-decoration: underline;\">demanda \u00a0que \u00a0v\u00e0rem \u00a0fer \u00a0a \u00a0la \u00a0regidoria d\u2019educaci\u00f3 del nostre consistori, un\u00e0nimement totes les AMPAs dels centres d\u2019educaci\u00f3 obligat\u00f2ria del municipi<\/span>, el 28 de febrer de 2014.<\/p>\n<p style=\"text-align: justify;\">\u00c9s per aix\u00f2 que des de l\u2019AMPA <strong>us animem a participar de la \u201cJornada Participativa\u201d<\/strong> que es dur\u00e0 a terme el proper<\/p>\n<h5 style=\"text-align: center;\"><span style=\"color: #800080;\"><strong>Dissabte 21 de mar\u00e7, a les 10h, a la Sala d\u2019Actes de l\u2019Ajuntament<\/strong><\/span><\/h5>\n<p style=\"text-align: justify;\">D\u2019aquesta jornada sortiran les l\u00ednies guia de treball que m\u00e9s endavant ens ajudaran a definir els objectius a assolir com a ciutat educadora.<\/p>\n<p style=\"text-align: justify;\"><strong>Si \u00a0vols \u00a0inscriure\u2019t \u00a0a \u00a0la \u00a0jornada \u00a0o \u00a0necessites \u00a0m\u00e9s \u00a0informaci\u00f3<\/strong>,<strong> \u00a0<\/strong>clica \u00a0aqu\u00ed\u00a0<strong><a href=\"http:\/\/www.castellbisbal.cat\/actualitat\/agenda\/2015-03-21-jornada-participativa-del-projecte-educatiu-de-ciutat-pec.html\" target=\"_blank\" rel=\"noopener noreferrer\"><img loading=\"lazy\" decoding=\"async\" class=\" wp-image-1043 alignnone\" src=\"http:\/\/ampa.ielesvinyes.net\/stage1\/wp-content\/uploads\/2012\/02\/external-link-98445_640.png\" alt=\"external-link-98445_640\" width=\"23\" height=\"25\" \/><\/a><\/strong><\/p>\n<p style=\"text-align: justify;\"><strong>Si vols llegir la carta de sol\u00b7licitud de les AMPAs al consistori<\/strong>, clica aqu\u00ed\u00a0<a href=\"http:\/\/ampa.ielesvinyes.net\/stage1\/wp-content\/uploads\/2015\/03\/Carta-AMPES-entrada-al-registre.pdf\" target=\"_blank\" rel=\"noopener noreferrer\"><img loading=\"lazy\" decoding=\"async\" class=\" wp-image-2257 alignnone\" src=\"http:\/\/ampa.ielesvinyes.net\/stage1\/wp-content\/uploads\/2015\/05\/pdf.jpg\" alt=\"pdf\" width=\"27\" height=\"30\" \/><\/a><\/p>\n<h3 style=\"text-align: center;\"><strong><span style=\"color: #ff6600;\">SI VOLEM UN POBLE MILLOR<\/span> ens hem de corresponsabilitzar amb l\u2019educaci\u00f3!<\/strong><\/h3>\n<h3 style=\"text-align: center;\"><strong>El Projecte Educatiu de Ciutat de Castellbisbal, et necessita, <span style=\"color: #ff6600;\">TU TENS MOLT A DIR!<\/span><\/strong><\/h3>\n<p><span style=\"color: #ffffff;\">1<\/span><\/p>\n","protected":false},"excerpt":{"rendered":"<p>El Projecte Educatiu de Ciutat (PEC) serveix per definir quina \u00e9s la realitat educativa actual del nostre municipi, quines s\u00f3n les nostres potencialitats i els nostres reptes, i plantejar les prioritats i objectius que ha de tenir Castellbisbal en mat\u00e8ria educativa. Partint de la idea que educar no correspon nom\u00e9s a l\u2019escola, sin\u00f3 que va [&hellip;]<\/p>\n","protected":false},"author":52,"featured_media":0,"comment_status":"open","ping_status":"closed","sticky":false,"template":"","format":"standard","meta":{"_bbp_topic_count":0,"_bbp_reply_count":0,"_bbp_total_topic_count":0,"_bbp_total_reply_count":0,"_bbp_voice_count":0,"_bbp_anonymous_reply_count":0,"_bbp_topic_count_hidden":0,"_bbp_reply_count_hidden":0,"_bbp_forum_subforum_count":0,"site-sidebar-layout":"default","site-content-layout":"","ast-site-content-layout":"","site-content-style":"default","site-sidebar-style":"default","ast-global-header-display":"","ast-banner-title-visibility":"","ast-main-header-display":"","ast-hfb-above-header-display":"","ast-hfb-below-header-display":"","ast-hfb-mobile-header-display":"","site-post-title":"","ast-breadcrumbs-content":"","ast-featured-img":"","footer-sml-layout":"","theme-transparent-header-meta":"","adv-header-id-meta":"","stick-header-meta":"","header-above-stick-meta":"","header-main-stick-meta":"","header-below-stick-meta":"","astra-migrate-meta-layouts":"default","ast-page-background-enabled":"default","ast-page-background-meta":{"desktop":{"background-color":"var(--ast-global-color-4)","background-image":"","background-repeat":"repeat","background-position":"center center","background-size":"auto","background-attachment":"scroll","background-type":"","background-media":"","overlay-type":"","overlay-color":"","overlay-opacity":"","overlay-gradient":""},"tablet":{"background-color":"","background-image":"","background-repeat":"repeat","background-position":"center center","background-size":"auto","background-attachment":"scroll","background-type":"","background-media":"","overlay-type":"","overlay-color":"","overlay-opacity":"","overlay-gradient":""},"mobile":{"background-color":"","background-image":"","background-repeat":"repeat","background-position":"center center","background-size":"auto","background-attachment":"scroll","background-type":"","background-media":"","overlay-type":"","overlay-color":"","overlay-opacity":"","overlay-gradient":""}},"ast-content-background-meta":{"desktop":{"background-color":"var(--ast-global-color-5)","background-image":"","background-repeat":"repeat","background-position":"center center","background-size":"auto","background-attachment":"scroll","background-type":"","background-media":"","overlay-type":"","overlay-color":"","overlay-opacity":"","overlay-gradient":""},"tablet":{"background-color":"var(--ast-global-color-5)","background-image":"","background-repeat":"repeat","background-position":"center center","background-size":"auto","background-attachment":"scroll","background-type":"","background-media":"","overlay-type":"","overlay-color":"","overlay-opacity":"","overlay-gradient":""},"mobile":{"background-color":"var(--ast-global-color-5)","background-image":"","background-repeat":"repeat","background-position":"center center","background-size":"auto","background-attachment":"scroll","background-type":"","background-media":"","overlay-type":"","overlay-color":"","overlay-opacity":"","overlay-gradient":""}},"footnotes":""},"categories":[111,31,471],"tags":[],"class_list":["post-4832","post","type-post","status-publish","format-standard","hentry","category-2014-15","category-afa","category-noticies-afa"],"post_mailing_queue_ids":[],"_links":{"self":[{"href":"https:\/\/agora.xtec.cat\/ielesvinyes\/wp-json\/wp\/v2\/posts\/4832","targetHints":{"allow":["GET"]}}],"collection":[{"href":"https:\/\/agora.xtec.cat\/ielesvinyes\/wp-json\/wp\/v2\/posts"}],"about":[{"href":"https:\/\/agora.xtec.cat\/ielesvinyes\/wp-json\/wp\/v2\/types\/post"}],"author":[{"embeddable":true,"href":"https:\/\/agora.xtec.cat\/ielesvinyes\/wp-json\/wp\/v2\/users\/52"}],"replies":[{"embeddable":true,"href":"https:\/\/agora.xtec.cat\/ielesvinyes\/wp-json\/wp\/v2\/comments?post=4832"}],"version-history":[{"count":1,"href":"https:\/\/agora.xtec.cat\/ielesvinyes\/wp-json\/wp\/v2\/posts\/4832\/revisions"}],"predecessor-version":[{"id":6198,"href":"https:\/\/agora.xtec.cat\/ielesvinyes\/wp-json\/wp\/v2\/posts\/4832\/revisions\/6198"}],"wp:attachment":[{"href":"https:\/\/agora.xtec.cat\/ielesvinyes\/wp-json\/wp\/v2\/media?parent=4832"}],"wp:term":[{"taxonomy":"category","embeddable":true,"href":"https:\/\/agora.xtec.cat\/ielesvinyes\/wp-json\/wp\/v2\/categories?post=4832"},{"taxonomy":"post_tag","embeddable":true,"href":"https:\/\/agora.xtec.cat\/ielesvinyes\/wp-json\/wp\/v2\/tags?post=4832"}],"curies":[{"name":"wp","href":"https:\/\/api.w.org\/{rel}","templated":true}]}}