{"id":4829,"date":"2011-06-08T19:59:22","date_gmt":"2011-06-08T17:59:22","guid":{"rendered":"http:\/\/ampa.ielesvinyes.net\/stage1\/?p=1884"},"modified":"2020-02-08T19:38:50","modified_gmt":"2020-02-08T18:38:50","slug":"convocatoria-assemblea-general","status":"publish","type":"post","link":"https:\/\/agora.xtec.cat\/ielesvinyes\/afa\/convocatoria-assemblea-general\/","title":{"rendered":"Convocat\u00f2ria Assemblea General"},"content":{"rendered":"<div id=\"yui_3_16_0_1_1425894786690_20937\"><span id=\"yui_3_16_0_1_1425894786690_20936\" class=\"yiv8751432123Apple-style-span\" style=\"font-family: Tahoma; font-size: small;\"><a href=\"http:\/\/ampa.ielesvinyes.net\/stage1\/wp-content\/uploads\/2015\/02\/assemblea-socis-AMPA.jpg\"><img loading=\"lazy\" decoding=\"async\" class=\"alignleft  wp-image-1109\" src=\"http:\/\/ampa.ielesvinyes.net\/stage1\/wp-content\/uploads\/2015\/02\/assemblea-socis-AMPA.jpg\" alt=\"assemblea socis AMPA\" width=\"176\" height=\"166\" \/><\/a><\/span><\/div>\n<div><\/div>\n<div style=\"text-align: justify;\">Es convoca a tots els socis de l\u2019AMPA a l\u2019Assemblea General de fi de curs que es celebrar\u00e0 el <strong>dijous 21 de juny de 2011 a les 19:00<\/strong> en primera convocat\u00f2ria i a les 19:30 en segona convocat\u00f2ria, a la Sala de Plens de l\u2019Ajuntament, seguint l\u2019ordre del dia seg\u00fcent:<\/div>\n<div id=\"yui_3_16_0_1_1425894786690_20536\"><span class=\"yiv8751432123Apple-style-span\" style=\"font-family: Tahoma; font-size: small;\">\u00a0<\/span><\/div>\n<div><span style=\"color: #ffffff;\">1<\/span><\/div>\n<div><\/div>\n<div><strong><span id=\"yui_3_16_0_1_1425894786690_20534\" class=\"yiv8751432123Apple-style-span\" style=\"font-family: Tahoma; font-size: small;\">ORDRE DEL DIA:<\/span><\/strong><\/div>\n<div id=\"yui_3_16_0_1_1425894786690_20533\" style=\"padding-left: 30px;\"><span class=\"yiv8751432123Apple-style-span\" style=\"font-family: Tahoma; font-size: small;\">\u00a0<\/span><\/div>\n<div id=\"yui_3_16_0_1_1425894786690_20532\" style=\"padding-left: 30px;\"><span class=\"yiv8751432123Apple-style-span\" style=\"font-family: Tahoma; font-size: small;\"><strong>1.<\/strong> Mem\u00f2ria de gesti\u00f3.\u00a0<\/span><\/div>\n<div id=\"yui_3_16_0_1_1425894786690_20531\" style=\"padding-left: 60px;\"><span id=\"yui_3_16_0_1_1425894786690_20530\" class=\"yiv8751432123Apple-style-span\" style=\"font-family: Tahoma; font-size: small;\">&#8211; Rep\u00e0s de les actuacions realitzades per l\u2019AMPA durant el curs 2010 \/ 2011<\/span><\/div>\n<div id=\"yui_3_16_0_1_1425894786690_20529\" style=\"padding-left: 60px;\"><span class=\"yiv8751432123Apple-style-span\" style=\"font-family: Tahoma; font-size: small;\">&#8211; Estat de comptes<\/span><\/div>\n<div id=\"yui_3_16_0_1_1425894786690_20528\" style=\"padding-left: 30px;\"><span id=\"yui_3_16_0_1_1425894786690_20527\" class=\"yiv8751432123Apple-style-span\" style=\"font-family: Tahoma; font-size: small;\"><strong>2.<\/strong> Actuacions previstes pel proper curs<\/span><\/div>\n<div id=\"yui_3_16_0_1_1425894786690_20526\" style=\"padding-left: 30px;\"><span class=\"yiv8751432123Apple-style-span\" style=\"font-family: Tahoma; font-size: small;\"><strong>3.<\/strong> Modificaci\u00f3 d\u2019Estatuts<\/span><\/div>\n<div id=\"yui_3_16_0_1_1425894786690_20942\" style=\"padding-left: 60px;\"><span class=\"yiv8751432123Apple-style-span\" style=\"font-family: Tahoma; font-size: small;\">&#8211; Junta Directiva<\/span><\/div>\n<div id=\"yui_3_16_0_1_1425894786690_20525\" style=\"padding-left: 60px;\"><span class=\"yiv8751432123Apple-style-span\" style=\"font-family: Tahoma; font-size: small;\">&#8211; Nom i logo de l\u2019AMPA<\/span><\/div>\n<div id=\"yui_3_16_0_1_1425894786690_20524\" style=\"padding-left: 30px;\"><span class=\"yiv8751432123Apple-style-span\" style=\"font-family: Tahoma; font-size: small;\"><strong>4.<\/strong> Comanda roba escolar<\/span><\/div>\n<div id=\"yui_3_16_0_1_1425894786690_20943\" style=\"padding-left: 30px;\"><span class=\"yiv8751432123Apple-style-span\" style=\"font-family: Tahoma; font-size: small;\"><strong>5.<\/strong> Precs i preguntes<\/span><\/div>\n<div id=\"yui_3_16_0_1_1425894786690_20523\"><span class=\"yiv8751432123Apple-style-span\" style=\"font-family: Tahoma; font-size: small;\">\u00a0<\/span><\/div>\n<div id=\"yui_3_16_0_1_1425894786690_20944\"><strong><span class=\"yiv8751432123Apple-style-span\" style=\"font-family: Tahoma; font-size: small;\">\u00a0<\/span><\/strong><\/div>\n<div id=\"yui_3_16_0_1_1425894786690_20945\"><strong>Esperem la vostra assist\u00e8ncia.<\/strong><\/div>\n<div><\/div>\n<div><span style=\"color: #ffffff;\">z<\/span><\/div>\n","protected":false},"excerpt":{"rendered":"<p>Es convoca a tots els socis de l\u2019AMPA a l\u2019Assemblea General de fi de curs que es celebrar\u00e0 el dijous 21 de juny de 2011 a les 19:00 en primera convocat\u00f2ria i a les 19:30 en segona convocat\u00f2ria, a la Sala de Plens de l\u2019Ajuntament, seguint l\u2019ordre del dia seg\u00fcent: \u00a0 1 ORDRE DEL DIA: [&hellip;]<\/p>\n","protected":false},"author":52,"featured_media":0,"comment_status":"open","ping_status":"closed","sticky":false,"template":"","format":"standard","meta":{"_bbp_topic_count":0,"_bbp_reply_count":0,"_bbp_total_topic_count":0,"_bbp_total_reply_count":0,"_bbp_voice_count":0,"_bbp_anonymous_reply_count":0,"_bbp_topic_count_hidden":0,"_bbp_reply_count_hidden":0,"_bbp_forum_subforum_count":0,"site-sidebar-layout":"default","site-content-layout":"","ast-site-content-layout":"","site-content-style":"default","site-sidebar-style":"default","ast-global-header-display":"","ast-banner-title-visibility":"","ast-main-header-display":"","ast-hfb-above-header-display":"","ast-hfb-below-header-display":"","ast-hfb-mobile-header-display":"","site-post-title":"","ast-breadcrumbs-content":"","ast-featured-img":"","footer-sml-layout":"","theme-transparent-header-meta":"","adv-header-id-meta":"","stick-header-meta":"","header-above-stick-meta":"","header-main-stick-meta":"","header-below-stick-meta":"","astra-migrate-meta-layouts":"default","ast-page-background-enabled":"default","ast-page-background-meta":{"desktop":{"background-color":"var(--ast-global-color-4)","background-image":"","background-repeat":"repeat","background-position":"center center","background-size":"auto","background-attachment":"scroll","background-type":"","background-media":"","overlay-type":"","overlay-color":"","overlay-opacity":"","overlay-gradient":""},"tablet":{"background-color":"","background-image":"","background-repeat":"repeat","background-position":"center center","background-size":"auto","background-attachment":"scroll","background-type":"","background-media":"","overlay-type":"","overlay-color":"","overlay-opacity":"","overlay-gradient":""},"mobile":{"background-color":"","background-image":"","background-repeat":"repeat","background-position":"center center","background-size":"auto","background-attachment":"scroll","background-type":"","background-media":"","overlay-type":"","overlay-color":"","overlay-opacity":"","overlay-gradient":""}},"ast-content-background-meta":{"desktop":{"background-color":"var(--ast-global-color-5)","background-image":"","background-repeat":"repeat","background-position":"center center","background-size":"auto","background-attachment":"scroll","background-type":"","background-media":"","overlay-type":"","overlay-color":"","overlay-opacity":"","overlay-gradient":""},"tablet":{"background-color":"var(--ast-global-color-5)","background-image":"","background-repeat":"repeat","background-position":"center center","background-size":"auto","background-attachment":"scroll","background-type":"","background-media":"","overlay-type":"","overlay-color":"","overlay-opacity":"","overlay-gradient":""},"mobile":{"background-color":"var(--ast-global-color-5)","background-image":"","background-repeat":"repeat","background-position":"center center","background-size":"auto","background-attachment":"scroll","background-type":"","background-media":"","overlay-type":"","overlay-color":"","overlay-opacity":"","overlay-gradient":""}},"footnotes":""},"categories":[474,31,471],"tags":[],"class_list":["post-4829","post","type-post","status-publish","format-standard","hentry","category-2010-11","category-afa","category-noticies-afa"],"post_mailing_queue_ids":[],"_links":{"self":[{"href":"https:\/\/agora.xtec.cat\/ielesvinyes\/wp-json\/wp\/v2\/posts\/4829","targetHints":{"allow":["GET"]}}],"collection":[{"href":"https:\/\/agora.xtec.cat\/ielesvinyes\/wp-json\/wp\/v2\/posts"}],"about":[{"href":"https:\/\/agora.xtec.cat\/ielesvinyes\/wp-json\/wp\/v2\/types\/post"}],"author":[{"embeddable":true,"href":"https:\/\/agora.xtec.cat\/ielesvinyes\/wp-json\/wp\/v2\/users\/52"}],"replies":[{"embeddable":true,"href":"https:\/\/agora.xtec.cat\/ielesvinyes\/wp-json\/wp\/v2\/comments?post=4829"}],"version-history":[{"count":1,"href":"https:\/\/agora.xtec.cat\/ielesvinyes\/wp-json\/wp\/v2\/posts\/4829\/revisions"}],"predecessor-version":[{"id":6024,"href":"https:\/\/agora.xtec.cat\/ielesvinyes\/wp-json\/wp\/v2\/posts\/4829\/revisions\/6024"}],"wp:attachment":[{"href":"https:\/\/agora.xtec.cat\/ielesvinyes\/wp-json\/wp\/v2\/media?parent=4829"}],"wp:term":[{"taxonomy":"category","embeddable":true,"href":"https:\/\/agora.xtec.cat\/ielesvinyes\/wp-json\/wp\/v2\/categories?post=4829"},{"taxonomy":"post_tag","embeddable":true,"href":"https:\/\/agora.xtec.cat\/ielesvinyes\/wp-json\/wp\/v2\/tags?post=4829"}],"curies":[{"name":"wp","href":"https:\/\/api.w.org\/{rel}","templated":true}]}}