{"id":4824,"date":"2015-03-06T15:09:42","date_gmt":"2015-03-06T14:09:42","guid":{"rendered":"http:\/\/ampa.ielesvinyes.net\/stage1\/?p=1778"},"modified":"2020-03-05T19:28:42","modified_gmt":"2020-03-05T18:28:42","slug":"jornada-de-portes-obertes-2","status":"publish","type":"post","link":"https:\/\/agora.xtec.cat\/ielesvinyes\/afa\/jornada-de-portes-obertes-2\/","title":{"rendered":"Jornada de Portes Obertes"},"content":{"rendered":"<p><img loading=\"lazy\" decoding=\"async\" class=\"alignleft  wp-image-1779\" src=\"http:\/\/ampa.ielesvinyes.net\/stage1\/wp-content\/uploads\/2015\/03\/cartell-benvinguda-post-web.jpg\" alt=\"cartell benvinguda post web\" width=\"234\" height=\"265\" \/><\/p>\n<p style=\"text-align: center;\"><strong>El Centre i l&#8217;AMPA hem tornat a organitzar conjuntament una jornada de &#8220;portes obertes&#8221;!<\/strong><\/p>\n<p style=\"text-align: justify;\"><span style=\"color: #ffffff;\">a<\/span><\/p>\n<p style=\"text-align: justify;\">Dimecres, despr\u00e9s de la pedregada caiguda a migdia, quan les portes de l\u2019Institut-Escola es van obrir a les 18h, el sol ens va voler acompanyar&#8230;<\/p>\n<p>&nbsp;<\/p>\n<p style=\"text-align: justify;\">Les dues entrades habilitades per rebre les fam\u00edlies visitants, estaven plenes de pares, mares i nens, amb ganes de con\u00e8ixer el Centre i el seu projecte.<\/p>\n<p><img loading=\"lazy\" decoding=\"async\" class=\" size-full wp-image-1780 aligncenter\" src=\"http:\/\/ampa.ielesvinyes.net\/stage1\/wp-content\/uploads\/2015\/03\/1.jpg\" alt=\"1\" width=\"563\" height=\"290\" \/><\/p>\n<p><img loading=\"lazy\" decoding=\"async\" class=\" size-full wp-image-1781 aligncenter\" src=\"http:\/\/ampa.ielesvinyes.net\/stage1\/wp-content\/uploads\/2015\/03\/2.jpg\" alt=\"2\" width=\"563\" height=\"290\" \/><\/p>\n<p style=\"text-align: justify;\">L\u2019AMPA va estar present en tres espais del recorregut organitzat, amb els alumnes d\u2019ESO com a guies, com ja \u00e9s costum des de fa 4 anys.<\/p>\n<p style=\"text-align: justify;\"><strong>1.<\/strong>\u00a0<strong>Espai per a fam\u00edlies d\u2019infantil i prim\u00e0ria<\/strong>, on les informacions donades anaven m\u00e9s dirigides a les necessitats d\u2019aquestes edats: acollides, roba escolar,&#8230; a part d\u2019altres serveis comuns a tots els cicles com el menjador i les extraescolars.<\/p>\n<p style=\"text-align: justify;\"><img loading=\"lazy\" decoding=\"async\" class=\"  wp-image-1805 aligncenter\" src=\"http:\/\/ampa.ielesvinyes.net\/stage1\/wp-content\/uploads\/2015\/03\/8.jpg\" alt=\"8\" width=\"558\" height=\"371\" \/><\/p>\n<p style=\"text-align: justify;\"><strong>2.<\/strong> <strong>Espai per a fam\u00edlies d\u2019ESO<\/strong>,<strong>\u00a0<\/strong>on l&#8217;informaci\u00f3 m\u00e9s rellevant va ser el proc\u00e9s de compra de l&#8217;ordinador personal pels quatre cursos d&#8217;ESO\u00a0i\u00a0el projecte &#8220;Empowering English&#8221; per potenciar la parla anglesa. Tamb\u00e9 s&#8217;ha volgut recordar que hi ha servei de menjador i d&#8217;extraescolars (sempre que hi hagi un m\u00ednim d&#8217;inscripcions).<\/p>\n<p style=\"text-align: justify;\"><img loading=\"lazy\" decoding=\"async\" class=\"  wp-image-1794 aligncenter\" src=\"http:\/\/ampa.ielesvinyes.net\/stage1\/wp-content\/uploads\/2015\/03\/7.jpg\" alt=\"7\" width=\"560\" height=\"366\" \/><\/p>\n<p style=\"text-align: justify;\"><strong>3.<\/strong> <strong>Al menjador del Centre<\/strong>, final del recorregut, vam organitzar un espai dist\u00e8s on, a part de convidar als assistents a un <strong>piscolabis<\/strong>, vam projectar un v\u00eddeo amb totes les \u201cselfies\u201d que la Comunitat Educativa vam fer arribar, dient qu\u00e8 significa per a nosaltres Les Vinyes, en una paraula&#8230;<br \/>\nLa coordinadora de menjador tamb\u00e9 ens va acompanyar en aquest espai, informant a les fam\u00edlies de tot el relacionat amb aquest servei (men\u00fas, intoler\u00e0ncies,&#8230;)<\/p>\n<p style=\"text-align: justify;\">Aquest espai va proporcionar, justament el que vol\u00edem: comunicaci\u00f3, intercanvis de sensacions,&#8230; entre fam\u00edlies interessades en el Centre i els membres de l\u2019AMPA.<\/p>\n<p style=\"text-align: justify;\"><img loading=\"lazy\" decoding=\"async\" class=\"  wp-image-1790 aligncenter\" src=\"http:\/\/ampa.ielesvinyes.net\/stage1\/wp-content\/uploads\/2015\/03\/6.jpg\" alt=\"6\" width=\"560\" height=\"279\" \/><\/p>\n<p style=\"text-align: justify;\"><img loading=\"lazy\" decoding=\"async\" class=\"  wp-image-1789 aligncenter\" src=\"http:\/\/ampa.ielesvinyes.net\/stage1\/wp-content\/uploads\/2015\/03\/5.jpg\" alt=\"5\" width=\"561\" height=\"274\" \/><\/p>\n<h4 style=\"text-align: justify;\"><span style=\"color: #ff6600;\"><strong>Esperem que el Centre i el seu projecte us hagin agradat i que ben aviat entreu a\u00a0<\/strong><strong>formar part de la Comunitat Educativa de Les Vinyes!<\/strong><\/span><\/h4>\n<p style=\"text-align: justify;\"><em>Si no vau poder venir, podeu con\u00e8ixer com treballem a la <a href=\"http:\/\/ielesvinyes.net\/\">web<\/a> del Centre o clicant <a href=\"http:\/\/ielesvinyes.net\/com-treballem\/\">aqu\u00ed<\/a>. Tamb\u00e9 podeu consultar el <a href=\"http:\/\/ampa.ielesvinyes.net\/stage1\/wp-content\/uploads\/2015\/02\/Tr%C3%ADptic-disseny-2015-m%C3%A9s-fosc.pdf\">tr\u00edptic <\/a>del Centre i el <a href=\"http:\/\/ampa.ielesvinyes.net\/stage1\/wp-content\/uploads\/2015\/02\/Diptic-AMPA_2015_portes-obertes.pdf\">d\u00edptic<\/a> de l&#8217;AMPA, que vam repartir.<\/em><\/p>\n<p>&nbsp;<\/p>\n<h6 style=\"text-align: justify;\"><em>Volem agrair la implicaci\u00f3, col\u00b7laboraci\u00f3, il\u00b7lusi\u00f3 i empenta a tots els membres de la Comissi\u00f3 de Portes Obertes. <strong>Gr\u00e0cies!!<\/strong><\/em><\/h6>\n<p style=\"text-align: center;\"><img loading=\"lazy\" decoding=\"async\" class=\"  wp-image-1784 aligncenter\" src=\"http:\/\/ampa.ielesvinyes.net\/stage1\/wp-content\/uploads\/2015\/03\/4.jpg\" alt=\"4\" width=\"546\" height=\"306\" \/><em>\u00a0(Alguns dels pares i mares de la Comissi\u00f3)<\/em><\/p>\n<p style=\"text-align: left;\"><span style=\"color: #ffffff;\">a<\/span><\/p>\n","protected":false},"excerpt":{"rendered":"<p>El Centre i l&#8217;AMPA hem tornat a organitzar conjuntament una jornada de &#8220;portes obertes&#8221;! a Dimecres, despr\u00e9s de la pedregada caiguda a migdia, quan les portes de l\u2019Institut-Escola es van obrir a les 18h, el sol ens va voler acompanyar&#8230; &nbsp; Les dues entrades habilitades per rebre les fam\u00edlies visitants, estaven plenes de pares, mares [&hellip;]<\/p>\n","protected":false},"author":52,"featured_media":0,"comment_status":"open","ping_status":"closed","sticky":false,"template":"","format":"standard","meta":{"_bbp_topic_count":0,"_bbp_reply_count":0,"_bbp_total_topic_count":0,"_bbp_total_reply_count":0,"_bbp_voice_count":0,"_bbp_anonymous_reply_count":0,"_bbp_topic_count_hidden":0,"_bbp_reply_count_hidden":0,"_bbp_forum_subforum_count":0,"site-sidebar-layout":"default","site-content-layout":"","ast-site-content-layout":"","site-content-style":"default","site-sidebar-style":"default","ast-global-header-display":"","ast-banner-title-visibility":"","ast-main-header-display":"","ast-hfb-above-header-display":"","ast-hfb-below-header-display":"","ast-hfb-mobile-header-display":"","site-post-title":"","ast-breadcrumbs-content":"","ast-featured-img":"","footer-sml-layout":"","theme-transparent-header-meta":"","adv-header-id-meta":"","stick-header-meta":"","header-above-stick-meta":"","header-main-stick-meta":"","header-below-stick-meta":"","astra-migrate-meta-layouts":"default","ast-page-background-enabled":"default","ast-page-background-meta":{"desktop":{"background-color":"var(--ast-global-color-4)","background-image":"","background-repeat":"repeat","background-position":"center center","background-size":"auto","background-attachment":"scroll","background-type":"","background-media":"","overlay-type":"","overlay-color":"","overlay-opacity":"","overlay-gradient":""},"tablet":{"background-color":"","background-image":"","background-repeat":"repeat","background-position":"center center","background-size":"auto","background-attachment":"scroll","background-type":"","background-media":"","overlay-type":"","overlay-color":"","overlay-opacity":"","overlay-gradient":""},"mobile":{"background-color":"","background-image":"","background-repeat":"repeat","background-position":"center center","background-size":"auto","background-attachment":"scroll","background-type":"","background-media":"","overlay-type":"","overlay-color":"","overlay-opacity":"","overlay-gradient":""}},"ast-content-background-meta":{"desktop":{"background-color":"var(--ast-global-color-5)","background-image":"","background-repeat":"repeat","background-position":"center center","background-size":"auto","background-attachment":"scroll","background-type":"","background-media":"","overlay-type":"","overlay-color":"","overlay-opacity":"","overlay-gradient":""},"tablet":{"background-color":"var(--ast-global-color-5)","background-image":"","background-repeat":"repeat","background-position":"center center","background-size":"auto","background-attachment":"scroll","background-type":"","background-media":"","overlay-type":"","overlay-color":"","overlay-opacity":"","overlay-gradient":""},"mobile":{"background-color":"var(--ast-global-color-5)","background-image":"","background-repeat":"repeat","background-position":"center center","background-size":"auto","background-attachment":"scroll","background-type":"","background-media":"","overlay-type":"","overlay-color":"","overlay-opacity":"","overlay-gradient":""}},"footnotes":""},"categories":[111,31,471],"tags":[],"class_list":["post-4824","post","type-post","status-publish","format-standard","hentry","category-2014-15","category-afa","category-noticies-afa"],"post_mailing_queue_ids":[],"_links":{"self":[{"href":"https:\/\/agora.xtec.cat\/ielesvinyes\/wp-json\/wp\/v2\/posts\/4824","targetHints":{"allow":["GET"]}}],"collection":[{"href":"https:\/\/agora.xtec.cat\/ielesvinyes\/wp-json\/wp\/v2\/posts"}],"about":[{"href":"https:\/\/agora.xtec.cat\/ielesvinyes\/wp-json\/wp\/v2\/types\/post"}],"author":[{"embeddable":true,"href":"https:\/\/agora.xtec.cat\/ielesvinyes\/wp-json\/wp\/v2\/users\/52"}],"replies":[{"embeddable":true,"href":"https:\/\/agora.xtec.cat\/ielesvinyes\/wp-json\/wp\/v2\/comments?post=4824"}],"version-history":[{"count":1,"href":"https:\/\/agora.xtec.cat\/ielesvinyes\/wp-json\/wp\/v2\/posts\/4824\/revisions"}],"predecessor-version":[{"id":6197,"href":"https:\/\/agora.xtec.cat\/ielesvinyes\/wp-json\/wp\/v2\/posts\/4824\/revisions\/6197"}],"wp:attachment":[{"href":"https:\/\/agora.xtec.cat\/ielesvinyes\/wp-json\/wp\/v2\/media?parent=4824"}],"wp:term":[{"taxonomy":"category","embeddable":true,"href":"https:\/\/agora.xtec.cat\/ielesvinyes\/wp-json\/wp\/v2\/categories?post=4824"},{"taxonomy":"post_tag","embeddable":true,"href":"https:\/\/agora.xtec.cat\/ielesvinyes\/wp-json\/wp\/v2\/tags?post=4824"}],"curies":[{"name":"wp","href":"https:\/\/api.w.org\/{rel}","templated":true}]}}