{"id":4820,"date":"2013-10-31T23:05:21","date_gmt":"2013-10-31T22:05:21","guid":{"rendered":"http:\/\/ampa.ielesvinyes.net\/stage1\/?p=1465"},"modified":"2020-03-05T19:53:44","modified_gmt":"2020-03-05T18:53:44","slug":"castanyada-i-cocreacio","status":"publish","type":"post","link":"https:\/\/agora.xtec.cat\/ielesvinyes\/afa\/castanyada-i-cocreacio\/","title":{"rendered":"Castanyada i Cocreaci\u00f3"},"content":{"rendered":"<p style=\"text-align: justify;\">Ahir est\u00e0vem convocats tots els membres de la Comunitat Educativa per celebrar la festa de la Castanyada i per encetar el projecte conjunt d&#8217;aquest curs.<\/p>\n<p style=\"text-align: justify;\">Vam ser rebuts a ritme de batucada!<\/p>\n<p style=\"text-align: justify;\"><img loading=\"lazy\" decoding=\"async\" class=\" size-full wp-image-1468 aligncenter\" src=\"http:\/\/ampa.ielesvinyes.net\/stage1\/wp-content\/uploads\/2015\/03\/P1220114.jpg\" alt=\"P1220114\" width=\"547\" height=\"411\" \/><\/p>\n<p style=\"text-align: justify;\">I abans de que l&#8217;Equip Directiu ens expliqu\u00e9s quin projecte ens tenien preparat per aquest curs, vam agafar forces per rebre-ho&#8230;<\/p>\n<p style=\"text-align: justify;\"><img loading=\"lazy\" decoding=\"async\" class=\" size-full wp-image-1466 aligncenter\" src=\"http:\/\/ampa.ielesvinyes.net\/stage1\/wp-content\/uploads\/2015\/03\/P1220105.jpg\" alt=\"P1220105\" width=\"547\" height=\"411\" \/><\/p>\n<p style=\"text-align: justify;\">Per poder posar en marxa el projecte de &#8220;CoCreacio del Patis&#8221;, ens van demanar col\u00b7laboraci\u00f3 en:<\/p>\n<ul>\n<li style=\"text-align: justify;\">Votaci\u00f3 del nom del projecte: Els alumnes d&#8217;ESO van fer un munt de propostes<\/li>\n<li style=\"text-align: justify;\">Votaci\u00f3 del logo: Tamb\u00e9 fets pels alumnes d&#8217;ESO<\/li>\n<li style=\"text-align: justify;\">Dibuixos de patis somiats\u00a0i\u00a0patis recordats<\/li>\n<\/ul>\n<p><img loading=\"lazy\" decoding=\"async\" class=\" size-full wp-image-1469 aligncenter\" src=\"http:\/\/ampa.ielesvinyes.net\/stage1\/wp-content\/uploads\/2015\/03\/P1220139.jpg\" alt=\"P1220139\" width=\"547\" height=\"411\" \/><\/p>\n<p>En breu coneixerem el nom d&#8217;aquest projecte. Encara s&#8217;ha de fer recompte&#8230;.<\/p>\n<p>Podeu veure m\u00e9s fotos d&#8217;aquest dia clican&#8217;t el seg\u00fcent enlla\u00e7 \u00a0<b><strong><a href=\"https:\/\/www.flickr.com\/photos\/ielesvinyes\/sets\/72157637171059663\/\" target=\"_blank\" rel=\"noopener noreferrer\"><img loading=\"lazy\" decoding=\"async\" class=\"  wp-image-1043 alignnone\" src=\"http:\/\/ampa.ielesvinyes.net\/stage1\/wp-content\/uploads\/2012\/02\/external-link-98445_640.png\" alt=\"external-link-98445_640\" width=\"23\" height=\"25\" \/><\/a><\/strong><\/b><\/p>\n<h4><span style=\"color: #ff6600;\">Us agra\u00efm la gran acollida que va tenir l&#8217;esdeveniment!<\/span><\/h4>\n","protected":false},"excerpt":{"rendered":"<p>Ahir est\u00e0vem convocats tots els membres de la Comunitat Educativa per celebrar la festa de la Castanyada i per encetar el projecte conjunt d&#8217;aquest curs. Vam ser rebuts a ritme de batucada! I abans de que l&#8217;Equip Directiu ens expliqu\u00e9s quin projecte ens tenien preparat per aquest curs, vam agafar forces per rebre-ho&#8230; Per poder [&hellip;]<\/p>\n","protected":false},"author":52,"featured_media":0,"comment_status":"open","ping_status":"closed","sticky":false,"template":"","format":"standard","meta":{"_bbp_topic_count":0,"_bbp_reply_count":0,"_bbp_total_topic_count":0,"_bbp_total_reply_count":0,"_bbp_voice_count":0,"_bbp_anonymous_reply_count":0,"_bbp_topic_count_hidden":0,"_bbp_reply_count_hidden":0,"_bbp_forum_subforum_count":0,"site-sidebar-layout":"default","site-content-layout":"","ast-site-content-layout":"","site-content-style":"default","site-sidebar-style":"default","ast-global-header-display":"","ast-banner-title-visibility":"","ast-main-header-display":"","ast-hfb-above-header-display":"","ast-hfb-below-header-display":"","ast-hfb-mobile-header-display":"","site-post-title":"","ast-breadcrumbs-content":"","ast-featured-img":"","footer-sml-layout":"","theme-transparent-header-meta":"","adv-header-id-meta":"","stick-header-meta":"","header-above-stick-meta":"","header-main-stick-meta":"","header-below-stick-meta":"","astra-migrate-meta-layouts":"default","ast-page-background-enabled":"default","ast-page-background-meta":{"desktop":{"background-color":"var(--ast-global-color-4)","background-image":"","background-repeat":"repeat","background-position":"center center","background-size":"auto","background-attachment":"scroll","background-type":"","background-media":"","overlay-type":"","overlay-color":"","overlay-opacity":"","overlay-gradient":""},"tablet":{"background-color":"","background-image":"","background-repeat":"repeat","background-position":"center center","background-size":"auto","background-attachment":"scroll","background-type":"","background-media":"","overlay-type":"","overlay-color":"","overlay-opacity":"","overlay-gradient":""},"mobile":{"background-color":"","background-image":"","background-repeat":"repeat","background-position":"center center","background-size":"auto","background-attachment":"scroll","background-type":"","background-media":"","overlay-type":"","overlay-color":"","overlay-opacity":"","overlay-gradient":""}},"ast-content-background-meta":{"desktop":{"background-color":"var(--ast-global-color-5)","background-image":"","background-repeat":"repeat","background-position":"center center","background-size":"auto","background-attachment":"scroll","background-type":"","background-media":"","overlay-type":"","overlay-color":"","overlay-opacity":"","overlay-gradient":""},"tablet":{"background-color":"var(--ast-global-color-5)","background-image":"","background-repeat":"repeat","background-position":"center center","background-size":"auto","background-attachment":"scroll","background-type":"","background-media":"","overlay-type":"","overlay-color":"","overlay-opacity":"","overlay-gradient":""},"mobile":{"background-color":"var(--ast-global-color-5)","background-image":"","background-repeat":"repeat","background-position":"center center","background-size":"auto","background-attachment":"scroll","background-type":"","background-media":"","overlay-type":"","overlay-color":"","overlay-opacity":"","overlay-gradient":""}},"footnotes":""},"categories":[110,31,471],"tags":[],"class_list":["post-4820","post","type-post","status-publish","format-standard","hentry","category-2013-14","category-afa","category-noticies-afa"],"post_mailing_queue_ids":[],"_links":{"self":[{"href":"https:\/\/agora.xtec.cat\/ielesvinyes\/wp-json\/wp\/v2\/posts\/4820","targetHints":{"allow":["GET"]}}],"collection":[{"href":"https:\/\/agora.xtec.cat\/ielesvinyes\/wp-json\/wp\/v2\/posts"}],"about":[{"href":"https:\/\/agora.xtec.cat\/ielesvinyes\/wp-json\/wp\/v2\/types\/post"}],"author":[{"embeddable":true,"href":"https:\/\/agora.xtec.cat\/ielesvinyes\/wp-json\/wp\/v2\/users\/52"}],"replies":[{"embeddable":true,"href":"https:\/\/agora.xtec.cat\/ielesvinyes\/wp-json\/wp\/v2\/comments?post=4820"}],"version-history":[{"count":1,"href":"https:\/\/agora.xtec.cat\/ielesvinyes\/wp-json\/wp\/v2\/posts\/4820\/revisions"}],"predecessor-version":[{"id":6221,"href":"https:\/\/agora.xtec.cat\/ielesvinyes\/wp-json\/wp\/v2\/posts\/4820\/revisions\/6221"}],"wp:attachment":[{"href":"https:\/\/agora.xtec.cat\/ielesvinyes\/wp-json\/wp\/v2\/media?parent=4820"}],"wp:term":[{"taxonomy":"category","embeddable":true,"href":"https:\/\/agora.xtec.cat\/ielesvinyes\/wp-json\/wp\/v2\/categories?post=4820"},{"taxonomy":"post_tag","embeddable":true,"href":"https:\/\/agora.xtec.cat\/ielesvinyes\/wp-json\/wp\/v2\/tags?post=4820"}],"curies":[{"name":"wp","href":"https:\/\/api.w.org\/{rel}","templated":true}]}}