{"id":4818,"date":"2013-10-25T09:24:10","date_gmt":"2013-10-25T07:24:10","guid":{"rendered":"http:\/\/ampa.ielesvinyes.net\/stage1\/?p=1362"},"modified":"2020-03-05T19:54:15","modified_gmt":"2020-03-05T18:54:15","slug":"castanyada-2013-cocreem-els-patis-de-les-vinyes","status":"publish","type":"post","link":"https:\/\/agora.xtec.cat\/ielesvinyes\/afa\/castanyada-2013-cocreem-els-patis-de-les-vinyes\/","title":{"rendered":"Castanyada 2013: Cocreem els patis de Les Vinyes?"},"content":{"rendered":"<p style=\"text-align: justify;\"><img loading=\"lazy\" decoding=\"async\" class=\" size-full wp-image-1364 aligncenter\" src=\"http:\/\/ampa.ielesvinyes.net\/stage1\/wp-content\/uploads\/2015\/02\/castan17.jpg\" alt=\"castan17\" width=\"415\" height=\"145\" \/>La celebraci\u00f3 de la Castanyada d&#8217;enguany, va acompanyada d&#8217;un nou projecte pensat per a tota la Comunitat Educativa (mestres, professors, alumnes i fam\u00edlies)<\/p>\n<p><strong>Volem millorar els patis de l\u2019Institut Escola!\u00a0<\/strong><\/p>\n<p style=\"text-align: justify;\">I \u00e9s per aix\u00f2 que us convidem\u00a0el proper\u00a0<strong id=\"yui_3_16_0_1_1425112071956_194557\">dia 31 d\u2019octubre, \u00a0de 16.30 h a 18 h,\u00a0<\/strong>al tret de sortida del projecte, la Fase Con\u00e8ixer,\u00a0una de les quatre fases programades.<\/p>\n<p id=\"yui_3_16_0_1_1425112071956_194563\" style=\"text-align: justify;\">A m\u00e9s a m\u00e9s, podreu tastar els panellets, castanyes i coques de tardor que les fam\u00edlies i els alumnes haurem preparat. Com que ja comencem a ser molts, l&#8217;AMPA complementar\u00e0 el berenar amb sucs i brioxos.<\/p>\n<p><strong>Us esperem!<\/strong><\/p>\n","protected":false},"excerpt":{"rendered":"<p>La celebraci\u00f3 de la Castanyada d&#8217;enguany, va acompanyada d&#8217;un nou projecte pensat per a tota la Comunitat Educativa (mestres, professors, alumnes i fam\u00edlies) Volem millorar els patis de l\u2019Institut Escola!\u00a0 I \u00e9s per aix\u00f2 que us convidem\u00a0el proper\u00a0dia 31 d\u2019octubre, \u00a0de 16.30 h a 18 h,\u00a0al tret de sortida del projecte, la Fase Con\u00e8ixer,\u00a0una de [&hellip;]<\/p>\n","protected":false},"author":52,"featured_media":0,"comment_status":"open","ping_status":"closed","sticky":false,"template":"","format":"standard","meta":{"_bbp_topic_count":0,"_bbp_reply_count":0,"_bbp_total_topic_count":0,"_bbp_total_reply_count":0,"_bbp_voice_count":0,"_bbp_anonymous_reply_count":0,"_bbp_topic_count_hidden":0,"_bbp_reply_count_hidden":0,"_bbp_forum_subforum_count":0,"site-sidebar-layout":"default","site-content-layout":"","ast-site-content-layout":"","site-content-style":"default","site-sidebar-style":"default","ast-global-header-display":"","ast-banner-title-visibility":"","ast-main-header-display":"","ast-hfb-above-header-display":"","ast-hfb-below-header-display":"","ast-hfb-mobile-header-display":"","site-post-title":"","ast-breadcrumbs-content":"","ast-featured-img":"","footer-sml-layout":"","theme-transparent-header-meta":"","adv-header-id-meta":"","stick-header-meta":"","header-above-stick-meta":"","header-main-stick-meta":"","header-below-stick-meta":"","astra-migrate-meta-layouts":"default","ast-page-background-enabled":"default","ast-page-background-meta":{"desktop":{"background-color":"var(--ast-global-color-4)","background-image":"","background-repeat":"repeat","background-position":"center center","background-size":"auto","background-attachment":"scroll","background-type":"","background-media":"","overlay-type":"","overlay-color":"","overlay-opacity":"","overlay-gradient":""},"tablet":{"background-color":"","background-image":"","background-repeat":"repeat","background-position":"center center","background-size":"auto","background-attachment":"scroll","background-type":"","background-media":"","overlay-type":"","overlay-color":"","overlay-opacity":"","overlay-gradient":""},"mobile":{"background-color":"","background-image":"","background-repeat":"repeat","background-position":"center center","background-size":"auto","background-attachment":"scroll","background-type":"","background-media":"","overlay-type":"","overlay-color":"","overlay-opacity":"","overlay-gradient":""}},"ast-content-background-meta":{"desktop":{"background-color":"var(--ast-global-color-5)","background-image":"","background-repeat":"repeat","background-position":"center center","background-size":"auto","background-attachment":"scroll","background-type":"","background-media":"","overlay-type":"","overlay-color":"","overlay-opacity":"","overlay-gradient":""},"tablet":{"background-color":"var(--ast-global-color-5)","background-image":"","background-repeat":"repeat","background-position":"center center","background-size":"auto","background-attachment":"scroll","background-type":"","background-media":"","overlay-type":"","overlay-color":"","overlay-opacity":"","overlay-gradient":""},"mobile":{"background-color":"var(--ast-global-color-5)","background-image":"","background-repeat":"repeat","background-position":"center center","background-size":"auto","background-attachment":"scroll","background-type":"","background-media":"","overlay-type":"","overlay-color":"","overlay-opacity":"","overlay-gradient":""}},"footnotes":""},"categories":[110,31,471],"tags":[],"class_list":["post-4818","post","type-post","status-publish","format-standard","hentry","category-2013-14","category-afa","category-noticies-afa"],"post_mailing_queue_ids":[],"_links":{"self":[{"href":"https:\/\/agora.xtec.cat\/ielesvinyes\/wp-json\/wp\/v2\/posts\/4818","targetHints":{"allow":["GET"]}}],"collection":[{"href":"https:\/\/agora.xtec.cat\/ielesvinyes\/wp-json\/wp\/v2\/posts"}],"about":[{"href":"https:\/\/agora.xtec.cat\/ielesvinyes\/wp-json\/wp\/v2\/types\/post"}],"author":[{"embeddable":true,"href":"https:\/\/agora.xtec.cat\/ielesvinyes\/wp-json\/wp\/v2\/users\/52"}],"replies":[{"embeddable":true,"href":"https:\/\/agora.xtec.cat\/ielesvinyes\/wp-json\/wp\/v2\/comments?post=4818"}],"version-history":[{"count":1,"href":"https:\/\/agora.xtec.cat\/ielesvinyes\/wp-json\/wp\/v2\/posts\/4818\/revisions"}],"predecessor-version":[{"id":6222,"href":"https:\/\/agora.xtec.cat\/ielesvinyes\/wp-json\/wp\/v2\/posts\/4818\/revisions\/6222"}],"wp:attachment":[{"href":"https:\/\/agora.xtec.cat\/ielesvinyes\/wp-json\/wp\/v2\/media?parent=4818"}],"wp:term":[{"taxonomy":"category","embeddable":true,"href":"https:\/\/agora.xtec.cat\/ielesvinyes\/wp-json\/wp\/v2\/categories?post=4818"},{"taxonomy":"post_tag","embeddable":true,"href":"https:\/\/agora.xtec.cat\/ielesvinyes\/wp-json\/wp\/v2\/tags?post=4818"}],"curies":[{"name":"wp","href":"https:\/\/api.w.org\/{rel}","templated":true}]}}