{"id":4812,"date":"2012-12-04T09:04:30","date_gmt":"2012-12-04T08:04:30","guid":{"rendered":"http:\/\/ampa.ielesvinyes.net\/stage1\/?p=358"},"modified":"2020-03-05T19:40:12","modified_gmt":"2020-03-05T18:40:12","slug":"sorteig-de-nadal","status":"publish","type":"post","link":"https:\/\/agora.xtec.cat\/ielesvinyes\/afa\/sorteig-de-nadal\/","title":{"rendered":"Sorteig de Nadal"},"content":{"rendered":"<p style=\"text-align: center;\"><a href=\"http:\/\/ampa.ielesvinyes.net\/stage1\/wp-content\/uploads\/2012\/12\/nadal.jpg\"><img loading=\"lazy\" decoding=\"async\" class=\"alignleft  wp-image-363\" title=\"Sorteig de Nadal\" src=\"http:\/\/ampa.ielesvinyes.net\/stage1\/wp-content\/uploads\/2012\/12\/nadal-300x283.jpg\" alt=\"\" width=\"180\" height=\"170\" \/><\/a><strong>SORTEIG DE NADAL &#8217;12-&#8217;13, un sorteig amb valor social<\/strong>.<\/p>\n<p style=\"text-align: justify;\">Un any m\u00e9s, arriba el Nadal i, amb ell&#8230; el sorteig m\u00e9s esperat de la temporada!!<\/p>\n<p style=\"text-align: justify;\">En aquesta ocasi\u00f3, des de l&#8217;AMPA, us demanem a totes les fam\u00edlies, el vostre esfor\u00e7, col\u00b7laboraci\u00f3 i, sobretot, solidaritat.<\/p>\n<p style=\"text-align: justify;\">Com veieu, hem anomenat el sorteig de Nadal, <span style=\"text-decoration: underline;\">un sorteig amb valor social<\/span>. I \u00e9s aix\u00ed perqu\u00e8 el premi gros del sorteig de Nadal, <strong>una gran panera amb productes artesanals<\/strong>, estar\u00e0 elaborada per l&#8217;associaci\u00f3 ALBA, que s&#8217;esfor\u00e7a per millorar la qualitat de vida de les persones amb discapacitat. D&#8217;altra banda, el segon premi ser\u00e0 una <strong>Tablet<\/strong>\u00a0amb els darrers aven\u00e7os tecnol\u00f2gics, per gaudir de bones estones de lleure en fam\u00edlia.<\/p>\n<p style=\"text-align: justify;\">Donat que enguany hem crescut en alumnes i s\u00f3n m\u00e9s les fam\u00edlies que s&#8217;han incorporat a la nostra escola, hem doblat el nombre de participacions en el sorteig. Aix\u00f2 vol dir tamb\u00e9 que, si entre tots hi ha una bona acollida i predisposici\u00f3, els guanys tamb\u00e9 seran el doble de l&#8217;any passat&#8230; i m\u00e9s gran ser\u00e0 la nostra aportaci\u00f3 econ\u00f2mica al centre!<\/p>\n<p style=\"text-align: justify;\">Es posaran a la venda<strong> 200 talonaris de 10 butlletes cadascun, a preu de 2,5 euros la butlleta<\/strong> (cada talonari, doncs, 25 euros).<\/p>\n<p style=\"text-align: justify;\"><strong>A partir del dia 21 de novembre<\/strong> podreu passar a recollir els vostres talonaris, personalment o autoritzant el vostre fill (nom\u00e9s pels alumnes d&#8217;ESO, descarrega l&#8217;autoritzaci\u00f3), per fer-ho.<\/p>\n<p style=\"text-align: justify;\">Venda dels talonaris: posar-se en contacte amb la Barbara i l&#8217;Eva per sol\u00b7licitar el talonari.<\/p>\n<p style=\"text-align: justify;\">Si els talonaris no s\u00f3n abonats en el moment de l&#8217;entrega s&#8217;hauran d&#8217;abonar com a m\u00e0xim el <strong><span style=\"color: #ff0000;\">19 de desembre 2012<\/span><\/strong>. Qualsevol butlleta no abonada en aquesta data, ser\u00e0 considerada nul\u00b7la.<\/p>\n<p style=\"text-align: justify;\">Horaris de<strong> recollida de diners el 19\/12\/12 de 9:00\u00a0a\u00a09:30h i de\u00a016:30a\u00a017:00h<\/strong>. A continuaci\u00f3 us especifiquem el contingut de la panera i les caracter\u00edstiques de la Tablet. Animeu-vos!<\/p>\n<p style=\"text-align: justify;\">El Nadal est\u00e0 aqu\u00ed i ens mereixem gaudir dels millors desitjos!!<\/p>\n<p style=\"text-align: justify;\"><span style=\"color: #ff6600;\">UNA PANERA<\/span>, amb valor social (Premiat en cas de coincidir les quatre xifres de la butlleta amb els quatre \u00faltims n\u00fameros del primer premi del sorteig del 22 de desembre de 2012).<\/p>\n<p style=\"text-align: justify;\"><img loading=\"lazy\" decoding=\"async\" class=\"alignleft  wp-image-1394\" src=\"http:\/\/ampa.ielesvinyes.net\/stage1\/wp-content\/uploads\/2012\/12\/Panera.jpg\" alt=\"Panera\" width=\"299\" height=\"224\" \/>Contingut &#8220;Associaci\u00f3 Alba&#8221;: Vi Blanc, Vi negre, Cava L&#8217;Olivera; D.O. Costers del Segre, Oli 100% Arbequina, Cubanos, Neules i Cubanitos de xocolata, Cervesa, Torr\u00f3 de Crema cremada, Formatge suau de vaca, Olives arbequines, Bloc de foie Gras, Bombons, Mel, Galetes salades, Parmes\u00e0, Pernil casol\u00e0, Melmelada, Gerds de Xocolata, Pack 3 unitats de Vinagres, Ceps deshidratats, Te verd de menta, Caf\u00e8.<\/p>\n<p style=\"text-align: justify;\"><strong>El claustre de\u00a0Les Vinyes\u00a0ha volgut col\u00b7laborar, completant la panera amb una paleta de pernil ib\u00e8ric. Molt\u00edssimes gr\u00e0cies!!!<\/strong><\/p>\n<p style=\"text-align: justify;\"><em><span style=\"text-decoration: underline;\">Associaci\u00f3 ALBA:<\/span>\u00a0<\/em><em>Organitzaci\u00f3 sense afany de lucre, que treballa per a millorar la qualitat de vida de les persones amb discapacitat. Han seleccionat tot un seguit de productes que represente la nostra tradici\u00f3 aliment\u00e0ria artesana. S&#8217;han escollit tamb\u00e9 pel seu valor social, ja que en el proc\u00e9s d&#8217;elaboraci\u00f3 del producte hi participen i donen ocupaci\u00f3 a persones amb discapacitat o risc d&#8217;exclusi\u00f3 social.\u00a0<\/em><\/p>\n<p style=\"text-align: justify;\"><span style=\"color: #ff6600;\">UNA TABLET<\/span> (Premiat en cas de coincidir les quatre xifres de la butlleta amb els quatre \u00faltims n\u00fameros del primer premi del sorteig del 6 de gener de 2013).<\/p>\n<p style=\"text-align: center;\"><span style=\"color: #808080;\">SONY XPERIA<\/span><\/p>\n<p><img loading=\"lazy\" decoding=\"async\" class=\"alignleft  wp-image-1392\" src=\"http:\/\/ampa.ielesvinyes.net\/stage1\/wp-content\/uploads\/2012\/12\/sony-xperia-tablet-s.jpg\" alt=\"sony-xperia-tablet-s\" width=\"295\" height=\"157\" \/>Tablet S, s\u00e8rie SGPT12<br \/>\nProcessador: NVIDIA Tegra 3<br \/>\nProcessador m\u00f2bil \/ 1,3 Ghz<br \/>\nPantalla: 23&#8217;8 cm (9,4\u201d) 1280&#215;800<br \/>\nMem\u00f2ria total: 1 GB<br \/>\nCapacitat: 16 GB S.O. Android<\/p>\n","protected":false},"excerpt":{"rendered":"<p>SORTEIG DE NADAL &#8217;12-&#8217;13, un sorteig amb valor social. Un any m\u00e9s, arriba el Nadal i, amb ell&#8230; el sorteig m\u00e9s esperat de la temporada!! En aquesta ocasi\u00f3, des de l&#8217;AMPA, us demanem a totes les fam\u00edlies, el vostre esfor\u00e7, col\u00b7laboraci\u00f3 i, sobretot, solidaritat. Com veieu, hem anomenat el sorteig de Nadal, un sorteig amb [&hellip;]<\/p>\n","protected":false},"author":52,"featured_media":0,"comment_status":"open","ping_status":"open","sticky":false,"template":"","format":"standard","meta":{"_bbp_topic_count":0,"_bbp_reply_count":0,"_bbp_total_topic_count":0,"_bbp_total_reply_count":0,"_bbp_voice_count":0,"_bbp_anonymous_reply_count":0,"_bbp_topic_count_hidden":0,"_bbp_reply_count_hidden":0,"_bbp_forum_subforum_count":0,"site-sidebar-layout":"default","site-content-layout":"","ast-site-content-layout":"","site-content-style":"default","site-sidebar-style":"default","ast-global-header-display":"","ast-banner-title-visibility":"","ast-main-header-display":"","ast-hfb-above-header-display":"","ast-hfb-below-header-display":"","ast-hfb-mobile-header-display":"","site-post-title":"","ast-breadcrumbs-content":"","ast-featured-img":"","footer-sml-layout":"","theme-transparent-header-meta":"","adv-header-id-meta":"","stick-header-meta":"","header-above-stick-meta":"","header-main-stick-meta":"","header-below-stick-meta":"","astra-migrate-meta-layouts":"default","ast-page-background-enabled":"default","ast-page-background-meta":{"desktop":{"background-color":"var(--ast-global-color-4)","background-image":"","background-repeat":"repeat","background-position":"center center","background-size":"auto","background-attachment":"scroll","background-type":"","background-media":"","overlay-type":"","overlay-color":"","overlay-opacity":"","overlay-gradient":""},"tablet":{"background-color":"","background-image":"","background-repeat":"repeat","background-position":"center center","background-size":"auto","background-attachment":"scroll","background-type":"","background-media":"","overlay-type":"","overlay-color":"","overlay-opacity":"","overlay-gradient":""},"mobile":{"background-color":"","background-image":"","background-repeat":"repeat","background-position":"center center","background-size":"auto","background-attachment":"scroll","background-type":"","background-media":"","overlay-type":"","overlay-color":"","overlay-opacity":"","overlay-gradient":""}},"ast-content-background-meta":{"desktop":{"background-color":"var(--ast-global-color-5)","background-image":"","background-repeat":"repeat","background-position":"center center","background-size":"auto","background-attachment":"scroll","background-type":"","background-media":"","overlay-type":"","overlay-color":"","overlay-opacity":"","overlay-gradient":""},"tablet":{"background-color":"var(--ast-global-color-5)","background-image":"","background-repeat":"repeat","background-position":"center center","background-size":"auto","background-attachment":"scroll","background-type":"","background-media":"","overlay-type":"","overlay-color":"","overlay-opacity":"","overlay-gradient":""},"mobile":{"background-color":"var(--ast-global-color-5)","background-image":"","background-repeat":"repeat","background-position":"center center","background-size":"auto","background-attachment":"scroll","background-type":"","background-media":"","overlay-type":"","overlay-color":"","overlay-opacity":"","overlay-gradient":""}},"footnotes":""},"categories":[31,471],"tags":[],"class_list":["post-4812","post","type-post","status-publish","format-standard","hentry","category-afa","category-noticies-afa"],"post_mailing_queue_ids":[],"_links":{"self":[{"href":"https:\/\/agora.xtec.cat\/ielesvinyes\/wp-json\/wp\/v2\/posts\/4812","targetHints":{"allow":["GET"]}}],"collection":[{"href":"https:\/\/agora.xtec.cat\/ielesvinyes\/wp-json\/wp\/v2\/posts"}],"about":[{"href":"https:\/\/agora.xtec.cat\/ielesvinyes\/wp-json\/wp\/v2\/types\/post"}],"author":[{"embeddable":true,"href":"https:\/\/agora.xtec.cat\/ielesvinyes\/wp-json\/wp\/v2\/users\/52"}],"replies":[{"embeddable":true,"href":"https:\/\/agora.xtec.cat\/ielesvinyes\/wp-json\/wp\/v2\/comments?post=4812"}],"version-history":[{"count":1,"href":"https:\/\/agora.xtec.cat\/ielesvinyes\/wp-json\/wp\/v2\/posts\/4812\/revisions"}],"predecessor-version":[{"id":5458,"href":"https:\/\/agora.xtec.cat\/ielesvinyes\/wp-json\/wp\/v2\/posts\/4812\/revisions\/5458"}],"wp:attachment":[{"href":"https:\/\/agora.xtec.cat\/ielesvinyes\/wp-json\/wp\/v2\/media?parent=4812"}],"wp:term":[{"taxonomy":"category","embeddable":true,"href":"https:\/\/agora.xtec.cat\/ielesvinyes\/wp-json\/wp\/v2\/categories?post=4812"},{"taxonomy":"post_tag","embeddable":true,"href":"https:\/\/agora.xtec.cat\/ielesvinyes\/wp-json\/wp\/v2\/tags?post=4812"}],"curies":[{"name":"wp","href":"https:\/\/api.w.org\/{rel}","templated":true}]}}