{"id":468,"date":"2013-03-08T10:52:23","date_gmt":"2013-03-08T09:52:23","guid":{"rendered":"http:\/\/ampa.ielesvinyes.net\/stage1\/?p=468"},"modified":"2022-09-28T07:05:53","modified_gmt":"2022-09-28T05:05:53","slug":"mareagrogad10","status":"publish","type":"post","link":"https:\/\/agora.xtec.cat\/ielesvinyes\/afa\/mareagrogad10\/","title":{"rendered":"Comunicat @MareaGroga"},"content":{"rendered":"<p style=\"text-align: justify;\"><a href=\"http:\/\/ampa.ielesvinyes.net\/stage1\/wp-content\/uploads\/2013\/03\/mareagroga.png\"><img loading=\"lazy\" decoding=\"async\" class=\"alignleft size-thumbnail wp-image-469\" src=\"http:\/\/ampa.ielesvinyes.net\/stage1\/wp-content\/uploads\/2013\/03\/mareagroga-150x150.png\" alt=\"mareagroga\" width=\"150\" height=\"150\" \/><\/a><\/p>\n<p style=\"text-align: justify;\"><em>Des de @MareaGroga convoquem al conjunt de la comunitat educativa a manifestar-se el proper <strong>diumenge 10 de mar\u00e7<\/strong> contra les retallades i les privatitzacions, contra l\u2019atur i la corrupci\u00f3.<\/em><\/p>\n<p style=\"text-align: justify;\"><em>En\u00a0\u00a0els\u00a0\u00a0\u00a0darrers\u00a0\u00a0anys,\u00a0\u00a0\u00a0i\u00a0\u00a0utilitzant\u00a0\u00a0com\u00a0\u00a0\u00a0a\u00a0\u00a0justificaci\u00f3\u00a0\u00a0la\u00a0\u00a0\u00a0crisi\u00a0\u00a0\u00a0econ\u00f2mica provocada\u00a0\u00a0per l\u2019especulaci\u00f3,\u00a0\u00a0el\u00a0\u00a0frau\u00a0\u00a0i\u00a0\u00a0l\u2019avar\u00edcia\u00a0\u00a0dels\u00a0\u00a0\u00a0m\u00e9s\u00a0\u00a0\u00a0poderosos,\u00a0\u00a0els diferents\u00a0\u00a0governs\u00a0\u00a0(municipal, auton\u00f2mic i estatal) han anat desmantellant l\u2019estat del benestar i els serveis p\u00fablics. Volen convertir l&#8217;educaci\u00f3 en una mercaderia al servei d&#8217;uns pocs<\/em><\/p>\n<p style=\"text-align: justify;\"><em>L\u2019educaci\u00f3 i la sanitat han\u00a0\u00a0passat de ser drets fonamentals de ciutadania a servei que es poden reduir o privatitzar.<\/em><\/p>\n<p style=\"text-align: center;\"><em>\u00a0<\/em><em><span style=\"color: #cc0000; font-size: large;\" data-mce-mark=\"1\"><b>Hem de dir PROU!! Hi ha alternatives!!<\/b><\/span><\/em><\/p>\n<p style=\"text-align: justify;\"><em>\u00a0<\/em><em>No ho podem permetre. \u00c9s temps de lluita, de resposta i d\u2019uni\u00f3 entre tots i totes: fam\u00edlies, docents, professionals de l\u2019educaci\u00f3, estudiants, treballadors\/es, jubilats\/es, ve\u00efns\/es, treballadors aut\u00f2noms, organitzacions, plataformes, moviments, marees&#8230; En definitiva, tota la ciutadania i tota la classe treballadora.<\/em><\/p>\n<p style=\"text-align: justify;\"><em>Des de @MareaGroga us animem a sumar-vos a la\u00a0\u00a0manifestaci\u00f3, i fem una crida a tota la comunitat educativa ciutadania a omplir els carrers el diumenge 10 de Mar\u00e7 sota el lema:<\/em><\/p>\n<p align=\"center\"><span style=\"color: #cc0000; font-size: large;\"><b>CONTRA L&#8217;ATUR I LA CORRUPCI\u00d3.<\/b><\/span><\/p>\n<p align=\"center\"><span style=\"font-size: large;\"><b><span style=\"color: #cc0000;\">NI PRIVATITZACIONS NI RETALLADES<\/span><\/b><span style=\"color: #222222;\">.<\/span><\/span><\/p>\n<p style=\"text-align: center;\"><b><span style=\"font-size: x-large;\">Diumenge 10 de Mar\u00e7, 12 hores \u2013 Manifestacions<\/span><\/b><\/p>\n<p style=\"text-align: justify;\"><span style=\"font-size: large;\">\u00a0<\/span>Tots i totes hem d&#8217;omplir de nou els carrers:\u00a0\u00a0Contra l&#8217;atur i\u00a0\u00a0la corrupci\u00f3. Contra les retallades i les privatitzacions..<\/p>\n<ul>\n<li><b>A\u00a0Barcelona:\u00a0COLUMNA d&#8217;EDUCACI\u00d3 a BARCELONA: a les 12h a Pg. de Gr\u00e0cia \/ Casp<\/b><\/li>\n<li><b>A\u00a0Girona, tamb\u00e9 a les 12 h, des de la pla\u00e7a de la Independ\u00e8ncia.<\/b><\/li>\n<li><b>A\u00a0Tortosa, a les 12 h, a l&#8217;edifici dels Sindicats.<\/b><\/li>\n<li><b>A\u00a0Lleida, a les 12 h, a l&#8217;avinguda de Madrid-Pont de la Universitat.<\/b><\/li>\n<\/ul>\n","protected":false},"excerpt":{"rendered":"<p>Des de @MareaGroga convoquem al conjunt de la comunitat educativa a manifestar-se el proper diumenge 10 de mar\u00e7 contra les retallades i les privatitzacions, contra l\u2019atur i la corrupci\u00f3. En\u00a0\u00a0els\u00a0\u00a0\u00a0darrers\u00a0\u00a0anys,\u00a0\u00a0\u00a0i\u00a0\u00a0utilitzant\u00a0\u00a0com\u00a0\u00a0\u00a0a\u00a0\u00a0justificaci\u00f3\u00a0\u00a0la\u00a0\u00a0\u00a0crisi\u00a0\u00a0\u00a0econ\u00f2mica provocada\u00a0\u00a0per l\u2019especulaci\u00f3,\u00a0\u00a0el\u00a0\u00a0frau\u00a0\u00a0i\u00a0\u00a0l\u2019avar\u00edcia\u00a0\u00a0dels\u00a0\u00a0\u00a0m\u00e9s\u00a0\u00a0\u00a0poderosos,\u00a0\u00a0els diferents\u00a0\u00a0governs\u00a0\u00a0(municipal, auton\u00f2mic i estatal) han anat desmantellant l\u2019estat del benestar i els serveis p\u00fablics. Volen convertir l&#8217;educaci\u00f3 en una mercaderia al servei d&#8217;uns [&hellip;]<\/p>\n","protected":false},"author":52,"featured_media":0,"comment_status":"open","ping_status":"closed","sticky":false,"template":"","format":"standard","meta":{"_bbp_topic_count":0,"_bbp_reply_count":0,"_bbp_total_topic_count":0,"_bbp_total_reply_count":0,"_bbp_voice_count":0,"_bbp_anonymous_reply_count":0,"_bbp_topic_count_hidden":0,"_bbp_reply_count_hidden":0,"_bbp_forum_subforum_count":0,"site-sidebar-layout":"default","site-content-layout":"","ast-site-content-layout":"","site-content-style":"default","site-sidebar-style":"default","ast-global-header-display":"","ast-banner-title-visibility":"","ast-main-header-display":"","ast-hfb-above-header-display":"","ast-hfb-below-header-display":"","ast-hfb-mobile-header-display":"","site-post-title":"","ast-breadcrumbs-content":"","ast-featured-img":"","footer-sml-layout":"","theme-transparent-header-meta":"","adv-header-id-meta":"","stick-header-meta":"","header-above-stick-meta":"","header-main-stick-meta":"","header-below-stick-meta":"","astra-migrate-meta-layouts":"default","ast-page-background-enabled":"default","ast-page-background-meta":{"desktop":{"background-color":"var(--ast-global-color-4)","background-image":"","background-repeat":"repeat","background-position":"center center","background-size":"auto","background-attachment":"scroll","background-type":"","background-media":"","overlay-type":"","overlay-color":"","overlay-opacity":"","overlay-gradient":""},"tablet":{"background-color":"","background-image":"","background-repeat":"repeat","background-position":"center center","background-size":"auto","background-attachment":"scroll","background-type":"","background-media":"","overlay-type":"","overlay-color":"","overlay-opacity":"","overlay-gradient":""},"mobile":{"background-color":"","background-image":"","background-repeat":"repeat","background-position":"center center","background-size":"auto","background-attachment":"scroll","background-type":"","background-media":"","overlay-type":"","overlay-color":"","overlay-opacity":"","overlay-gradient":""}},"ast-content-background-meta":{"desktop":{"background-color":"var(--ast-global-color-5)","background-image":"","background-repeat":"repeat","background-position":"center center","background-size":"auto","background-attachment":"scroll","background-type":"","background-media":"","overlay-type":"","overlay-color":"","overlay-opacity":"","overlay-gradient":""},"tablet":{"background-color":"var(--ast-global-color-5)","background-image":"","background-repeat":"repeat","background-position":"center center","background-size":"auto","background-attachment":"scroll","background-type":"","background-media":"","overlay-type":"","overlay-color":"","overlay-opacity":"","overlay-gradient":""},"mobile":{"background-color":"var(--ast-global-color-5)","background-image":"","background-repeat":"repeat","background-position":"center center","background-size":"auto","background-attachment":"scroll","background-type":"","background-media":"","overlay-type":"","overlay-color":"","overlay-opacity":"","overlay-gradient":""}},"footnotes":""},"categories":[109,31,471],"tags":[],"class_list":["post-468","post","type-post","status-publish","format-standard","hentry","category-2012-13","category-afa","category-noticies-afa"],"post_mailing_queue_ids":[],"_links":{"self":[{"href":"https:\/\/agora.xtec.cat\/ielesvinyes\/wp-json\/wp\/v2\/posts\/468","targetHints":{"allow":["GET"]}}],"collection":[{"href":"https:\/\/agora.xtec.cat\/ielesvinyes\/wp-json\/wp\/v2\/posts"}],"about":[{"href":"https:\/\/agora.xtec.cat\/ielesvinyes\/wp-json\/wp\/v2\/types\/post"}],"author":[{"embeddable":true,"href":"https:\/\/agora.xtec.cat\/ielesvinyes\/wp-json\/wp\/v2\/users\/52"}],"replies":[{"embeddable":true,"href":"https:\/\/agora.xtec.cat\/ielesvinyes\/wp-json\/wp\/v2\/comments?post=468"}],"version-history":[{"count":1,"href":"https:\/\/agora.xtec.cat\/ielesvinyes\/wp-json\/wp\/v2\/posts\/468\/revisions"}],"predecessor-version":[{"id":6210,"href":"https:\/\/agora.xtec.cat\/ielesvinyes\/wp-json\/wp\/v2\/posts\/468\/revisions\/6210"}],"wp:attachment":[{"href":"https:\/\/agora.xtec.cat\/ielesvinyes\/wp-json\/wp\/v2\/media?parent=468"}],"wp:term":[{"taxonomy":"category","embeddable":true,"href":"https:\/\/agora.xtec.cat\/ielesvinyes\/wp-json\/wp\/v2\/categories?post=468"},{"taxonomy":"post_tag","embeddable":true,"href":"https:\/\/agora.xtec.cat\/ielesvinyes\/wp-json\/wp\/v2\/tags?post=468"}],"curies":[{"name":"wp","href":"https:\/\/api.w.org\/{rel}","templated":true}]}}