{"id":4286,"date":"2019-12-02T14:27:15","date_gmt":"2019-12-02T13:27:15","guid":{"rendered":"http:\/\/agora.xtec.cat\/ielesvinyes\/?p=4286"},"modified":"2019-12-03T09:55:55","modified_gmt":"2019-12-03T08:55:55","slug":"biblioteca-maria-beneyto","status":"publish","type":"post","link":"https:\/\/agora.xtec.cat\/ielesvinyes\/general\/biblioteca-maria-beneyto\/","title":{"rendered":"Biblioteca Maria Beneyto"},"content":{"rendered":"<p><b style=\"font-family: inherit; font-size: 1em;\">Maria Beneyto Antol\u00ed<\/b><\/p>\n<p><span style=\"font-weight: 400;\"><a href=\"https:\/\/agora.xtec.cat\/ielesvinyes\/wp-content\/uploads\/usu1433\/2019\/12\/20191127_1813582.jpg\"><img loading=\"lazy\" decoding=\"async\" class=\"wp-image-4288 alignright\" src=\"https:\/\/agora.xtec.cat\/ielesvinyes\/wp-content\/uploads\/usu1433\/2019\/12\/20191127_1813582-300x161.jpg\" alt=\"\" width=\"466\" height=\"250\" srcset=\"https:\/\/agora.xtec.cat\/ielesvinyes\/wp-content\/uploads\/usu1433\/2019\/12\/20191127_1813582-300x161.jpg 300w, https:\/\/agora.xtec.cat\/ielesvinyes\/wp-content\/uploads\/usu1433\/2019\/12\/20191127_1813582-768x413.jpg 768w, https:\/\/agora.xtec.cat\/ielesvinyes\/wp-content\/uploads\/usu1433\/2019\/12\/20191127_1813582-1024x551.jpg 1024w\" sizes=\"auto, (max-width: 466px) 100vw, 466px\" \/><\/a>La <strong>Maria Beneyto<\/strong>, va ser una de les primeres professores de l\u2019Institut-Escola Les Vinyes. El passat 23 d\u2019abril ens va deixar als 61 anys, degut al c\u00e0ncer contra el que va estar lluitant durant molt de temps.<\/span><\/p>\n<p><span style=\"font-weight: 400;\">La Maria va ser professora de llengua castellana i la que va donar vida a la biblioteca, omplint-la de llibres i alegria.<\/span><\/p>\n<p><b>L&#8217;acte de la biblioteca<\/b><b>\u00a0<\/b><\/p>\n<p><span style=\"font-weight: 400;\">Per aquest motiu, el passat 27 de novembre, l\u2019Institut-Escola Les Vinyes va posar-li el seu nom a la biblioteca: Maria Beneyto, en el seu honor i record.<\/span><\/p>\n<p><span style=\"font-weight: 400;\">L\u2019acte va ser molt bonic i emotiu. Van assistir-hi amics, familiars i alguns dels seus alumnes, participant en la lectura de petits fragments i poemes. Despr\u00e9s d\u2019aquest moment, \u00e9s va posar dos v\u00eddeos, un fet pels mateixos alumnes l\u2019any 2015, dedicat a la Maria, i una recopilaci\u00f3 d&#8217;imatges en que apareix la Maria durant el temps que va estar a Les Vinyes.<\/span><\/p>\n<table style=\"border-style: hidden;\" cellpadding=\"0\">\n<tbody>\n<tr>\n<td style=\"width: 586px;\"><iframe loading=\"lazy\" src=\"https:\/\/www.youtube.com\/embed\/_kxMa9GEu7k\" width=\"560\" height=\"315\" frameborder=\"0\" allowfullscreen=\"allowfullscreen\"><\/iframe><\/td>\n<td style=\"width: 594px;\"><iframe loading=\"lazy\" src=\"https:\/\/www.youtube.com\/embed\/ZRUAAzIlBIM\" width=\"560\" height=\"315\" frameborder=\"0\" allowfullscreen=\"allowfullscreen\"><\/iframe><\/td>\n<\/tr>\n<\/tbody>\n<\/table>\n<p><span style=\"font-weight: 400;\">Finalment, tots els alumnes, van llegir la carta de comiat que la Maria els va escriure, aquesta, quedar\u00e0 a la biblioteca per a la prosperitat i per recordar l\u2019ess\u00e8ncia \u00fanica de la Maria Beneyto i tot el que transmet amb les seves paraules.<\/span><\/p>\n<p><span style=\"font-weight: 400;\">\u00a0<a href=\"https:\/\/agora.xtec.cat\/ielesvinyes\/wp-content\/uploads\/usu1433\/2019\/12\/20191127_1844492.jpg\"><img loading=\"lazy\" decoding=\"async\" class=\"alignnone wp-image-4290 size-large\" src=\"https:\/\/agora.xtec.cat\/ielesvinyes\/wp-content\/uploads\/usu1433\/2019\/12\/20191127_1844492-1024x380.jpg\" alt=\"\" width=\"1024\" height=\"380\" srcset=\"https:\/\/agora.xtec.cat\/ielesvinyes\/wp-content\/uploads\/usu1433\/2019\/12\/20191127_1844492-1024x380.jpg 1024w, https:\/\/agora.xtec.cat\/ielesvinyes\/wp-content\/uploads\/usu1433\/2019\/12\/20191127_1844492-300x111.jpg 300w, https:\/\/agora.xtec.cat\/ielesvinyes\/wp-content\/uploads\/usu1433\/2019\/12\/20191127_1844492-768x285.jpg 768w\" sizes=\"auto, (max-width: 1024px) 100vw, 1024px\" \/><\/a><\/span><\/p>\n<p><span style=\"font-weight: 400;\">Al final de l\u2019acte vaig tenir la oportunitat de parlar amb una de les seves alumnes, per preguntar-li el que va significar la Maria per ella. A continuaci\u00f3, l\u2019entrevista a la Laia, que va estudiar a Les Vinyes des de l\u2019any 2011 fins al 2015.<\/span><\/p>\n<p><b style=\"font-family: inherit; font-size: 1em;\">Qu\u00e8 va significar per tu tenir a la Maria com a profe?<\/b><\/p>\n<blockquote><p><span style=\"font-weight: 400;\">Encara me\u2019n recordo del primer dia a classe quan ens repetia sense parar:\u00a0 \u201cAprofiteu b\u00e9 el temps aqu\u00ed, perqu\u00e8 <strong>esteu comen\u00e7ant un projecte extraordinari i quan torneu a obrir els ulls ja estareu construint el vostre futur<\/strong>.\u201d<\/span><\/p>\n<p><span style=\"font-weight: 400;\">Al principi no entenia molt b\u00e9 que volia dir, per\u00f2 despr\u00e9s amb els anys, ho vaig comen\u00e7ar a entendre, i quanta ra\u00f3 tenia. Crec que no hi havia res que digues que no fos veritat. <strong>Trobo a faltar els meus dies per l\u2019institut i totes les xerrades amb la Maria<\/strong>; em va ensenyar molt\u00edssimes coses, entre totes, tres de molt importants i significants per mi: la primera a estimar encara m\u00e9s els llibres, la segona a creure en mi mateixa i la tercera el saber gaudir de la vida.\u00a0<\/span><\/p>\n<p><span style=\"font-weight: 400;\"><strong>Tot el que vaig aprendre a Les Vinyes i els valors que m\u2019emporto els atribueix-ho a ella<\/strong>, perqu\u00e8 portava a dintre la vocaci\u00f3 d\u2019ensenyar i aprendre de tot i de tothom constantment.\u00a0<\/span><\/p>\n<p><span style=\"font-weight: 400;\">Tal com li vaig dir tantes vegades: \u201cVa ser un plaer immens coincidir amb ella i li agrair\u00e9 sempre tot el que ha aportat en aquesta meravellosa vida.\u201d\u00a0<\/span><\/p><\/blockquote>\n<p><b>Com descriuries a la Maria en una sola paraula?<\/b><span style=\"font-weight: 400;\">\u00a0<\/span><\/p>\n<blockquote><p><span style=\"font-weight: 400;\">\u00c9s dif\u00edcil utilitzar una sola paraula per descriure-la, la Maria sempre desprenia vitalitat all\u00e0 on anava i amb tot el que deia. Sempre que intercanvies qualsevol paraula amb ella et feia canviar la perspectiva de tot i encarar-ho de manera diferent. La bondat que <\/span><span style=\"font-weight: 400;\">transmitia<\/span><span style=\"font-weight: 400;\"> i que segueix transmitin \u00e9s incre\u00edble, hi ha poques persones que siguin capa\u00e7es de marcar tant, per\u00f2 ella ho va aconseguir des del primer moment.\u00a0<\/span><\/p>\n<p><span style=\"font-weight: 400;\">Els adjectius que la descriuen s\u00f3n tots positius, per\u00f2 em quedaria amb bondat i intel.lig\u00e8ncia, perqu\u00e8 tal com ens va repetir tants cops: <strong>\u201c<\/strong><\/span><strong><i>La bondad de las personas surge de la inteligencia, y esta, hay que curr\u00e1rsela<\/i><\/strong><span style=\"font-weight: 400;\"><strong>.\u201d<\/strong>\u00a0<\/span><\/p><\/blockquote>\n","protected":false},"excerpt":{"rendered":"<p>Aquest article es un homenatge a la Maria Beneyto, una professora que va marcar va la vida de les Vinyes<\/p>\n","protected":false},"author":35,"featured_media":4289,"comment_status":"open","ping_status":"closed","sticky":false,"template":"","format":"standard","meta":{"_bbp_topic_count":0,"_bbp_reply_count":0,"_bbp_total_topic_count":0,"_bbp_total_reply_count":0,"_bbp_voice_count":0,"_bbp_anonymous_reply_count":0,"_bbp_topic_count_hidden":0,"_bbp_reply_count_hidden":0,"_bbp_forum_subforum_count":0,"site-sidebar-layout":"default","site-content-layout":"","ast-site-content-layout":"","site-content-style":"default","site-sidebar-style":"default","ast-global-header-display":"","ast-banner-title-visibility":"","ast-main-header-display":"","ast-hfb-above-header-display":"","ast-hfb-below-header-display":"","ast-hfb-mobile-header-display":"","site-post-title":"","ast-breadcrumbs-content":"","ast-featured-img":"","footer-sml-layout":"","theme-transparent-header-meta":"","adv-header-id-meta":"","stick-header-meta":"","header-above-stick-meta":"","header-main-stick-meta":"","header-below-stick-meta":"","astra-migrate-meta-layouts":"default","ast-page-background-enabled":"default","ast-page-background-meta":{"desktop":{"background-color":"var(--ast-global-color-4)","background-image":"","background-repeat":"repeat","background-position":"center center","background-size":"auto","background-attachment":"scroll","background-type":"","background-media":"","overlay-type":"","overlay-color":"","overlay-opacity":"","overlay-gradient":""},"tablet":{"background-color":"","background-image":"","background-repeat":"repeat","background-position":"center center","background-size":"auto","background-attachment":"scroll","background-type":"","background-media":"","overlay-type":"","overlay-color":"","overlay-opacity":"","overlay-gradient":""},"mobile":{"background-color":"","background-image":"","background-repeat":"repeat","background-position":"center center","background-size":"auto","background-attachment":"scroll","background-type":"","background-media":"","overlay-type":"","overlay-color":"","overlay-opacity":"","overlay-gradient":""}},"ast-content-background-meta":{"desktop":{"background-color":"var(--ast-global-color-5)","background-image":"","background-repeat":"repeat","background-position":"center center","background-size":"auto","background-attachment":"scroll","background-type":"","background-media":"","overlay-type":"","overlay-color":"","overlay-opacity":"","overlay-gradient":""},"tablet":{"background-color":"var(--ast-global-color-5)","background-image":"","background-repeat":"repeat","background-position":"center center","background-size":"auto","background-attachment":"scroll","background-type":"","background-media":"","overlay-type":"","overlay-color":"","overlay-opacity":"","overlay-gradient":""},"mobile":{"background-color":"var(--ast-global-color-5)","background-image":"","background-repeat":"repeat","background-position":"center center","background-size":"auto","background-attachment":"scroll","background-type":"","background-media":"","overlay-type":"","overlay-color":"","overlay-opacity":"","overlay-gradient":""}},"footnotes":""},"categories":[1,29,414],"tags":[176,459,458,460],"class_list":["post-4286","post","type-post","status-publish","format-standard","has-post-thumbnail","hentry","category-general","category-portada","category-revista-la-verema","tag-biblioteca","tag-les-vinyes","tag-maria-beneyto","tag-professora"],"post_mailing_queue_ids":[],"_links":{"self":[{"href":"https:\/\/agora.xtec.cat\/ielesvinyes\/wp-json\/wp\/v2\/posts\/4286","targetHints":{"allow":["GET"]}}],"collection":[{"href":"https:\/\/agora.xtec.cat\/ielesvinyes\/wp-json\/wp\/v2\/posts"}],"about":[{"href":"https:\/\/agora.xtec.cat\/ielesvinyes\/wp-json\/wp\/v2\/types\/post"}],"author":[{"embeddable":true,"href":"https:\/\/agora.xtec.cat\/ielesvinyes\/wp-json\/wp\/v2\/users\/35"}],"replies":[{"embeddable":true,"href":"https:\/\/agora.xtec.cat\/ielesvinyes\/wp-json\/wp\/v2\/comments?post=4286"}],"version-history":[{"count":5,"href":"https:\/\/agora.xtec.cat\/ielesvinyes\/wp-json\/wp\/v2\/posts\/4286\/revisions"}],"predecessor-version":[{"id":4335,"href":"https:\/\/agora.xtec.cat\/ielesvinyes\/wp-json\/wp\/v2\/posts\/4286\/revisions\/4335"}],"wp:featuredmedia":[{"embeddable":true,"href":"https:\/\/agora.xtec.cat\/ielesvinyes\/wp-json\/wp\/v2\/media\/4289"}],"wp:attachment":[{"href":"https:\/\/agora.xtec.cat\/ielesvinyes\/wp-json\/wp\/v2\/media?parent=4286"}],"wp:term":[{"taxonomy":"category","embeddable":true,"href":"https:\/\/agora.xtec.cat\/ielesvinyes\/wp-json\/wp\/v2\/categories?post=4286"},{"taxonomy":"post_tag","embeddable":true,"href":"https:\/\/agora.xtec.cat\/ielesvinyes\/wp-json\/wp\/v2\/tags?post=4286"}],"curies":[{"name":"wp","href":"https:\/\/api.w.org\/{rel}","templated":true}]}}