{"id":4275,"date":"2019-11-26T12:28:49","date_gmt":"2019-11-26T11:28:49","guid":{"rendered":"http:\/\/agora.xtec.cat\/ielesvinyes\/?p=4275"},"modified":"2022-09-28T07:03:40","modified_gmt":"2022-09-28T05:03:40","slug":"el-teatre-de-la-memoria","status":"publish","type":"post","link":"https:\/\/agora.xtec.cat\/ielesvinyes\/portada\/el-teatre-de-la-memoria\/","title":{"rendered":"El teatre de la mem\u00f2ria"},"content":{"rendered":"<p><img loading=\"lazy\" decoding=\"async\" class=\"alignleft wp-image-4280 \" src=\"https:\/\/agora.xtec.cat\/ielesvinyes\/wp-content\/uploads\/usu1433\/2019\/11\/IElesvinyes-12-683x1024.png\" alt=\"\" width=\"479\" height=\"719\" srcset=\"https:\/\/agora.xtec.cat\/ielesvinyes\/wp-content\/uploads\/usu1433\/2019\/11\/IElesvinyes-12-683x1024.png 683w, https:\/\/agora.xtec.cat\/ielesvinyes\/wp-content\/uploads\/usu1433\/2019\/11\/IElesvinyes-12-200x300.png 200w, https:\/\/agora.xtec.cat\/ielesvinyes\/wp-content\/uploads\/usu1433\/2019\/11\/IElesvinyes-12.png 735w\" sizes=\"auto, (max-width: 479px) 100vw, 479px\" \/>Durant aquest primer trimestre els nois i noies de 3r d\u2019ESO A hem estat treballant en un projecte que porta per t\u00edtol \u201c<strong>El teatre de la mem\u00f2ria<\/strong>\u201d. Han estat tres mesos de treball dur i intens, que ens han emocionat i ens han fet aprendre moltes coses sobre la hist\u00f2ria recent del nostre pa\u00eds i sobre els records i les vides dels nostres avis i \u00e0vies. Ells i elles s\u00f3n per a nosaltres una font de saviesa, de coneixements i moltes vegades la relaci\u00f3 que ens uneix \u00e9s una de les m\u00e9s importants de les nostres vides.<\/p>\n<p>Ara, tenim el gust de presentar-vos \u201c<strong>Paraules Perdudes<\/strong>\u201d una creaci\u00f3 teatral inspirada en totes aquestes magn\u00edfiques hist\u00f2ries que travessa la vida d\u2019una \u00e0via que va perdent la mem\u00f2ria. Amb ella ens endinsarem en un viatge pels records que m\u00e9s l\u2019han marcat i travessarem tamb\u00e9 el vincle que ens uneix a nosaltres amb els nostres avis i \u00e0vies.<\/p>\n<p><strong>Estarem encantats de qu\u00e8 ens acompanyeu a l\u2019estrena que tindr\u00e0 lloc el proper dia 3 de desembre a les 18 h al gimn\u00e0s del centre.<\/strong><\/p>\n<p>Per tal de poder controlar l\u2019aforament <a href=\"https:\/\/docs.google.com\/forms\/d\/e\/1FAIpQLSdPW2-ZwacSLWC5wG-Nc0GC9n7qh2Hem5zFGYsiH3PQIUYXQA\/viewform?usp=send_form\" target=\"_blank\" rel=\"noopener noreferrer\">hem creat un formulari<\/a>. Tingueu en compte que la inscripci\u00f3 \u00e9s obligat\u00f2ria i l\u2019acc\u00e9s es far\u00e0 en rigor\u00f3s ordre d\u2019inscripci\u00f3. <strong>Aix\u00ed que no trigueu en fer la vostra reserva si no us voleu quedar sense entrada.<\/strong><\/p>\n<p>Per a qualsevol dubte o aclariment ens podeu escriure al correu electr\u00f2nic: paraulesperdudes3r@gmail.com<\/p>\n","protected":false},"excerpt":{"rendered":"<p>Durant aquest primer trimestre els nois i noies de 3r d\u2019ESO A hem estat treballant en un projecte que porta per t\u00edtol \u201cEl teatre de la mem\u00f2ria\u201d. Han estat tres mesos de treball dur i intens, que ens han emocionat i ens han fet aprendre moltes coses sobre la hist\u00f2ria recent del nostre pa\u00eds i [&hellip;]<\/p>\n","protected":false},"author":28,"featured_media":4280,"comment_status":"open","ping_status":"closed","sticky":false,"template":"","format":"standard","meta":{"_bbp_topic_count":0,"_bbp_reply_count":0,"_bbp_total_topic_count":0,"_bbp_total_reply_count":0,"_bbp_voice_count":0,"_bbp_anonymous_reply_count":0,"_bbp_topic_count_hidden":0,"_bbp_reply_count_hidden":0,"_bbp_forum_subforum_count":0,"site-sidebar-layout":"default","site-content-layout":"","ast-site-content-layout":"","site-content-style":"default","site-sidebar-style":"default","ast-global-header-display":"","ast-banner-title-visibility":"","ast-main-header-display":"","ast-hfb-above-header-display":"","ast-hfb-below-header-display":"","ast-hfb-mobile-header-display":"","site-post-title":"","ast-breadcrumbs-content":"","ast-featured-img":"","footer-sml-layout":"","theme-transparent-header-meta":"","adv-header-id-meta":"","stick-header-meta":"","header-above-stick-meta":"","header-main-stick-meta":"","header-below-stick-meta":"","astra-migrate-meta-layouts":"default","ast-page-background-enabled":"default","ast-page-background-meta":{"desktop":{"background-color":"var(--ast-global-color-4)","background-image":"","background-repeat":"repeat","background-position":"center center","background-size":"auto","background-attachment":"scroll","background-type":"","background-media":"","overlay-type":"","overlay-color":"","overlay-opacity":"","overlay-gradient":""},"tablet":{"background-color":"","background-image":"","background-repeat":"repeat","background-position":"center center","background-size":"auto","background-attachment":"scroll","background-type":"","background-media":"","overlay-type":"","overlay-color":"","overlay-opacity":"","overlay-gradient":""},"mobile":{"background-color":"","background-image":"","background-repeat":"repeat","background-position":"center center","background-size":"auto","background-attachment":"scroll","background-type":"","background-media":"","overlay-type":"","overlay-color":"","overlay-opacity":"","overlay-gradient":""}},"ast-content-background-meta":{"desktop":{"background-color":"var(--ast-global-color-5)","background-image":"","background-repeat":"repeat","background-position":"center center","background-size":"auto","background-attachment":"scroll","background-type":"","background-media":"","overlay-type":"","overlay-color":"","overlay-opacity":"","overlay-gradient":""},"tablet":{"background-color":"var(--ast-global-color-5)","background-image":"","background-repeat":"repeat","background-position":"center center","background-size":"auto","background-attachment":"scroll","background-type":"","background-media":"","overlay-type":"","overlay-color":"","overlay-opacity":"","overlay-gradient":""},"mobile":{"background-color":"var(--ast-global-color-5)","background-image":"","background-repeat":"repeat","background-position":"center center","background-size":"auto","background-attachment":"scroll","background-type":"","background-media":"","overlay-type":"","overlay-color":"","overlay-opacity":"","overlay-gradient":""}},"footnotes":""},"categories":[413,29,105,301],"tags":[],"class_list":["post-4275","post","type-post","status-publish","format-standard","has-post-thumbnail","hentry","category-2019-20","category-portada","category-projectes","category-secundaria"],"post_mailing_queue_ids":[],"_links":{"self":[{"href":"https:\/\/agora.xtec.cat\/ielesvinyes\/wp-json\/wp\/v2\/posts\/4275","targetHints":{"allow":["GET"]}}],"collection":[{"href":"https:\/\/agora.xtec.cat\/ielesvinyes\/wp-json\/wp\/v2\/posts"}],"about":[{"href":"https:\/\/agora.xtec.cat\/ielesvinyes\/wp-json\/wp\/v2\/types\/post"}],"author":[{"embeddable":true,"href":"https:\/\/agora.xtec.cat\/ielesvinyes\/wp-json\/wp\/v2\/users\/28"}],"replies":[{"embeddable":true,"href":"https:\/\/agora.xtec.cat\/ielesvinyes\/wp-json\/wp\/v2\/comments?post=4275"}],"version-history":[{"count":3,"href":"https:\/\/agora.xtec.cat\/ielesvinyes\/wp-json\/wp\/v2\/posts\/4275\/revisions"}],"predecessor-version":[{"id":4282,"href":"https:\/\/agora.xtec.cat\/ielesvinyes\/wp-json\/wp\/v2\/posts\/4275\/revisions\/4282"}],"wp:featuredmedia":[{"embeddable":true,"href":"https:\/\/agora.xtec.cat\/ielesvinyes\/wp-json\/wp\/v2\/media\/4280"}],"wp:attachment":[{"href":"https:\/\/agora.xtec.cat\/ielesvinyes\/wp-json\/wp\/v2\/media?parent=4275"}],"wp:term":[{"taxonomy":"category","embeddable":true,"href":"https:\/\/agora.xtec.cat\/ielesvinyes\/wp-json\/wp\/v2\/categories?post=4275"},{"taxonomy":"post_tag","embeddable":true,"href":"https:\/\/agora.xtec.cat\/ielesvinyes\/wp-json\/wp\/v2\/tags?post=4275"}],"curies":[{"name":"wp","href":"https:\/\/api.w.org\/{rel}","templated":true}]}}