{"id":4234,"date":"2019-11-18T23:47:45","date_gmt":"2019-11-18T22:47:45","guid":{"rendered":"http:\/\/agora.xtec.cat\/ielesvinyes\/?p=4234"},"modified":"2022-09-28T07:03:40","modified_gmt":"2022-09-28T05:03:40","slug":"exhibicio-publica-del-projecte-dambits-comenca-lespectacle-1r-eso-b","status":"publish","type":"post","link":"https:\/\/agora.xtec.cat\/ielesvinyes\/general\/exhibicio-publica-del-projecte-dambits-comenca-lespectacle-1r-eso-b\/","title":{"rendered":"ACTUALITZACI\u00d3\/NOVA DATA: Exhibici\u00f3 p\u00fablica del Projecte d&#8217;\u00c0mbits &#8220;Comen\u00e7a l&#8217;espectacle!&#8221; &#8211; 1r ESO B"},"content":{"rendered":"<p><img loading=\"lazy\" decoding=\"async\" class=\"aligncenter wp-image-4283 \" src=\"https:\/\/agora.xtec.cat\/ielesvinyes\/wp-content\/uploads\/usu1433\/2019\/11\/27_11_2019_Festival-de-titelles_pages-to-jpg-0001-791x1024.jpg\" alt=\"\" width=\"362\" height=\"468\" srcset=\"https:\/\/agora.xtec.cat\/ielesvinyes\/wp-content\/uploads\/usu1433\/2019\/11\/27_11_2019_Festival-de-titelles_pages-to-jpg-0001-791x1024.jpg 791w, https:\/\/agora.xtec.cat\/ielesvinyes\/wp-content\/uploads\/usu1433\/2019\/11\/27_11_2019_Festival-de-titelles_pages-to-jpg-0001-232x300.jpg 232w, https:\/\/agora.xtec.cat\/ielesvinyes\/wp-content\/uploads\/usu1433\/2019\/11\/27_11_2019_Festival-de-titelles_pages-to-jpg-0001-768x994.jpg 768w, https:\/\/agora.xtec.cat\/ielesvinyes\/wp-content\/uploads\/usu1433\/2019\/11\/27_11_2019_Festival-de-titelles_pages-to-jpg-0001.jpg 1275w\" sizes=\"auto, (max-width: 362px) 100vw, 362px\" \/><\/p>\n<p>El proper dia 28 de novembre, els grups base de 1r d&#8217;ESO B, transformats en companyies de titellaires, us conviden a gaudir d&#8217;uns espectacles molt especials: petites hist\u00f2ries que parlen de problem\u00e0tiques socials actuals com l&#8217;assetjament escolar i la viol\u00e8ncia masclista o que festegen la diversitat afectiva i sexual. A partir de les 17h, a la Sala d&#8217;Actes de l&#8217;Ajuntament.<\/p>\n","protected":false},"excerpt":{"rendered":"<p>El proper dia 28 de novembre, els grups base de 1r d&#8217;ESO B, transformats en companyies de titellaires, us conviden a gaudir d&#8217;uns espectacles molt especials: petites hist\u00f2ries que parlen de problem\u00e0tiques socials actuals com l&#8217;assetjament escolar i la viol\u00e8ncia masclista o que festegen la diversitat afectiva i sexual. A partir de les 17h, a [&hellip;]<\/p>\n","protected":false},"author":6,"featured_media":4241,"comment_status":"open","ping_status":"closed","sticky":false,"template":"","format":"standard","meta":{"_bbp_topic_count":0,"_bbp_reply_count":0,"_bbp_total_topic_count":0,"_bbp_total_reply_count":0,"_bbp_voice_count":0,"_bbp_anonymous_reply_count":0,"_bbp_topic_count_hidden":0,"_bbp_reply_count_hidden":0,"_bbp_forum_subforum_count":0,"site-sidebar-layout":"default","site-content-layout":"","ast-site-content-layout":"","site-content-style":"default","site-sidebar-style":"default","ast-global-header-display":"","ast-banner-title-visibility":"","ast-main-header-display":"","ast-hfb-above-header-display":"","ast-hfb-below-header-display":"","ast-hfb-mobile-header-display":"","site-post-title":"","ast-breadcrumbs-content":"","ast-featured-img":"","footer-sml-layout":"","theme-transparent-header-meta":"","adv-header-id-meta":"","stick-header-meta":"","header-above-stick-meta":"","header-main-stick-meta":"","header-below-stick-meta":"","astra-migrate-meta-layouts":"default","ast-page-background-enabled":"default","ast-page-background-meta":{"desktop":{"background-color":"var(--ast-global-color-4)","background-image":"","background-repeat":"repeat","background-position":"center center","background-size":"auto","background-attachment":"scroll","background-type":"","background-media":"","overlay-type":"","overlay-color":"","overlay-opacity":"","overlay-gradient":""},"tablet":{"background-color":"","background-image":"","background-repeat":"repeat","background-position":"center center","background-size":"auto","background-attachment":"scroll","background-type":"","background-media":"","overlay-type":"","overlay-color":"","overlay-opacity":"","overlay-gradient":""},"mobile":{"background-color":"","background-image":"","background-repeat":"repeat","background-position":"center center","background-size":"auto","background-attachment":"scroll","background-type":"","background-media":"","overlay-type":"","overlay-color":"","overlay-opacity":"","overlay-gradient":""}},"ast-content-background-meta":{"desktop":{"background-color":"var(--ast-global-color-5)","background-image":"","background-repeat":"repeat","background-position":"center center","background-size":"auto","background-attachment":"scroll","background-type":"","background-media":"","overlay-type":"","overlay-color":"","overlay-opacity":"","overlay-gradient":""},"tablet":{"background-color":"var(--ast-global-color-5)","background-image":"","background-repeat":"repeat","background-position":"center center","background-size":"auto","background-attachment":"scroll","background-type":"","background-media":"","overlay-type":"","overlay-color":"","overlay-opacity":"","overlay-gradient":""},"mobile":{"background-color":"var(--ast-global-color-5)","background-image":"","background-repeat":"repeat","background-position":"center center","background-size":"auto","background-attachment":"scroll","background-type":"","background-media":"","overlay-type":"","overlay-color":"","overlay-opacity":"","overlay-gradient":""}},"footnotes":""},"categories":[413,1,29,375,105,301],"tags":[],"class_list":["post-4234","post","type-post","status-publish","format-standard","has-post-thumbnail","hentry","category-2019-20","category-general","category-portada","category-projecte-educatiu","category-projectes","category-secundaria"],"post_mailing_queue_ids":[],"_links":{"self":[{"href":"https:\/\/agora.xtec.cat\/ielesvinyes\/wp-json\/wp\/v2\/posts\/4234","targetHints":{"allow":["GET"]}}],"collection":[{"href":"https:\/\/agora.xtec.cat\/ielesvinyes\/wp-json\/wp\/v2\/posts"}],"about":[{"href":"https:\/\/agora.xtec.cat\/ielesvinyes\/wp-json\/wp\/v2\/types\/post"}],"author":[{"embeddable":true,"href":"https:\/\/agora.xtec.cat\/ielesvinyes\/wp-json\/wp\/v2\/users\/6"}],"replies":[{"embeddable":true,"href":"https:\/\/agora.xtec.cat\/ielesvinyes\/wp-json\/wp\/v2\/comments?post=4234"}],"version-history":[{"count":3,"href":"https:\/\/agora.xtec.cat\/ielesvinyes\/wp-json\/wp\/v2\/posts\/4234\/revisions"}],"predecessor-version":[{"id":4285,"href":"https:\/\/agora.xtec.cat\/ielesvinyes\/wp-json\/wp\/v2\/posts\/4234\/revisions\/4285"}],"wp:featuredmedia":[{"embeddable":true,"href":"https:\/\/agora.xtec.cat\/ielesvinyes\/wp-json\/wp\/v2\/media\/4241"}],"wp:attachment":[{"href":"https:\/\/agora.xtec.cat\/ielesvinyes\/wp-json\/wp\/v2\/media?parent=4234"}],"wp:term":[{"taxonomy":"category","embeddable":true,"href":"https:\/\/agora.xtec.cat\/ielesvinyes\/wp-json\/wp\/v2\/categories?post=4234"},{"taxonomy":"post_tag","embeddable":true,"href":"https:\/\/agora.xtec.cat\/ielesvinyes\/wp-json\/wp\/v2\/tags?post=4234"}],"curies":[{"name":"wp","href":"https:\/\/api.w.org\/{rel}","templated":true}]}}