{"id":413,"date":"2013-02-15T06:55:04","date_gmt":"2013-02-15T05:55:04","guid":{"rendered":"http:\/\/ampa.ielesvinyes.net\/stage1\/?p=413"},"modified":"2022-09-28T07:06:02","modified_gmt":"2022-09-28T05:06:02","slug":"nou-sorteig-dels-regals-de-la-loteria-de-nadal","status":"publish","type":"post","link":"https:\/\/agora.xtec.cat\/ielesvinyes\/afa\/nou-sorteig-dels-regals-de-la-loteria-de-nadal\/","title":{"rendered":"Premis de Nadal sense guanyadors&#8230;."},"content":{"rendered":"<p style=\"text-align: justify;\"><a href=\"http:\/\/ampa.ielesvinyes.net\/stage1\/wp-content\/uploads\/2012\/12\/nadal.jpg\"><img loading=\"lazy\" decoding=\"async\" class=\"alignleft  wp-image-363\" src=\"http:\/\/ampa.ielesvinyes.net\/stage1\/wp-content\/uploads\/2012\/12\/nadal-150x150.jpg\" alt=\"Sorteig de Nadal\" width=\"180\" height=\"180\" \/><\/a>Us informem que el n\u00famero guanyador de la &#8220;Panera de Nadal&#8221; no es va vendre, i que el n\u00famero guanyador de la &#8220;Tablet Sony Xperia&#8221; \u00a0no ha passat a recollir el premi dins del termini establert de 30 dies.<\/p>\n<p style=\"text-align: justify;\">Per tant, la Junta de l&#8217;AMPA ha decidit fer dos sorteigs (un per cada premi) entre tots\/es els socis de l&#8217;AMPA, l&#8217;equip docent i consergeria (que ens van ajudar molt!!).<\/p>\n<p style=\"text-align: justify; padding-left: 180px;\"><strong>DIA DEL SORTEIG<\/strong>: 22 de febrer de 2013<\/p>\n<p style=\"text-align: justify; padding-left: 180px;\"><strong>HORA<\/strong>: 16:00 hores.<\/p>\n<p style=\"text-align: justify; padding-left: 180px;\"><strong>LLOC<\/strong>: A la recepci\u00f3 de l&#8217;escola.<\/p>\n<p style=\"text-align: justify;\">Tamb\u00e9 us informem que aquelles fam\u00edlies que no pugueu venir i resulteu guanyadores d&#8217;un dels dos premis, se us avisar\u00e0 perqu\u00e8 pugueu venir a recollir-lo el m\u00e9s aviat possible.<\/p>\n<p style=\"text-align: justify;\"><em>Al taulell d&#8217;anuncis de l&#8217;entrada podreu consultar els llistats amb el n\u00famero assignat a cada fam\u00edlia participant.<\/em><\/p>\n<p style=\"text-align: justify;\"><strong>Esperem la vostra assist\u00e8ncia, esteu tots\/es convidats\/des!!!<\/strong><\/p>\n<p>&nbsp;<\/p>\n","protected":false},"excerpt":{"rendered":"<p>Us informem que el n\u00famero guanyador de la &#8220;Panera de Nadal&#8221; no es va vendre, i que el n\u00famero guanyador de la &#8220;Tablet Sony Xperia&#8221; \u00a0no ha passat a recollir el premi dins del termini establert de 30 dies. Per tant, la Junta de l&#8217;AMPA ha decidit fer dos sorteigs (un per cada premi) entre [&hellip;]<\/p>\n","protected":false},"author":52,"featured_media":0,"comment_status":"open","ping_status":"closed","sticky":false,"template":"","format":"standard","meta":{"_bbp_topic_count":0,"_bbp_reply_count":0,"_bbp_total_topic_count":0,"_bbp_total_reply_count":0,"_bbp_voice_count":0,"_bbp_anonymous_reply_count":0,"_bbp_topic_count_hidden":0,"_bbp_reply_count_hidden":0,"_bbp_forum_subforum_count":0,"site-sidebar-layout":"default","site-content-layout":"","ast-site-content-layout":"","site-content-style":"default","site-sidebar-style":"default","ast-global-header-display":"","ast-banner-title-visibility":"","ast-main-header-display":"","ast-hfb-above-header-display":"","ast-hfb-below-header-display":"","ast-hfb-mobile-header-display":"","site-post-title":"","ast-breadcrumbs-content":"","ast-featured-img":"","footer-sml-layout":"","theme-transparent-header-meta":"","adv-header-id-meta":"","stick-header-meta":"","header-above-stick-meta":"","header-main-stick-meta":"","header-below-stick-meta":"","astra-migrate-meta-layouts":"default","ast-page-background-enabled":"default","ast-page-background-meta":{"desktop":{"background-color":"var(--ast-global-color-4)","background-image":"","background-repeat":"repeat","background-position":"center center","background-size":"auto","background-attachment":"scroll","background-type":"","background-media":"","overlay-type":"","overlay-color":"","overlay-opacity":"","overlay-gradient":""},"tablet":{"background-color":"","background-image":"","background-repeat":"repeat","background-position":"center center","background-size":"auto","background-attachment":"scroll","background-type":"","background-media":"","overlay-type":"","overlay-color":"","overlay-opacity":"","overlay-gradient":""},"mobile":{"background-color":"","background-image":"","background-repeat":"repeat","background-position":"center center","background-size":"auto","background-attachment":"scroll","background-type":"","background-media":"","overlay-type":"","overlay-color":"","overlay-opacity":"","overlay-gradient":""}},"ast-content-background-meta":{"desktop":{"background-color":"var(--ast-global-color-5)","background-image":"","background-repeat":"repeat","background-position":"center center","background-size":"auto","background-attachment":"scroll","background-type":"","background-media":"","overlay-type":"","overlay-color":"","overlay-opacity":"","overlay-gradient":""},"tablet":{"background-color":"var(--ast-global-color-5)","background-image":"","background-repeat":"repeat","background-position":"center center","background-size":"auto","background-attachment":"scroll","background-type":"","background-media":"","overlay-type":"","overlay-color":"","overlay-opacity":"","overlay-gradient":""},"mobile":{"background-color":"var(--ast-global-color-5)","background-image":"","background-repeat":"repeat","background-position":"center center","background-size":"auto","background-attachment":"scroll","background-type":"","background-media":"","overlay-type":"","overlay-color":"","overlay-opacity":"","overlay-gradient":""}},"footnotes":""},"categories":[109,31,471],"tags":[],"class_list":["post-413","post","type-post","status-publish","format-standard","hentry","category-2012-13","category-afa","category-noticies-afa"],"post_mailing_queue_ids":[],"_links":{"self":[{"href":"https:\/\/agora.xtec.cat\/ielesvinyes\/wp-json\/wp\/v2\/posts\/413","targetHints":{"allow":["GET"]}}],"collection":[{"href":"https:\/\/agora.xtec.cat\/ielesvinyes\/wp-json\/wp\/v2\/posts"}],"about":[{"href":"https:\/\/agora.xtec.cat\/ielesvinyes\/wp-json\/wp\/v2\/types\/post"}],"author":[{"embeddable":true,"href":"https:\/\/agora.xtec.cat\/ielesvinyes\/wp-json\/wp\/v2\/users\/52"}],"replies":[{"embeddable":true,"href":"https:\/\/agora.xtec.cat\/ielesvinyes\/wp-json\/wp\/v2\/comments?post=413"}],"version-history":[{"count":1,"href":"https:\/\/agora.xtec.cat\/ielesvinyes\/wp-json\/wp\/v2\/posts\/413\/revisions"}],"predecessor-version":[{"id":5454,"href":"https:\/\/agora.xtec.cat\/ielesvinyes\/wp-json\/wp\/v2\/posts\/413\/revisions\/5454"}],"wp:attachment":[{"href":"https:\/\/agora.xtec.cat\/ielesvinyes\/wp-json\/wp\/v2\/media?parent=413"}],"wp:term":[{"taxonomy":"category","embeddable":true,"href":"https:\/\/agora.xtec.cat\/ielesvinyes\/wp-json\/wp\/v2\/categories?post=413"},{"taxonomy":"post_tag","embeddable":true,"href":"https:\/\/agora.xtec.cat\/ielesvinyes\/wp-json\/wp\/v2\/tags?post=413"}],"curies":[{"name":"wp","href":"https:\/\/api.w.org\/{rel}","templated":true}]}}