{"id":4045,"date":"2019-11-11T14:30:09","date_gmt":"2019-11-11T13:30:09","guid":{"rendered":"http:\/\/agora.xtec.cat\/ielesvinyes\/?p=4045"},"modified":"2019-11-25T13:37:21","modified_gmt":"2019-11-25T12:37:21","slug":"podras-entrar-a-bcn-amb-el-teu-cotxe","status":"publish","type":"post","link":"https:\/\/agora.xtec.cat\/ielesvinyes\/general\/podras-entrar-a-bcn-amb-el-teu-cotxe\/","title":{"rendered":"A partir de l&#8217;1 d&#8217;abril de 2020 alguns cotxes ja no podran entrar a BCN"},"content":{"rendered":"<p>Rober, Xavi i Anuk 25\/11\/2019<\/p>\n<p><span style=\"font-weight: 400;\"><a href=\"https:\/\/agora.xtec.cat\/ielesvinyes\/wp-content\/uploads\/usu1433\/2019\/10\/Screenshot-2019-11-11-at-13.06.35.png\"><img loading=\"lazy\" decoding=\"async\" class=\"alignnone wp-image-4147\" src=\"https:\/\/agora.xtec.cat\/ielesvinyes\/wp-content\/uploads\/usu1433\/2019\/10\/Screenshot-2019-11-11-at-13.06.35.png\" alt=\"\" width=\"847\" height=\"485\" srcset=\"https:\/\/agora.xtec.cat\/ielesvinyes\/wp-content\/uploads\/usu1433\/2019\/10\/Screenshot-2019-11-11-at-13.06.35.png 601w, https:\/\/agora.xtec.cat\/ielesvinyes\/wp-content\/uploads\/usu1433\/2019\/10\/Screenshot-2019-11-11-at-13.06.35-300x172.png 300w\" sizes=\"auto, (max-width: 847px) 100vw, 847px\" \/><\/a><\/span><\/p>\n<p><sub>Fotografia de BCN amb <span style=\"font-size: 13.3333px;\">contaminaci\u00f3<\/span>.<\/sub><sub>Font: elpais<\/sub><\/p>\n<p><span style=\"font-weight: 400;\">A partir de l&#8217;1 d\u2019abril de 2020 Barcelona comen\u00e7a a multar els vehicles contaminants amb m\u00e9s de 13 anys d&#8217;antiguitat.<\/span><\/p>\n<p><span style=\"font-weight: 400;\">Tots els vehicles que circulin de 07,00 a 20.00 hores entre dilluns i divendres i sense etiqueta ambiental seran sancionats.\u00a0\u00a0<\/span><\/p>\n<p><span style=\"font-weight: 400;\">Les multes per als turismes, motocicletes i furgonetes que infringeixin les restriccions ascendeixen a 200 euros, o 500 euros en els dies en qu\u00e8 es declarar\u00e0 un episodi d&#8217;alta contaminaci\u00f3.<\/span><\/p>\n<p><span style=\"font-weight: 400;\">Els vehicles de gasolina matriculats abans de l&#8217;any 2000 i els di\u00e8sel anteriors a 2006 no podran transitar en horari laboral pel centre de Barcelona i de quatre municipis del seu entorn: l&#8217;Hospitalet de Llobregat, Esplugues, Cornell\u00e0 i Sant Adri\u00e0 de Bes\u00f2s. S\u00ed que tindran acc\u00e9s a les rondes, els barris enclavats a la serra de Collserola i tamb\u00e9 a la Zona Franca.<\/span><\/p>\n<p>&nbsp;<\/p>\n<p><span style=\"font-weight: 400;\"><img loading=\"lazy\" decoding=\"async\" class=\"attachment-266x266 size-266x266\" src=\"https:\/\/agora.xtec.cat\/ielesvinyes\/wp-content\/uploads\/usu1433\/2019\/10\/baixa-1.jpeg\" alt=\"\" width=\"266\" height=\"171\" \/><\/span><\/p>\n<pre>Fotografia de cotxes treient fum.<sub>Font: UAB<\/sub><\/pre>\n<p><span style=\"font-weight: 400;\"><strong>Opini\u00f3: <\/strong>Nosaltres opinem que s\u2019havia de fer encara que suposar\u00e0 molts problemes per la gent, s\u2019hauran de comprar un altre cotxe o una moto o, com a m\u00ednim, no circular en unes certes hores.<\/span><\/p>\n<p>A les vinyes la preocupaci\u00f3 ambiental es viu com expliquem en aquest <a href=\"https:\/\/agora.xtec.cat\/ielesvinyes\/general\/salvem-el-planeta\/\">article<\/a>.<\/p>\n<p><span style=\"font-weight: 400;\"><strong>Cotxes el\u00e8ctrics:<\/strong> A part dels cotxes de gasolina o di\u00e8sel, els cotxes el\u00e8ctrics tamb\u00e9 contaminen ja en qu\u00e8 la forma que es produeix l&#8217;electricitat \u00e9s molt contaminant.<\/span><\/p>\n<p><a href=\"https:\/\/agora.xtec.cat\/ielesvinyes\/wp-content\/uploads\/usu1433\/2019\/10\/image.png\"><img loading=\"lazy\" decoding=\"async\" class=\"alignnone size-full wp-image-4156\" src=\"https:\/\/agora.xtec.cat\/ielesvinyes\/wp-content\/uploads\/usu1433\/2019\/10\/image.png\" alt=\"\" width=\"660\" height=\"168\" srcset=\"https:\/\/agora.xtec.cat\/ielesvinyes\/wp-content\/uploads\/usu1433\/2019\/10\/image.png 660w, https:\/\/agora.xtec.cat\/ielesvinyes\/wp-content\/uploads\/usu1433\/2019\/10\/image-300x76.png 300w\" sizes=\"auto, (max-width: 660px) 100vw, 660px\" \/><\/a><\/p>\n<pre>Fotografia certificats DGT.<sub>Font:DGT<\/sub><\/pre>\n<p>Els cotxes poden portar diferents etiquetes, aquestes determinen el grau de contaminaci\u00f3 que genera cada cotxe en despla\u00e7ar-se, i depenent de la que tingui el teu cotxe tens menys privilegis o mes .<\/p>\n","protected":false},"excerpt":{"rendered":"<p>En aquest article us expliquem les restriccions que  hi haur\u00e0 a Barcelona a partir de 2020<\/p>\n","protected":false},"author":40,"featured_media":4046,"comment_status":"open","ping_status":"closed","sticky":false,"template":"","format":"standard","meta":{"_bbp_topic_count":0,"_bbp_reply_count":0,"_bbp_total_topic_count":0,"_bbp_total_reply_count":0,"_bbp_voice_count":0,"_bbp_anonymous_reply_count":0,"_bbp_topic_count_hidden":0,"_bbp_reply_count_hidden":0,"_bbp_forum_subforum_count":0,"site-sidebar-layout":"default","site-content-layout":"","ast-site-content-layout":"","site-content-style":"default","site-sidebar-style":"default","ast-global-header-display":"","ast-banner-title-visibility":"","ast-main-header-display":"","ast-hfb-above-header-display":"","ast-hfb-below-header-display":"","ast-hfb-mobile-header-display":"","site-post-title":"","ast-breadcrumbs-content":"","ast-featured-img":"","footer-sml-layout":"","theme-transparent-header-meta":"","adv-header-id-meta":"","stick-header-meta":"","header-above-stick-meta":"","header-main-stick-meta":"","header-below-stick-meta":"","astra-migrate-meta-layouts":"default","ast-page-background-enabled":"default","ast-page-background-meta":{"desktop":{"background-color":"var(--ast-global-color-4)","background-image":"","background-repeat":"repeat","background-position":"center center","background-size":"auto","background-attachment":"scroll","background-type":"","background-media":"","overlay-type":"","overlay-color":"","overlay-opacity":"","overlay-gradient":""},"tablet":{"background-color":"","background-image":"","background-repeat":"repeat","background-position":"center center","background-size":"auto","background-attachment":"scroll","background-type":"","background-media":"","overlay-type":"","overlay-color":"","overlay-opacity":"","overlay-gradient":""},"mobile":{"background-color":"","background-image":"","background-repeat":"repeat","background-position":"center center","background-size":"auto","background-attachment":"scroll","background-type":"","background-media":"","overlay-type":"","overlay-color":"","overlay-opacity":"","overlay-gradient":""}},"ast-content-background-meta":{"desktop":{"background-color":"var(--ast-global-color-5)","background-image":"","background-repeat":"repeat","background-position":"center center","background-size":"auto","background-attachment":"scroll","background-type":"","background-media":"","overlay-type":"","overlay-color":"","overlay-opacity":"","overlay-gradient":""},"tablet":{"background-color":"var(--ast-global-color-5)","background-image":"","background-repeat":"repeat","background-position":"center center","background-size":"auto","background-attachment":"scroll","background-type":"","background-media":"","overlay-type":"","overlay-color":"","overlay-opacity":"","overlay-gradient":""},"mobile":{"background-color":"var(--ast-global-color-5)","background-image":"","background-repeat":"repeat","background-position":"center center","background-size":"auto","background-attachment":"scroll","background-type":"","background-media":"","overlay-type":"","overlay-color":"","overlay-opacity":"","overlay-gradient":""}},"footnotes":""},"categories":[1,414],"tags":[442,441,389,443,416],"class_list":["post-4045","post","type-post","status-publish","format-standard","has-post-thumbnail","hentry","category-general","category-revista-la-verema","tag-contaminacio","tag-cotxes","tag-medi-ambient","tag-opinio","tag-revistalaverema"],"post_mailing_queue_ids":[],"_links":{"self":[{"href":"https:\/\/agora.xtec.cat\/ielesvinyes\/wp-json\/wp\/v2\/posts\/4045","targetHints":{"allow":["GET"]}}],"collection":[{"href":"https:\/\/agora.xtec.cat\/ielesvinyes\/wp-json\/wp\/v2\/posts"}],"about":[{"href":"https:\/\/agora.xtec.cat\/ielesvinyes\/wp-json\/wp\/v2\/types\/post"}],"author":[{"embeddable":true,"href":"https:\/\/agora.xtec.cat\/ielesvinyes\/wp-json\/wp\/v2\/users\/40"}],"replies":[{"embeddable":true,"href":"https:\/\/agora.xtec.cat\/ielesvinyes\/wp-json\/wp\/v2\/comments?post=4045"}],"version-history":[{"count":4,"href":"https:\/\/agora.xtec.cat\/ielesvinyes\/wp-json\/wp\/v2\/posts\/4045\/revisions"}],"predecessor-version":[{"id":4257,"href":"https:\/\/agora.xtec.cat\/ielesvinyes\/wp-json\/wp\/v2\/posts\/4045\/revisions\/4257"}],"wp:featuredmedia":[{"embeddable":true,"href":"https:\/\/agora.xtec.cat\/ielesvinyes\/wp-json\/wp\/v2\/media\/4046"}],"wp:attachment":[{"href":"https:\/\/agora.xtec.cat\/ielesvinyes\/wp-json\/wp\/v2\/media?parent=4045"}],"wp:term":[{"taxonomy":"category","embeddable":true,"href":"https:\/\/agora.xtec.cat\/ielesvinyes\/wp-json\/wp\/v2\/categories?post=4045"},{"taxonomy":"post_tag","embeddable":true,"href":"https:\/\/agora.xtec.cat\/ielesvinyes\/wp-json\/wp\/v2\/tags?post=4045"}],"curies":[{"name":"wp","href":"https:\/\/api.w.org\/{rel}","templated":true}]}}