{"id":4042,"date":"2019-11-10T21:54:31","date_gmt":"2019-11-10T20:54:31","guid":{"rendered":"http:\/\/agora.xtec.cat\/ielesvinyes\/?p=4042"},"modified":"2019-11-25T21:48:06","modified_gmt":"2019-11-25T20:48:06","slug":"salvem-el-planeta","status":"publish","type":"post","link":"https:\/\/agora.xtec.cat\/ielesvinyes\/general\/salvem-el-planeta\/","title":{"rendered":"Salvem el planeta?"},"content":{"rendered":"<p style=\"text-align: left;\">Aquell divendres 27 de setembre va ser molt important per canviar el planeta, vam fer una manifestaci\u00f3 a l\u2019Ajuntament de Castellbisbal promoguda pels alumnes de Les Vinyes, all\u00e0 es va llegir un manifest i vam cantar la can\u00e7\u00f3 de \u201c<em>Climate Change<\/em>\u201d basada en la can\u00e7\u00f3 de <em>Bella Ciao<\/em>,\u00a0 la lletra va ser versionada pels alumnes de 1r d\u2019ESO del curs 2018\/19, que ja hav\u00edem comen\u00e7at a treballar sobre aquest tema, en \u00faltim transversal.<\/p>\n\r\n\t<div class=\"slideshow_container slideshow_container_style-light\" style=\"height: 300px; \" data-slideshow-id=\"4134\" data-style-name=\"style-light\" data-style-version=\"2.3.1\" >\r\n\r\n\t\t\t\t\t<div class=\"slideshow_loading_icon\"><\/div>\r\n\t\t\r\n\t\t<div class=\"slideshow_content\" style=\"display: none;\">\r\n\r\n\t\t\t<div class=\"slideshow_view\">\r\n\t\t\t\t<div class=\"slideshow_slide slideshow_slide_image\">\r\n\t\t\t\t\t\t\t\t\t\t\t<img src=\"https:\/\/agora.xtec.cat\/ielesvinyes\/wp-content\/uploads\/usu1433\/2019\/11\/mani1.jpg\" alt=\"manifestaci\u00f3 27 setembre\" width=\"1000\" height=\"562\" \/>\r\n\t\t\t\t\t\t\t\t\t\t<div class=\"slideshow_description_box slideshow_transparent\">\r\n\t\t\t\t\t\t\t\t\t\t\t\t\t\t\t\t\t<\/div>\r\n\t\t\t\t<\/div>\r\n\r\n\t\t\t\t\t\t<div style=\"clear: both;\"><\/div><\/div><div class=\"slideshow_view\">\r\n\t\t\t\t<div class=\"slideshow_slide slideshow_slide_image\">\r\n\t\t\t\t\t\t\t\t\t\t\t<img src=\"https:\/\/agora.xtec.cat\/ielesvinyes\/wp-content\/uploads\/usu1433\/2019\/11\/mani2.jpg\" alt=\"manifestaci\u00f3 27 setembre\" width=\"1000\" height=\"562\" \/>\r\n\t\t\t\t\t\t\t\t\t\t<div class=\"slideshow_description_box slideshow_transparent\">\r\n\t\t\t\t\t\t\t\t\t\t\t\t\t\t\t\t\t<\/div>\r\n\t\t\t\t<\/div>\r\n\r\n\t\t\t\t\t\t<div style=\"clear: both;\"><\/div><\/div><div class=\"slideshow_view\">\r\n\t\t\t\t<div class=\"slideshow_slide slideshow_slide_image\">\r\n\t\t\t\t\t\t\t\t\t\t\t<img src=\"https:\/\/agora.xtec.cat\/ielesvinyes\/wp-content\/uploads\/usu1433\/2019\/11\/mani3.jpg\" alt=\"manifestaci\u00f3 27 setembre\" width=\"1000\" height=\"562\" \/>\r\n\t\t\t\t\t\t\t\t\t\t<div class=\"slideshow_description_box slideshow_transparent\">\r\n\t\t\t\t\t\t\t\t\t\t\t\t\t\t\t\t\t<\/div>\r\n\t\t\t\t<\/div>\r\n\r\n\t\t\t\t\t\t<div style=\"clear: both;\"><\/div><\/div><div class=\"slideshow_view\">\r\n\t\t\t\t<div class=\"slideshow_slide slideshow_slide_image\">\r\n\t\t\t\t\t\t\t\t\t\t\t<img src=\"https:\/\/agora.xtec.cat\/ielesvinyes\/wp-content\/uploads\/usu1433\/2019\/11\/mani4.jpg\" alt=\"manifestaci\u00f3 27 setembre\" width=\"1000\" height=\"562\" \/>\r\n\t\t\t\t\t\t\t\t\t\t<div class=\"slideshow_description_box slideshow_transparent\">\r\n\t\t\t\t\t\t\t\t\t\t\t\t\t\t\t\t\t<\/div>\r\n\t\t\t\t<\/div>\r\n\r\n\t\t\t\t\t\t<div style=\"clear: both;\"><\/div><\/div><div class=\"slideshow_view\">\r\n\t\t\t\t<div class=\"slideshow_slide slideshow_slide_image\">\r\n\t\t\t\t\t\t\t\t\t\t\t<img src=\"https:\/\/agora.xtec.cat\/ielesvinyes\/wp-content\/uploads\/usu1433\/2019\/11\/mani5.jpg\" alt=\"manifestaci\u00f3 27 setembre\" width=\"1000\" height=\"562\" \/>\r\n\t\t\t\t\t\t\t\t\t\t<div class=\"slideshow_description_box slideshow_transparent\">\r\n\t\t\t\t\t\t\t\t\t\t\t\t<div class=\"slideshow_description\">manifestaci\u00f3 27 setembre<\/div>\t\t\t\t\t<\/div>\r\n\t\t\t\t<\/div>\r\n\r\n\t\t\t\t\t\t<div style=\"clear: both;\"><\/div><\/div><div class=\"slideshow_view\">\r\n\t\t\t\t<div class=\"slideshow_slide slideshow_slide_image\">\r\n\t\t\t\t\t\t\t\t\t\t\t<img src=\"https:\/\/agora.xtec.cat\/ielesvinyes\/wp-content\/uploads\/usu1433\/2019\/11\/mani6.jpg\" alt=\"manifestaci\u00f3\" width=\"1000\" height=\"562\" \/>\r\n\t\t\t\t\t\t\t\t\t\t<div class=\"slideshow_description_box slideshow_transparent\">\r\n\t\t\t\t\t\t\t\t\t\t\t\t<div class=\"slideshow_description\">Manifestaci\u00f3 a l&#039;ajuntament de Castellbisbal 27 setembre 2019<\/div>\t\t\t\t\t<\/div>\r\n\t\t\t\t<\/div>\r\n\r\n\t\t\t\t\t\t<div style=\"clear: both;\"><\/div><\/div>\r\n\t\t<\/div>\r\n\r\n\t\t<div class=\"slideshow_controlPanel slideshow_transparent\" style=\"display: none;\"><ul><li class=\"slideshow_togglePlay\" data-play-text=\"Visualitza\" data-pause-text=\"Pausa\"><\/li><\/ul><\/div>\r\n\r\n\t\t<div class=\"slideshow_button slideshow_previous slideshow_transparent\" role=\"button\" data-previous-text=\"Anterior\" style=\"display: none;\"><\/div>\r\n\t\t<div class=\"slideshow_button slideshow_next slideshow_transparent\" role=\"button\" data-next-text=\"Seg\u00fcent\" style=\"display: none;\"><\/div>\r\n\r\n\t\t<div class=\"slideshow_pagination\" style=\"display: none;\" data-go-to-text=\"V\u00e9s a la diapositiva\"><div class=\"slideshow_pagination_center\"><\/div><\/div>\r\n\r\n\t\t<!-- WordPress Slideshow Version 2.3.1 -->\r\n\r\n\t\t\t<\/div>\r\n\r\n\n<p style=\"text-align: left;\">\u00a0L\u2019Institut-Escola Les Vinyes est\u00e0 molt involucrat per combatre el canvi clim\u00e0tic, ja que tenim la comissi\u00f3 oberta als alumnes que vulguin participar, que es reuneix <strong>cada dijous a l&#8217;hora del pati.<\/strong><\/p>\n<p>En aquest taller, cada dijous, volen posar-se un repte per poder canviar la manera de reciclar principalment, per exemple, han pensat de destacar m\u00e9s els noms de les papereres, per qu\u00e8 aix\u00ed la gent s\u00e0piga millor on va cada residu. Tamb\u00e9 estan calculant la despesa energ\u00e8tica del institut, per despr\u00e9s buscar maneres de consumir menys energia.<\/p>\n<p>&nbsp;<\/p>\n<p><strong>Manifestaci\u00f3 a Barcelona<\/strong><\/p>\n<p>A Barcelona, tamb\u00e9 es va fer una manifestaci\u00f3 a la tarda, tot i que molt m\u00e9s gran, all\u00e0 hi havia molt\u00edssimes persones caminant darrere de les pancartes grosses amb uns esl\u00f2gans molt potents &#8220;<span style=\"color: #339966;\"><strong><em>No queremos un medio ambiente, lo queremos entero<\/em><\/strong><\/span>&#8220;, la gent va aguantar tota la tarda, fins que es va fer de nit, i segur que aguantar\u00e0 molt\u00edssim m\u00e9s per intentar provocar canvis.<\/p>\n<p style=\"text-align: left;\">Sempre pensem en un canvi que no es produeix, per\u00f2 aquesta manifestaci\u00f3 va obrir els ulls de moltes persones, que van aportar el seu entusiasme i energia per poder canviar alguna cosa al m\u00f3n, perqu\u00e8 cada minut el mar es va omplint m\u00e9s de pl\u00e0stics, cada vegada hi ha m\u00e9s CO2 a l\u2019aire que respirem, augmenta el nivell del mar\u2026 ESTEM EN UN NIVELL CR\u00cdTIC!!!<\/p>\n<p style=\"text-align: left;\">Aquesta manifestaci\u00f3 va ser una de les m\u00e9s multitudin\u00e0ries, ja que la van fer a tot el m\u00f3n, cada vegada es veu que tenim m\u00e9s ganes de canviar el futur i de seguir vivint.<\/p>\n<p style=\"text-align: center;\"><span style=\"font-weight: 400;\"><a href=\"https:\/\/agora.xtec.cat\/ielesvinyes\/wp-content\/uploads\/usu1433\/2019\/10\/IMG-20191007-WA0006.jpg\"><img loading=\"lazy\" decoding=\"async\" class=\"alignnone wp-image-4043\" src=\"https:\/\/agora.xtec.cat\/ielesvinyes\/wp-content\/uploads\/usu1433\/2019\/10\/IMG-20191007-WA0006-1024x768.jpg\" alt=\"\" width=\"399\" height=\"299\" srcset=\"https:\/\/agora.xtec.cat\/ielesvinyes\/wp-content\/uploads\/usu1433\/2019\/10\/IMG-20191007-WA0006.jpg 1024w, https:\/\/agora.xtec.cat\/ielesvinyes\/wp-content\/uploads\/usu1433\/2019\/10\/IMG-20191007-WA0006-300x225.jpg 300w, https:\/\/agora.xtec.cat\/ielesvinyes\/wp-content\/uploads\/usu1433\/2019\/10\/IMG-20191007-WA0006-768x576.jpg 768w, https:\/\/agora.xtec.cat\/ielesvinyes\/wp-content\/uploads\/usu1433\/2019\/10\/IMG-20191007-WA0006-200x150.jpg 200w\" sizes=\"auto, (max-width: 399px) 100vw, 399px\" \/><\/a> <a href=\"https:\/\/agora.xtec.cat\/ielesvinyes\/wp-content\/uploads\/usu1433\/2019\/10\/IMG-20191007-WA0005.jpg\"><img loading=\"lazy\" decoding=\"async\" class=\"alignnone wp-image-4044\" src=\"https:\/\/agora.xtec.cat\/ielesvinyes\/wp-content\/uploads\/usu1433\/2019\/10\/IMG-20191007-WA0005-1024x768.jpg\" alt=\"\" width=\"399\" height=\"298\" srcset=\"https:\/\/agora.xtec.cat\/ielesvinyes\/wp-content\/uploads\/usu1433\/2019\/10\/IMG-20191007-WA0005.jpg 1024w, https:\/\/agora.xtec.cat\/ielesvinyes\/wp-content\/uploads\/usu1433\/2019\/10\/IMG-20191007-WA0005-300x225.jpg 300w, https:\/\/agora.xtec.cat\/ielesvinyes\/wp-content\/uploads\/usu1433\/2019\/10\/IMG-20191007-WA0005-768x576.jpg 768w, https:\/\/agora.xtec.cat\/ielesvinyes\/wp-content\/uploads\/usu1433\/2019\/10\/IMG-20191007-WA0005-200x150.jpg 200w\" sizes=\"auto, (max-width: 399px) 100vw, 399px\" \/><\/a><\/span><\/p>\n<p style=\"text-align: center;\"><sub><em>Fotos de Gerard Seg\u00fa a Barcelona<\/em><\/sub><\/p>\n<p><strong>Que hem aconseguit?<\/strong><\/p>\n<p>Afortunadament la manifestaci\u00f3 a Castellbisbal va servir d&#8217;alguna cosa, ja que va acudir l&#8217;alcalde a L&#8217;institut Les Vinyes per respondre els nostres dubtes sobre el tema. Va ser un gest molt gratificant que vingu\u00e9s, ja que el nostre esfor\u00e7 va ser recompensat amb una xerrada bastant pol\u00edtica per\u00f2 molt aclaridora.<\/p>\n<p>L&#8217;alcalde ens va respondre a les nostres preguntes, alguns alumnes van prendre notes, alguna vegada la xerrada ens va semblar una mica avorrida, ja que potser va ser va parlar massa del seu programa electoral, per\u00f2 va escoltar les nostres propostes, com per exemple, que tothom netegi la seva vorera i invertir en busos ecol\u00f2gics.<\/p>\n<p>En resum, ens va ajudar molt a entendre el que s&#8217;est\u00e0 fent a Castellbisbal per reduir el canvi clim\u00e0tic.<\/p>\n","protected":false},"excerpt":{"rendered":"<p>En aquest article expliquem una mica om va ser les manifestacions a Castellbisbal i Barcelona, i que s&#8217;est\u00e0 fent per combatre el canvi clim\u00e0tic.   <\/p>\n","protected":false},"author":35,"featured_media":4141,"comment_status":"open","ping_status":"closed","sticky":false,"template":"","format":"standard","meta":{"_bbp_topic_count":0,"_bbp_reply_count":0,"_bbp_total_topic_count":0,"_bbp_total_reply_count":0,"_bbp_voice_count":0,"_bbp_anonymous_reply_count":0,"_bbp_topic_count_hidden":0,"_bbp_reply_count_hidden":0,"_bbp_forum_subforum_count":0,"site-sidebar-layout":"default","site-content-layout":"","ast-site-content-layout":"","site-content-style":"default","site-sidebar-style":"default","ast-global-header-display":"","ast-banner-title-visibility":"","ast-main-header-display":"","ast-hfb-above-header-display":"","ast-hfb-below-header-display":"","ast-hfb-mobile-header-display":"","site-post-title":"","ast-breadcrumbs-content":"","ast-featured-img":"","footer-sml-layout":"","theme-transparent-header-meta":"","adv-header-id-meta":"","stick-header-meta":"","header-above-stick-meta":"","header-main-stick-meta":"","header-below-stick-meta":"","astra-migrate-meta-layouts":"default","ast-page-background-enabled":"default","ast-page-background-meta":{"desktop":{"background-color":"var(--ast-global-color-4)","background-image":"","background-repeat":"repeat","background-position":"center center","background-size":"auto","background-attachment":"scroll","background-type":"","background-media":"","overlay-type":"","overlay-color":"","overlay-opacity":"","overlay-gradient":""},"tablet":{"background-color":"","background-image":"","background-repeat":"repeat","background-position":"center center","background-size":"auto","background-attachment":"scroll","background-type":"","background-media":"","overlay-type":"","overlay-color":"","overlay-opacity":"","overlay-gradient":""},"mobile":{"background-color":"","background-image":"","background-repeat":"repeat","background-position":"center center","background-size":"auto","background-attachment":"scroll","background-type":"","background-media":"","overlay-type":"","overlay-color":"","overlay-opacity":"","overlay-gradient":""}},"ast-content-background-meta":{"desktop":{"background-color":"var(--ast-global-color-5)","background-image":"","background-repeat":"repeat","background-position":"center center","background-size":"auto","background-attachment":"scroll","background-type":"","background-media":"","overlay-type":"","overlay-color":"","overlay-opacity":"","overlay-gradient":""},"tablet":{"background-color":"var(--ast-global-color-5)","background-image":"","background-repeat":"repeat","background-position":"center center","background-size":"auto","background-attachment":"scroll","background-type":"","background-media":"","overlay-type":"","overlay-color":"","overlay-opacity":"","overlay-gradient":""},"mobile":{"background-color":"var(--ast-global-color-5)","background-image":"","background-repeat":"repeat","background-position":"center center","background-size":"auto","background-attachment":"scroll","background-type":"","background-media":"","overlay-type":"","overlay-color":"","overlay-opacity":"","overlay-gradient":""}},"footnotes":""},"categories":[1,414],"tags":[447,417,365,428,416],"class_list":["post-4042","post","type-post","status-publish","format-standard","has-post-thumbnail","hentry","category-general","category-revista-la-verema","tag-fridays-for-future","tag-actualitat","tag-ajuntament","tag-ecologia","tag-revistalaverema"],"post_mailing_queue_ids":[],"_links":{"self":[{"href":"https:\/\/agora.xtec.cat\/ielesvinyes\/wp-json\/wp\/v2\/posts\/4042","targetHints":{"allow":["GET"]}}],"collection":[{"href":"https:\/\/agora.xtec.cat\/ielesvinyes\/wp-json\/wp\/v2\/posts"}],"about":[{"href":"https:\/\/agora.xtec.cat\/ielesvinyes\/wp-json\/wp\/v2\/types\/post"}],"author":[{"embeddable":true,"href":"https:\/\/agora.xtec.cat\/ielesvinyes\/wp-json\/wp\/v2\/users\/35"}],"replies":[{"embeddable":true,"href":"https:\/\/agora.xtec.cat\/ielesvinyes\/wp-json\/wp\/v2\/comments?post=4042"}],"version-history":[{"count":4,"href":"https:\/\/agora.xtec.cat\/ielesvinyes\/wp-json\/wp\/v2\/posts\/4042\/revisions"}],"predecessor-version":[{"id":4271,"href":"https:\/\/agora.xtec.cat\/ielesvinyes\/wp-json\/wp\/v2\/posts\/4042\/revisions\/4271"}],"wp:featuredmedia":[{"embeddable":true,"href":"https:\/\/agora.xtec.cat\/ielesvinyes\/wp-json\/wp\/v2\/media\/4141"}],"wp:attachment":[{"href":"https:\/\/agora.xtec.cat\/ielesvinyes\/wp-json\/wp\/v2\/media?parent=4042"}],"wp:term":[{"taxonomy":"category","embeddable":true,"href":"https:\/\/agora.xtec.cat\/ielesvinyes\/wp-json\/wp\/v2\/categories?post=4042"},{"taxonomy":"post_tag","embeddable":true,"href":"https:\/\/agora.xtec.cat\/ielesvinyes\/wp-json\/wp\/v2\/tags?post=4042"}],"curies":[{"name":"wp","href":"https:\/\/api.w.org\/{rel}","templated":true}]}}