{"id":3758,"date":"2019-05-23T07:13:47","date_gmt":"2019-05-23T05:13:47","guid":{"rendered":"http:\/\/agora.xtec.cat\/ielesvinyes\/?p=3758"},"modified":"2019-05-23T07:43:14","modified_gmt":"2019-05-23T05:43:14","slug":"el-nostre-projecte-educatiu-rep-el-premi-baldiri-deducacio","status":"publish","type":"post","link":"https:\/\/agora.xtec.cat\/ielesvinyes\/general\/el-nostre-projecte-educatiu-rep-el-premi-baldiri-deducacio\/","title":{"rendered":"El nostre projecte educatiu rep el premi Baldiri d&#8217;educaci\u00f3!"},"content":{"rendered":"<p><a href=\"https:\/\/agora.xtec.cat\/ielesvinyes\/wp-content\/uploads\/usu1433\/2019\/05\/Bases-PBR-2018-header.jpg\"><img loading=\"lazy\" decoding=\"async\" class=\"aligncenter wp-image-3760 size-full\" src=\"https:\/\/agora.xtec.cat\/ielesvinyes\/wp-content\/uploads\/usu1433\/2019\/05\/Bases-PBR-2018-header.jpg\" alt=\"\" width=\"1118\" height=\"221\" srcset=\"https:\/\/agora.xtec.cat\/ielesvinyes\/wp-content\/uploads\/usu1433\/2019\/05\/Bases-PBR-2018-header.jpg 1118w, https:\/\/agora.xtec.cat\/ielesvinyes\/wp-content\/uploads\/usu1433\/2019\/05\/Bases-PBR-2018-header-300x59.jpg 300w, https:\/\/agora.xtec.cat\/ielesvinyes\/wp-content\/uploads\/usu1433\/2019\/05\/Bases-PBR-2018-header-768x152.jpg 768w, https:\/\/agora.xtec.cat\/ielesvinyes\/wp-content\/uploads\/usu1433\/2019\/05\/Bases-PBR-2018-header-1024x202.jpg 1024w\" sizes=\"auto, (max-width: 1118px) 100vw, 1118px\" \/><\/a><\/p>\n<p>Fa uns dies ens van comunicar que el jurat dels <a href=\"https:\/\/www.google.com\/search?q=baldiri+premis&amp;oq=baldiri+premis&amp;aqs=chrome..69i57j69i60j69i61j69i60j0l2.3807j1j7&amp;sourceid=chrome&amp;ie=UTF-8\" target=\"_blank\" rel=\"noopener noreferrer\"><strong>Premis Baldiri Reixac 2018-2019<\/strong><\/a> ens ha atorgat un dels premis <strong>Escola Baldiri<\/strong>. Es tracta d&#8217;un dels <strong>premis m\u00e9s prestigiosos d&#8217;educaci\u00f3<\/strong> a d\u2019arreu dels territoris de parla catalana, i suposa un reconeixement enorme al nostre projecte educatiu en la seva globalitat, alhora que tamb\u00e9 per tota la comunitat educativa de Les Vinyes.<\/p>\n<p>Tal com explica al seu web, el premi Escola:<\/p>\n<blockquote><p>&#8220;Reconeix escoles amb voluntat transformadora, que lluiten contra el frac\u00e0s escolar i la desigualtat, que es reinventen dia a dia per a millorar, que impulsen el pensament cr\u00edtic o la creativitat, que encaren els reptes educatius del s. XXI des de la innovaci\u00f3 pedag\u00f2gica i amb la cultura com a eix vertebrador.&#8221;<\/p><\/blockquote>\n<p>Entre els nostres objectius no est\u00e0 rebre premis, el nostre prop\u00f2sit \u00e9s <strong>lluitar per una educaci\u00f3 p\u00fablica de qualitat<\/strong>, oferir a tots i cadascun dels nostres infants i joves <strong>una relaci\u00f3 amable, personal, aut\u00e8ntica i profunda amb el coneixement i l&#8217;aprenentatge<\/strong>. Tanmateix, hem de dir que ens alegra enormement haver-lo rebut, ja que suposa un reconeixement a l&#8217;esfor\u00e7 i la complicitat <strong>de tota la comunitat educativa<\/strong>. El premi no sorgeix del no res, \u00e9s fruit de l&#8217;esfor\u00e7 tena\u00e7 i constant que tots i totes estem fent des de fa anys. De les persones (alumnes, docents i fam\u00edlies) que som ara al centre, i de les que ja han marxat, que les tenim ben presents. Aix\u00ed doncs aprofitem l&#8217;avinentesa per mirar-nos al mirall i recon\u00e8ixer el comprom\u00eds i la qualitat amb que cada dia afrontem el nostre dia a dia.<\/p>\n<p>El proper 2 de juny una petita representaci\u00f3 del centre assistir\u00e0 al Teatre Romea de Barcelona on tindr\u00e0 lloc l&#8217;entrega de premis.<\/p>\n<h3>Seguim!<\/h3>\n<p><a href=\"https:\/\/agora.xtec.cat\/ielesvinyes\/wp-content\/uploads\/usu1433\/2019\/05\/plaacollida1819.jpg\"><img loading=\"lazy\" decoding=\"async\" class=\"aligncenter size-full wp-image-3768\" src=\"https:\/\/agora.xtec.cat\/ielesvinyes\/wp-content\/uploads\/usu1433\/2019\/05\/plaacollida1819.jpg\" alt=\"\" width=\"1143\" height=\"833\" srcset=\"https:\/\/agora.xtec.cat\/ielesvinyes\/wp-content\/uploads\/usu1433\/2019\/05\/plaacollida1819.jpg 1143w, https:\/\/agora.xtec.cat\/ielesvinyes\/wp-content\/uploads\/usu1433\/2019\/05\/plaacollida1819-300x219.jpg 300w, https:\/\/agora.xtec.cat\/ielesvinyes\/wp-content\/uploads\/usu1433\/2019\/05\/plaacollida1819-768x560.jpg 768w, https:\/\/agora.xtec.cat\/ielesvinyes\/wp-content\/uploads\/usu1433\/2019\/05\/plaacollida1819-1024x746.jpg 1024w\" sizes=\"auto, (max-width: 1143px) 100vw, 1143px\" \/><\/a><\/p>\n","protected":false},"excerpt":{"rendered":"<p>Fa uns dies ens van comunicar que el jurat dels Premis Baldiri Reixac 2018-2019 ens ha atorgat un dels premis Escola Baldiri. Es tracta d&#8217;un dels premis m\u00e9s prestigiosos d&#8217;educaci\u00f3 a d\u2019arreu dels territoris de parla catalana, i suposa un reconeixement enorme al nostre projecte educatiu en la seva globalitat, alhora que tamb\u00e9 per tota [&hellip;]<\/p>\n","protected":false},"author":6,"featured_media":3760,"comment_status":"open","ping_status":"closed","sticky":false,"template":"","format":"standard","meta":{"_bbp_topic_count":0,"_bbp_reply_count":0,"_bbp_total_topic_count":0,"_bbp_total_reply_count":0,"_bbp_voice_count":0,"_bbp_anonymous_reply_count":0,"_bbp_topic_count_hidden":0,"_bbp_reply_count_hidden":0,"_bbp_forum_subforum_count":0,"site-sidebar-layout":"default","site-content-layout":"","ast-site-content-layout":"","site-content-style":"default","site-sidebar-style":"default","ast-global-header-display":"","ast-banner-title-visibility":"","ast-main-header-display":"","ast-hfb-above-header-display":"","ast-hfb-below-header-display":"","ast-hfb-mobile-header-display":"","site-post-title":"","ast-breadcrumbs-content":"","ast-featured-img":"","footer-sml-layout":"","theme-transparent-header-meta":"","adv-header-id-meta":"","stick-header-meta":"","header-above-stick-meta":"","header-main-stick-meta":"","header-below-stick-meta":"","astra-migrate-meta-layouts":"default","ast-page-background-enabled":"default","ast-page-background-meta":{"desktop":{"background-color":"var(--ast-global-color-4)","background-image":"","background-repeat":"repeat","background-position":"center center","background-size":"auto","background-attachment":"scroll","background-type":"","background-media":"","overlay-type":"","overlay-color":"","overlay-opacity":"","overlay-gradient":""},"tablet":{"background-color":"","background-image":"","background-repeat":"repeat","background-position":"center center","background-size":"auto","background-attachment":"scroll","background-type":"","background-media":"","overlay-type":"","overlay-color":"","overlay-opacity":"","overlay-gradient":""},"mobile":{"background-color":"","background-image":"","background-repeat":"repeat","background-position":"center center","background-size":"auto","background-attachment":"scroll","background-type":"","background-media":"","overlay-type":"","overlay-color":"","overlay-opacity":"","overlay-gradient":""}},"ast-content-background-meta":{"desktop":{"background-color":"var(--ast-global-color-5)","background-image":"","background-repeat":"repeat","background-position":"center center","background-size":"auto","background-attachment":"scroll","background-type":"","background-media":"","overlay-type":"","overlay-color":"","overlay-opacity":"","overlay-gradient":""},"tablet":{"background-color":"var(--ast-global-color-5)","background-image":"","background-repeat":"repeat","background-position":"center center","background-size":"auto","background-attachment":"scroll","background-type":"","background-media":"","overlay-type":"","overlay-color":"","overlay-opacity":"","overlay-gradient":""},"mobile":{"background-color":"var(--ast-global-color-5)","background-image":"","background-repeat":"repeat","background-position":"center center","background-size":"auto","background-attachment":"scroll","background-type":"","background-media":"","overlay-type":"","overlay-color":"","overlay-opacity":"","overlay-gradient":""}},"footnotes":""},"categories":[1,100,397,29,373,375,301],"tags":[408,409],"class_list":["post-3758","post","type-post","status-publish","format-standard","has-post-thumbnail","hentry","category-general","category-infipri","category-la-verema","category-portada","category-premis","category-projecte-educatiu","category-secundaria","tag-baldiri","tag-fundacio-carulla"],"post_mailing_queue_ids":[],"_links":{"self":[{"href":"https:\/\/agora.xtec.cat\/ielesvinyes\/wp-json\/wp\/v2\/posts\/3758","targetHints":{"allow":["GET"]}}],"collection":[{"href":"https:\/\/agora.xtec.cat\/ielesvinyes\/wp-json\/wp\/v2\/posts"}],"about":[{"href":"https:\/\/agora.xtec.cat\/ielesvinyes\/wp-json\/wp\/v2\/types\/post"}],"author":[{"embeddable":true,"href":"https:\/\/agora.xtec.cat\/ielesvinyes\/wp-json\/wp\/v2\/users\/6"}],"replies":[{"embeddable":true,"href":"https:\/\/agora.xtec.cat\/ielesvinyes\/wp-json\/wp\/v2\/comments?post=3758"}],"version-history":[{"count":3,"href":"https:\/\/agora.xtec.cat\/ielesvinyes\/wp-json\/wp\/v2\/posts\/3758\/revisions"}],"predecessor-version":[{"id":3769,"href":"https:\/\/agora.xtec.cat\/ielesvinyes\/wp-json\/wp\/v2\/posts\/3758\/revisions\/3769"}],"wp:featuredmedia":[{"embeddable":true,"href":"https:\/\/agora.xtec.cat\/ielesvinyes\/wp-json\/wp\/v2\/media\/3760"}],"wp:attachment":[{"href":"https:\/\/agora.xtec.cat\/ielesvinyes\/wp-json\/wp\/v2\/media?parent=3758"}],"wp:term":[{"taxonomy":"category","embeddable":true,"href":"https:\/\/agora.xtec.cat\/ielesvinyes\/wp-json\/wp\/v2\/categories?post=3758"},{"taxonomy":"post_tag","embeddable":true,"href":"https:\/\/agora.xtec.cat\/ielesvinyes\/wp-json\/wp\/v2\/tags?post=3758"}],"curies":[{"name":"wp","href":"https:\/\/api.w.org\/{rel}","templated":true}]}}