{"id":3670,"date":"2019-04-23T12:28:02","date_gmt":"2019-04-23T10:28:02","guid":{"rendered":"http:\/\/agora.xtec.cat\/ielesvinyes\/?p=3670"},"modified":"2022-09-28T06:50:45","modified_gmt":"2022-09-28T04:50:45","slug":"la-maria-beneyto-ens-ha-deixat","status":"publish","type":"post","link":"https:\/\/agora.xtec.cat\/ielesvinyes\/portada\/la-maria-beneyto-ens-ha-deixat\/","title":{"rendered":"La Maria Beneyto ens ha deixat"},"content":{"rendered":"<p><a href=\"https:\/\/agora.xtec.cat\/ielesvinyes\/wp-content\/uploads\/usu1433\/2019\/04\/WhatsApp-Image-2019-04-23-at-11.29.29.jpeg\"><img loading=\"lazy\" decoding=\"async\" class=\"wp-image-3671 alignleft\" src=\"https:\/\/agora.xtec.cat\/ielesvinyes\/wp-content\/uploads\/usu1433\/2019\/04\/WhatsApp-Image-2019-04-23-at-11.29.29-683x1024.jpeg\" alt=\"\" width=\"263\" height=\"394\" srcset=\"https:\/\/agora.xtec.cat\/ielesvinyes\/wp-content\/uploads\/usu1433\/2019\/04\/WhatsApp-Image-2019-04-23-at-11.29.29-683x1024.jpeg 683w, https:\/\/agora.xtec.cat\/ielesvinyes\/wp-content\/uploads\/usu1433\/2019\/04\/WhatsApp-Image-2019-04-23-at-11.29.29-200x300.jpeg 200w, https:\/\/agora.xtec.cat\/ielesvinyes\/wp-content\/uploads\/usu1433\/2019\/04\/WhatsApp-Image-2019-04-23-at-11.29.29-768x1152.jpeg 768w, https:\/\/agora.xtec.cat\/ielesvinyes\/wp-content\/uploads\/usu1433\/2019\/04\/WhatsApp-Image-2019-04-23-at-11.29.29.jpeg 1000w\" sizes=\"auto, (max-width: 263px) 100vw, 263px\" \/><\/a>La comunitat educativa de Les Vinyes us comunica que la professora que va ser a l\u2019Institut-Escola des dels seus inicis, <strong>Maria Beneyto<\/strong>, ens ha deixat despr\u00e9s d\u2019una llarga malaltia.<\/p>\n<p>Enamorada dels llibres i de la vida, li dediquem avui aquesta diada tan especial per a ella i per a tots nosaltres.<\/p>\n<p>La cerim\u00f2nia del seu comiat es far\u00e0 dem\u00e0 dimecres 24 a les 15:30 h al Tanatori de Sant Cugat del Vall\u00e8s (Av. Montserrat Roig, s\/n 08190 Sant Cugat del Vall\u00e8s).<\/p>\n<p>Descansa en pau, Maria.<br \/>\nEt trobarem a faltar, el teu record ser\u00e0 sempre amb nosaltres.<\/p>\n","protected":false},"excerpt":{"rendered":"<p>La comunitat educativa de Les Vinyes us comunica que la professora que va ser a l\u2019Institut-Escola des dels seus inicis, Maria Beneyto, ens ha deixat despr\u00e9s d\u2019una llarga malaltia. Enamorada dels llibres i de la vida, li dediquem avui aquesta diada tan especial per a ella i per a tots nosaltres. La cerim\u00f2nia del seu [&hellip;]<\/p>\n","protected":false},"author":6,"featured_media":3671,"comment_status":"open","ping_status":"closed","sticky":false,"template":"","format":"standard","meta":{"_bbp_topic_count":0,"_bbp_reply_count":0,"_bbp_total_topic_count":0,"_bbp_total_reply_count":0,"_bbp_voice_count":0,"_bbp_anonymous_reply_count":0,"_bbp_topic_count_hidden":0,"_bbp_reply_count_hidden":0,"_bbp_forum_subforum_count":0,"site-sidebar-layout":"default","site-content-layout":"","ast-site-content-layout":"","site-content-style":"default","site-sidebar-style":"default","ast-global-header-display":"","ast-banner-title-visibility":"","ast-main-header-display":"","ast-hfb-above-header-display":"","ast-hfb-below-header-display":"","ast-hfb-mobile-header-display":"","site-post-title":"","ast-breadcrumbs-content":"","ast-featured-img":"","footer-sml-layout":"","theme-transparent-header-meta":"","adv-header-id-meta":"","stick-header-meta":"","header-above-stick-meta":"","header-main-stick-meta":"","header-below-stick-meta":"","astra-migrate-meta-layouts":"default","ast-page-background-enabled":"default","ast-page-background-meta":{"desktop":{"background-color":"var(--ast-global-color-4)","background-image":"","background-repeat":"repeat","background-position":"center center","background-size":"auto","background-attachment":"scroll","background-type":"","background-media":"","overlay-type":"","overlay-color":"","overlay-opacity":"","overlay-gradient":""},"tablet":{"background-color":"","background-image":"","background-repeat":"repeat","background-position":"center center","background-size":"auto","background-attachment":"scroll","background-type":"","background-media":"","overlay-type":"","overlay-color":"","overlay-opacity":"","overlay-gradient":""},"mobile":{"background-color":"","background-image":"","background-repeat":"repeat","background-position":"center center","background-size":"auto","background-attachment":"scroll","background-type":"","background-media":"","overlay-type":"","overlay-color":"","overlay-opacity":"","overlay-gradient":""}},"ast-content-background-meta":{"desktop":{"background-color":"var(--ast-global-color-5)","background-image":"","background-repeat":"repeat","background-position":"center center","background-size":"auto","background-attachment":"scroll","background-type":"","background-media":"","overlay-type":"","overlay-color":"","overlay-opacity":"","overlay-gradient":""},"tablet":{"background-color":"var(--ast-global-color-5)","background-image":"","background-repeat":"repeat","background-position":"center center","background-size":"auto","background-attachment":"scroll","background-type":"","background-media":"","overlay-type":"","overlay-color":"","overlay-opacity":"","overlay-gradient":""},"mobile":{"background-color":"var(--ast-global-color-5)","background-image":"","background-repeat":"repeat","background-position":"center center","background-size":"auto","background-attachment":"scroll","background-type":"","background-media":"","overlay-type":"","overlay-color":"","overlay-opacity":"","overlay-gradient":""}},"footnotes":""},"categories":[412,397,29],"tags":[],"class_list":["post-3670","post","type-post","status-publish","format-standard","has-post-thumbnail","hentry","category-2018-19","category-la-verema","category-portada"],"post_mailing_queue_ids":[],"_links":{"self":[{"href":"https:\/\/agora.xtec.cat\/ielesvinyes\/wp-json\/wp\/v2\/posts\/3670","targetHints":{"allow":["GET"]}}],"collection":[{"href":"https:\/\/agora.xtec.cat\/ielesvinyes\/wp-json\/wp\/v2\/posts"}],"about":[{"href":"https:\/\/agora.xtec.cat\/ielesvinyes\/wp-json\/wp\/v2\/types\/post"}],"author":[{"embeddable":true,"href":"https:\/\/agora.xtec.cat\/ielesvinyes\/wp-json\/wp\/v2\/users\/6"}],"replies":[{"embeddable":true,"href":"https:\/\/agora.xtec.cat\/ielesvinyes\/wp-json\/wp\/v2\/comments?post=3670"}],"version-history":[{"count":3,"href":"https:\/\/agora.xtec.cat\/ielesvinyes\/wp-json\/wp\/v2\/posts\/3670\/revisions"}],"predecessor-version":[{"id":3674,"href":"https:\/\/agora.xtec.cat\/ielesvinyes\/wp-json\/wp\/v2\/posts\/3670\/revisions\/3674"}],"wp:featuredmedia":[{"embeddable":true,"href":"https:\/\/agora.xtec.cat\/ielesvinyes\/wp-json\/wp\/v2\/media\/3671"}],"wp:attachment":[{"href":"https:\/\/agora.xtec.cat\/ielesvinyes\/wp-json\/wp\/v2\/media?parent=3670"}],"wp:term":[{"taxonomy":"category","embeddable":true,"href":"https:\/\/agora.xtec.cat\/ielesvinyes\/wp-json\/wp\/v2\/categories?post=3670"},{"taxonomy":"post_tag","embeddable":true,"href":"https:\/\/agora.xtec.cat\/ielesvinyes\/wp-json\/wp\/v2\/tags?post=3670"}],"curies":[{"name":"wp","href":"https:\/\/api.w.org\/{rel}","templated":true}]}}