{"id":3645,"date":"2019-02-28T13:02:00","date_gmt":"2019-02-28T12:02:00","guid":{"rendered":"http:\/\/agora.xtec.cat\/ielesvinyes\/?p=3645"},"modified":"2022-09-28T07:08:05","modified_gmt":"2022-09-28T05:08:05","slug":"intervenim-les-binyes-amb-b-de-brossa","status":"publish","type":"post","link":"https:\/\/agora.xtec.cat\/ielesvinyes\/general\/intervenim-les-binyes-amb-b-de-brossa\/","title":{"rendered":"Intervenim Les Binyes amb B de Brossa"},"content":{"rendered":"<p style=\"text-align: right;\"><span style=\"font-weight: 400;\">\u201cLes coses importants s\u2019aprenen, per\u00f2 no s\u2019ensenyen\u201d<br \/>\n<\/span><span style=\"font-weight: 400;\">Joan Brossa<\/span><\/p>\n<p style=\"text-align: justify;\"><span style=\"font-weight: 400;\">El projecte Intervenim \u00e9s ja un cl\u00e0ssic a Les Vinyes. Des de fa alguns cursos, els nois i les noies de segon d\u2019ESO transformen l\u2019espai, el del centre i el del poble, amb les seves creacions art\u00edstiques i amb la seva paraula. El cam\u00ed que els porta est\u00e0 ple de preguntes sobre l\u2019art, sobre la creaci\u00f3, sobre la seva manera de veure el m\u00f3n&#8230; i tamb\u00e9 de centenars de temptatives de resposta. <\/span><\/p>\n<p style=\"text-align: justify;\"><span style=\"font-weight: 400;\">Aquest any el projecte l\u2019hem fet acompanyats de Joan Brossa, poeta i artista catal\u00e0, de qui aquest 2019 celebrem 100 anys del seu naixement. La for\u00e7a i la claredat de les seves imatges, la diversitat de llenguatges expressius i el to festiu i reivindicatiu de la seva obra ens ha ajudat a eixamplar les possibilitats de creaci\u00f3.<\/span><\/p>\n<p style=\"text-align: justify;\"><span style=\"font-weight: 400;\">En di\u00e0leg amb Brossa els nois i les noies tenien el repte de crear una obra propia amb la que expressar alguna cosa important del que viuen i veuen quan miren al m\u00f3n. Sols per aix\u00f2 ja paga la pena el trajecte: les seves obres parlen del que els preocupa, del que somien, del que els indigna i, tamb\u00e9 del que els meravella.<\/span><\/p>\n<div id='gallery-1' class='gallery galleryid-3645 gallery-columns-2 gallery-size-full'><figure class='gallery-item'>\n\t\t\t<div class='gallery-icon landscape'>\n\t\t\t\t<a href='https:\/\/agora.xtec.cat\/ielesvinyes\/general\/intervenim-les-binyes-amb-b-de-brossa\/attachment\/brossa2\/'><img loading=\"lazy\" decoding=\"async\" width=\"640\" height=\"320\" src=\"https:\/\/agora.xtec.cat\/ielesvinyes\/wp-content\/uploads\/usu1433\/2019\/02\/brossa2.jpg\" class=\"attachment-full size-full\" alt=\"\" srcset=\"https:\/\/agora.xtec.cat\/ielesvinyes\/wp-content\/uploads\/usu1433\/2019\/02\/brossa2.jpg 640w, https:\/\/agora.xtec.cat\/ielesvinyes\/wp-content\/uploads\/usu1433\/2019\/02\/brossa2-300x150.jpg 300w\" sizes=\"auto, (max-width: 640px) 100vw, 640px\" \/><\/a>\n\t\t\t<\/div><\/figure><figure class='gallery-item'>\n\t\t\t<div class='gallery-icon landscape'>\n\t\t\t\t<a href='https:\/\/agora.xtec.cat\/ielesvinyes\/general\/intervenim-les-binyes-amb-b-de-brossa\/attachment\/brossa1\/'><img loading=\"lazy\" decoding=\"async\" width=\"640\" height=\"303\" src=\"https:\/\/agora.xtec.cat\/ielesvinyes\/wp-content\/uploads\/usu1433\/2019\/02\/brossa1-e1551355231101.jpg\" class=\"attachment-full size-full\" alt=\"\" \/><\/a>\n\t\t\t<\/div><\/figure>\n\t\t<\/div>\n\n<p style=\"text-align: justify;\"><span style=\"font-weight: 400;\"><em>El cartell que donava la benvinguda a la nostra exposici\u00f3 va ser elaborat per l\u2019alumnat de 2on d\u2019ESO i els nens i les nenes de cinc anys. La creaci\u00f3 conjunta ens va regalar una experi\u00e8ncia que no oblidarem.<\/em>\u00a0<\/span><\/p>\n<p style=\"text-align: justify;\"><span style=\"font-weight: 400;\">El projecte s\u2019encetava amb la visita d\u2019<\/span><a href=\"http:\/\/albertgusi.com\/\"><span style=\"font-weight: 400;\">Albert Gusi<\/span><\/a><span style=\"font-weight: 400;\">, artista local, pare de l\u2019escola i acompanyant imprescindible d\u2019aquest viatge. Amb ell comen\u00e7\u00e0rem a entendre l\u2019art des d\u2019un lloc nou, per\u00f2 no sols aix\u00f2: el seu saber fer i la seva mirada han aconseguit fer cr\u00e9ixer les obres dels nois i les noies atenent i respectant la seva ess\u00e8ncia. Les converses que cada grup va tenir amb ell per parlar de l\u2019obra han estat imprescindibles durant el proc\u00e9s. En les preguntes, en les sugger\u00e8ncies i en el di\u00e0leg amb Albert, hem trobat un impuls i un puntal per a la creaci\u00f3. Des d\u2019aqu\u00ed, un cop m\u00e9s, volem donar-li les gr\u00e0cies pel seu temps i per compartir amb tots nosaltres tants sabers i tant d\u2019art. Ha estat un immens plaer. <\/span><\/p>\n<p style=\"text-align: justify;\"><span style=\"font-weight: 400;\">La <\/span><a href=\"http:\/\/www.fundaciojoanbrossa.cat\/\"><span style=\"font-weight: 400;\">Fundaci\u00f3 Joan Brossa<\/span><\/a><span style=\"font-weight: 400;\"> i el mag <\/span><a href=\"https:\/\/miquelbraso.com\/\"><span style=\"font-weight: 400;\">Miquel Bras\u00f3<\/span><\/a><span style=\"font-weight: 400;\"> han estat tamb\u00e9 acompanyants destacats d\u2019aquest projecte. Amb en Miquel hem descobert l\u2019art que hi ha en la realitzaci\u00f3 d\u2019un truc de m\u00e0gia, m\u00e9s enll\u00e0 del \u201ctruc\u201d en si i ens ha donat senzilles per\u00f2 efectives eines per a desenvolupar la creativitat de manera sistem\u00e0tica.<\/span><\/p>\n<p style=\"text-align: justify;\"><span style=\"font-weight: 400;\">De la ma de la Fundaci\u00f3 Joan Brossa apreniem a mirar l\u2019art Brossi\u00e0 que hi ha en els carrers del centre de Barcelona i ens obrien les portes de la seu de la fundaci\u00f3 per a resoldre un room scape ambientat en Brossa per con\u00e8ixer de manera l\u00fadica els trets principals de l\u2019obra del genial artista.<\/span><\/p>\n<p style=\"text-align: justify;\"><span style=\"font-weight: 400;\">Algunes de les obres que es van acabar exposant van n\u00e9ixer precisament pels carrers del G\u00f2tic, altres en una conversa a quatre veus, i n\u2019hi ha que \u00e9s un misteri envoltat de \u201cm\u00e0gia\u201d on van comen\u00e7ar a existir.<\/span><\/p>\n<p><a data-flickr-embed='true' href='https:\/\/www.flickr.com\/photos\/ielesvinyes\/albums\/72157706781254844' title='PT22 - Les Binyes amb B de Brossa - 18-19 by Institut-Escola Les Vinyes, on Flickr'><img src='https:\/\/live.staticflickr.com\/7821\/46358020424_7a85506eb1.jpg' width='800' height='600' alt=' '><\/a><script async src='https:\/\/embedr.flickr.com\/assets\/client-code.js' charset='utf-8'><\/script><\/p>\n<p style=\"text-align: justify;\"><span style=\"font-weight: 400;\">Despr\u00e9s de deu dies de treball intens, el passat dimecres, vam tenir el plaer de convidar-nos a la nostra exposici\u00f3: Intervenim les Binyes amb B de Brossa. La nostra escola s\u2019omplia d\u2019art i de les veus de nois i noies que han apr\u00e8s que a vegades els poemes fan llum, i d\u2019altres que la lletra A \u00e9s una porta que obri camins infinits. Nois i noies que han apr\u00e8s que l\u2019art t\u00e9 alguna cosa a veure amb la capacitat de transformar el m\u00f3n: els espais, els racons, els significats de les coses i tamb\u00e9 la manera com ens ho mirem tot plegat. <\/span><\/p>\n<p><img loading=\"lazy\" decoding=\"async\" class=\"irc_mi alignnone\" src=\"http:\/\/www.fundaciojoanbrossa.cat\/Obra_Paraula\/Poema%20objecte,1967.jpg\" alt=\"Resultat d'imatges de poema brossa\" width=\"282\" height=\"256\" data-iml=\"1551344057920\" \/>\u00a0 \u00a0 \u00a0 \u00a0 \u00a0 \u00a0 \u00a0<img loading=\"lazy\" decoding=\"async\" class=\"irc_mi alignnone\" src=\"https:\/\/joanbrossablog.files.wordpress.com\/2015\/01\/aescam_003-_poema_visual_transitable_en_tres_temps.jpg\" alt=\"Resultat d'imatges de porta brossa a poema\" width=\"186\" height=\"238\" data-iml=\"1551344129393\" \/><\/p>\n<p style=\"text-align: justify;\"><span style=\"font-weight: 400;\">Si no vau poder venir, us convidem a veure el <a href=\"https:\/\/youtu.be\/OkmcIssr4b0\">making off<\/a> del proc\u00e9s de treball i el nostre <a href=\"https:\/\/www.flickr.com\/photos\/ielesvinyes\/albums\/72157706781254844\">album de flickr<\/a> amb algunes de les imatges de les nostres creacions d\u2019aquella tarda en qu\u00e8 l\u2019esperit rebel i creatiu de Brossa i dels nois i les noies va intervenir \u201cles Binyes\u201d.<\/span><\/p>\n","protected":false},"excerpt":{"rendered":"<p>\u201cLes coses importants s\u2019aprenen, per\u00f2 no s\u2019ensenyen\u201d Joan Brossa El projecte Intervenim \u00e9s ja un cl\u00e0ssic a Les Vinyes. Des de fa alguns cursos, els nois i les noies de segon d\u2019ESO transformen l\u2019espai, el del centre i el del poble, amb les seves creacions art\u00edstiques i amb la seva paraula. El cam\u00ed que els [&hellip;]<\/p>\n","protected":false},"author":6,"featured_media":0,"comment_status":"open","ping_status":"closed","sticky":false,"template":"","format":"standard","meta":{"_bbp_topic_count":0,"_bbp_reply_count":0,"_bbp_total_topic_count":0,"_bbp_total_reply_count":0,"_bbp_voice_count":0,"_bbp_anonymous_reply_count":0,"_bbp_topic_count_hidden":0,"_bbp_reply_count_hidden":0,"_bbp_forum_subforum_count":0,"site-sidebar-layout":"default","site-content-layout":"","ast-site-content-layout":"","site-content-style":"default","site-sidebar-style":"default","ast-global-header-display":"","ast-banner-title-visibility":"","ast-main-header-display":"","ast-hfb-above-header-display":"","ast-hfb-below-header-display":"","ast-hfb-mobile-header-display":"","site-post-title":"","ast-breadcrumbs-content":"","ast-featured-img":"","footer-sml-layout":"","theme-transparent-header-meta":"","adv-header-id-meta":"","stick-header-meta":"","header-above-stick-meta":"","header-main-stick-meta":"","header-below-stick-meta":"","astra-migrate-meta-layouts":"default","ast-page-background-enabled":"default","ast-page-background-meta":{"desktop":{"background-color":"var(--ast-global-color-4)","background-image":"","background-repeat":"repeat","background-position":"center center","background-size":"auto","background-attachment":"scroll","background-type":"","background-media":"","overlay-type":"","overlay-color":"","overlay-opacity":"","overlay-gradient":""},"tablet":{"background-color":"","background-image":"","background-repeat":"repeat","background-position":"center center","background-size":"auto","background-attachment":"scroll","background-type":"","background-media":"","overlay-type":"","overlay-color":"","overlay-opacity":"","overlay-gradient":""},"mobile":{"background-color":"","background-image":"","background-repeat":"repeat","background-position":"center center","background-size":"auto","background-attachment":"scroll","background-type":"","background-media":"","overlay-type":"","overlay-color":"","overlay-opacity":"","overlay-gradient":""}},"ast-content-background-meta":{"desktop":{"background-color":"var(--ast-global-color-5)","background-image":"","background-repeat":"repeat","background-position":"center center","background-size":"auto","background-attachment":"scroll","background-type":"","background-media":"","overlay-type":"","overlay-color":"","overlay-opacity":"","overlay-gradient":""},"tablet":{"background-color":"var(--ast-global-color-5)","background-image":"","background-repeat":"repeat","background-position":"center center","background-size":"auto","background-attachment":"scroll","background-type":"","background-media":"","overlay-type":"","overlay-color":"","overlay-opacity":"","overlay-gradient":""},"mobile":{"background-color":"var(--ast-global-color-5)","background-image":"","background-repeat":"repeat","background-position":"center center","background-size":"auto","background-attachment":"scroll","background-type":"","background-media":"","overlay-type":"","overlay-color":"","overlay-opacity":"","overlay-gradient":""}},"footnotes":""},"categories":[412,1,358,301],"tags":[],"class_list":["post-3645","post","type-post","status-publish","format-standard","hentry","category-2018-19","category-general","category-projectes-transversals","category-secundaria"],"post_mailing_queue_ids":[],"_links":{"self":[{"href":"https:\/\/agora.xtec.cat\/ielesvinyes\/wp-json\/wp\/v2\/posts\/3645","targetHints":{"allow":["GET"]}}],"collection":[{"href":"https:\/\/agora.xtec.cat\/ielesvinyes\/wp-json\/wp\/v2\/posts"}],"about":[{"href":"https:\/\/agora.xtec.cat\/ielesvinyes\/wp-json\/wp\/v2\/types\/post"}],"author":[{"embeddable":true,"href":"https:\/\/agora.xtec.cat\/ielesvinyes\/wp-json\/wp\/v2\/users\/6"}],"replies":[{"embeddable":true,"href":"https:\/\/agora.xtec.cat\/ielesvinyes\/wp-json\/wp\/v2\/comments?post=3645"}],"version-history":[{"count":3,"href":"https:\/\/agora.xtec.cat\/ielesvinyes\/wp-json\/wp\/v2\/posts\/3645\/revisions"}],"predecessor-version":[{"id":3657,"href":"https:\/\/agora.xtec.cat\/ielesvinyes\/wp-json\/wp\/v2\/posts\/3645\/revisions\/3657"}],"wp:attachment":[{"href":"https:\/\/agora.xtec.cat\/ielesvinyes\/wp-json\/wp\/v2\/media?parent=3645"}],"wp:term":[{"taxonomy":"category","embeddable":true,"href":"https:\/\/agora.xtec.cat\/ielesvinyes\/wp-json\/wp\/v2\/categories?post=3645"},{"taxonomy":"post_tag","embeddable":true,"href":"https:\/\/agora.xtec.cat\/ielesvinyes\/wp-json\/wp\/v2\/tags?post=3645"}],"curies":[{"name":"wp","href":"https:\/\/api.w.org\/{rel}","templated":true}]}}